{"id":5064,"date":"2015-07-16T23:21:30","date_gmt":"2015-07-17T02:21:30","guid":{"rendered":"http:\/\/www.100xd.com.ar\/?p=5064"},"modified":"2015-07-17T17:40:36","modified_gmt":"2015-07-17T20:40:36","slug":"scioli-victoria-es-que-el-circulo-sea-celeste-y-blanco","status":"publish","type":"post","link":"https:\/\/100xd.com.ar\/es\/scioli-victoria-es-que-el-circulo-sea-celeste-y-blanco\/","title":{"rendered":"Scioli &#8220;Victoria es que el c\u00edrculo sea celeste y blanco&#8221;"},"content":{"rendered":"<p>El candidato a presidente por el Frente para la Victoria (FpV), Daniel Scioli,\u00a0destac\u00f3 hoy que &#8220;Victoria es que el c\u00edrculo sea el celeste y blanco. Los colores de un gobierno de todos los argentinos para todos los argentinos&#8221;, durante la denominada Cena del \u201cC\u00edrculo Celeste y Blanco\u201d, con la cual se dio inicio formal a la campa\u00f1a presidencial de la f\u00f3rmula del FpV, Daniel Scioli-Carlos Zannini, en el predio de Costa Salguero.<\/p>\n<p>Scioli agradeci\u00f3 hoy el apoyo de empresarios, pol\u00edticos y referentes la cultura y el deporte, se mostr\u00f3 esperanzando en que \u201cel pueblo argentino\u201d le confiera la posibilidad de llegar a la Casa Rosada y destac\u00f3 que Cristina Fern\u00e1ndez de Kirchner dejar\u00e1 un pa\u00eds \u201cpujante\u201d.<\/p>\n<p><a href=\"http:\/\/www.100xd.com.ar\/wp-content\/uploads\/2015\/07\/scioli-circulo-5.jpg\"><img loading=\"lazy\" decoding=\"async\" class=\"aligncenter size-medium wp-image-5065\" src=\"http:\/\/www.100xd.com.ar\/wp-content\/uploads\/2015\/07\/scioli-circulo-5-300x225.jpg\" alt=\"Scioli Circulo 5 300x225\" width=\"300\" height=\"225\"  title=\"Scioli &quot;Victoria es que el c\u00edrculo sea celeste y blanco&quot;\" \/><\/a><\/p>\n<p>El gobernador bonaerense, en el marco del lanzamiento oficial de la campa\u00f1a del Frente para la Victoria en Costa Salguero junto a su compa\u00f1ero de f\u00f3rmula Carlos Zannini, asegur\u00f3 adem\u00e1s que en distintas circunstancias de su vida se fue \u201cpreparando para aspirar a esta enorme responsabilidad\u201d que espera le sea conferida.<\/p>\n<p>El secretario de Legal y T\u00e9cnica, a su turno, agradeci\u00f3 los distintos apoyos y pidi\u00f3 que no mermen y que, por el contrario, contin\u00faen porque \u201chay que convencer a mucha gente\u201d y deber\u00e1 hacerse conocer.<br \/>\n\u201cPara mi la pol\u00edtica es vocaci\u00f3n de servicio y con Daniel (Scioli) coincidimos en eso\u201d, remarc\u00f3 Zannini.<\/p>\n<p><a href=\"http:\/\/www.100xd.com.ar\/wp-content\/uploads\/2015\/07\/scioli-circulo-4.jpg\"><img loading=\"lazy\" decoding=\"async\" class=\"aligncenter size-medium wp-image-5067\" src=\"http:\/\/www.100xd.com.ar\/wp-content\/uploads\/2015\/07\/scioli-circulo-4-225x300.jpg\" alt=\"Scioli Circulo 4 225x300\" width=\"225\" height=\"300\"  title=\"Scioli &quot;Victoria es que el c\u00edrculo sea celeste y blanco&quot;\" \/><\/a><\/p>\n<p>A la cena estuvieron invitadas unas 4.000 personas que abonaron 10.000 pesos el cubierto, para acompa\u00f1ar y apoyar as\u00ed a la f\u00f3rmula presidencial del FpV.<\/p>\n<p>A las 21, hora del inicio del evento, ya hab\u00edan llegado el jefe de Gabinete, An\u00edbal Fern\u00e1ndez; el secretario General de la presidencia y primer candidato a diputado nacional bonaerense, Eduardo &#8220;Wado&#8221; de Pedro; el diputado nacional Andr\u00e9s Larroque; el senador Juan Manuel Abal Medina y el ministro de Defensa, Agust\u00edn Rossi; entre otros.<\/p>\n<p>El encuentro de la f\u00f3rmula Scioli-Zannini, denominado la \u201cCena del C\u00edrculo Celeste y Blanco\u201d, busc\u00f3 recaudar fondos para la campa\u00f1a y cont\u00f3 con la presencia de empresarios, representantes de la cultura, rectores de universidades, deportistas, dirigentes gremiales y pol\u00edticos.<\/p>\n<p><a href=\"http:\/\/www.100xd.com.ar\/wp-content\/uploads\/2015\/07\/scioli-circulo-2.jpg\"><img loading=\"lazy\" decoding=\"async\" class=\"aligncenter wp-image-5068 size-medium\" src=\"http:\/\/www.100xd.com.ar\/wp-content\/uploads\/2015\/07\/scioli-circulo-2-300x200.jpg\" alt=\"Scioli Circulo 2 300x200\" width=\"300\" height=\"200\"  title=\"Scioli &quot;Victoria es que el c\u00edrculo sea celeste y blanco&quot;\" \/><\/a><\/p>\n<p>&#8220;Tengo el privilegio de integrar junto a Carlos, un hombre inteligente y un gran luchador, una f\u00f3rmula federal que va a defender las banderas de la independencia econ\u00f3mica, la soberan\u00eda pol\u00edtica y la justicia social&#8221;, apunt\u00f3 el mandatario bonaerense al hablar ante los presentes.<\/p>\n<p>Scioli remarc\u00f3 que pretende ser el presidente del &#8220;gran desarrollo nacional&#8221; que complete la etapa que el pa\u00eds inici\u00f3 en 2003 &#8220;primero con N\u00e9stor (Kirchner) y que continu\u00f3 Cristina (Fern\u00e1ndez de Kirchner).<\/p>\n<p>&#8220;Se viene la etapa del desarrollo nacional. Es lo que necesitamos despu\u00e9s de una etapa en la que gracias a N\u00e9stor y Cristina logramos el desendeudamiento y la inclusi\u00f3n&#8221;, subray\u00f3.<\/p>\n<p>El postulante del Frente para la Victoria asegur\u00f3 que gobernar\u00e1 el pa\u00eds desde los preceptos de &#8220;tierra, trabajo y techo, expresados recientemente por el papa Francisco durante la reciente gira que llev\u00f3 a cabo por Ecuador, Bolivia y Paraguay.<\/p>\n<p>&#8220;Los convoco a emprender el camino de la producci\u00f3n, el trabajo y la industrializaci\u00f3n. En el marco de un pa\u00eds que se integra con latinoam\u00e9rica y el mundo&#8221;, enfatiz\u00f3.<\/p>\n<p>Antes, Carlos Zannini record\u00f3 que la tarea de la militancia del Frente para la Victoria de cara a esta elecci\u00f3n es evitar que \u201ceste camino no quede trunco\u201d.<\/p>\n<p>\u201cLa tarea de todos los d\u00edas se hace con el coraz\u00f3n en la mano y siendo feliz. Solo de esa manera se puede dar generar felicidad en los dem\u00e1s. La funci\u00f3n p\u00fablica es un punto de servicio a los dem\u00e1s\u201d, expres\u00f3.<\/p>\n<p>En uno de los pasajes m\u00e1s salientes de su alocuci\u00f3n, admiti\u00f3 sus diferencias con Scioli, pero aclar\u00f3 que en \u201cpol\u00edtica muchas veces se construye desde la diversidad\u201d.<\/p>\n<p>\u201cDaniel y yo no somos iguales. Somos parte de un proyecto que sabe sacar lo mejor de cada uno. Vienen muy buenas horas para los argentinos. Quien llegue a la presidencia encontrar\u00e1 m\u00e1s poder de decisi\u00f3n que el que tuvo el este gobierno cuando lleg\u00f3\u201d, recalc\u00f3.<\/p>\n<p>Scioli habl\u00f3 por espacio de media hora ante una nutrida concurrencia de m\u00e1s de 4000\u00a0invitados, entre la que se destacaron figuras del deporte como el ex jugador de Boca Carlos &#8216;Chino&#8217; Tapia, el nadador Jos\u00e9 Meolans y la boxeadora Y\u00e9sica Bopp, entre otros.<\/p>\n<p>La decoraci\u00f3n del ambiente estuvo matizada por los colores celeste y blanco, con flores colgantes y varias pantallas en las que se le\u00eda el lema: \u201cScioli- Zannini para la victoria\u201d.<\/p>\n<p>El encuentro comenz\u00f3 con la actuaci\u00f3n del d\u00fao Pimpinela y luego sigui\u00f3 la interpretaci\u00f3n que realiz\u00f3 la cantante Nacha Guevara del tema \u201cNo llores por m\u00ed Argentina\u201d.<\/p>\n<p><a href=\"http:\/\/www.100xd.com.ar\/wp-content\/uploads\/2015\/07\/scioli-circulo-6.jpg\"><img loading=\"lazy\" decoding=\"async\" class=\"aligncenter size-medium wp-image-5069\" src=\"http:\/\/www.100xd.com.ar\/wp-content\/uploads\/2015\/07\/scioli-circulo-6-300x225.jpg\" alt=\"Scioli Circulo 6 300x225\" width=\"300\" height=\"225\"  title=\"Scioli &quot;Victoria es que el c\u00edrculo sea celeste y blanco&quot;\" \/><\/a><\/p>\n<p>&nbsp;<\/p>","protected":false},"excerpt":{"rendered":"<p>El candidato a presidente por el Frente para la Victoria (FpV), Daniel Scioli,\u00a0destac\u00f3 hoy que &#8220;Victoria es que el c\u00edrculo sea el celeste y blanco. Los colores de un gobierno de todos los argentinos para todos los argentinos&#8221;, durante la denominada Cena del \u201cC\u00edrculo Celeste y Blanco\u201d, con la cual se dio inicio formal a [&hellip;]<\/p>\n","protected":false},"author":4,"featured_media":0,"comment_status":"open","ping_status":"open","sticky":false,"template":"","format":"standard","meta":{"site-sidebar-layout":"default","site-content-layout":"","ast-site-content-layout":"default","site-content-style":"default","site-sidebar-style":"default","ast-global-header-display":"","ast-banner-title-visibility":"","ast-main-header-display":"","ast-hfb-above-header-display":"","ast-hfb-below-header-display":"","ast-hfb-mobile-header-display":"","site-post-title":"","ast-breadcrumbs-content":"","ast-featured-img":"","footer-sml-layout":"","ast-disable-related-posts":"","theme-transparent-header-meta":"","adv-header-id-meta":"","stick-header-meta":"","header-above-stick-meta":"","header-main-stick-meta":"","header-below-stick-meta":"","astra-migrate-meta-layouts":"default","ast-page-background-enabled":"default","ast-page-background-meta":{"desktop":{"background-color":"","background-image":"","background-repeat":"repeat","background-position":"center center","background-size":"auto","background-attachment":"scroll","background-type":"","background-media":"","overlay-type":"","overlay-color":"","overlay-opacity":"","overlay-gradient":""},"tablet":{"background-color":"","background-image":"","background-repeat":"repeat","background-position":"center center","background-size":"auto","background-attachment":"scroll","background-type":"","background-media":"","overlay-type":"","overlay-color":"","overlay-opacity":"","overlay-gradient":""},"mobile":{"background-color":"","background-image":"","background-repeat":"repeat","background-position":"center center","background-size":"auto","background-attachment":"scroll","background-type":"","background-media":"","overlay-type":"","overlay-color":"","overlay-opacity":"","overlay-gradient":""}},"ast-content-background-meta":{"desktop":{"background-color":"var(--ast-global-color-5)","background-image":"","background-repeat":"repeat","background-position":"center center","background-size":"auto","background-attachment":"scroll","background-type":"","background-media":"","overlay-type":"","overlay-color":"","overlay-opacity":"","overlay-gradient":""},"tablet":{"background-color":"var(--ast-global-color-5)","background-image":"","background-repeat":"repeat","background-position":"center center","background-size":"auto","background-attachment":"scroll","background-type":"","background-media":"","overlay-type":"","overlay-color":"","overlay-opacity":"","overlay-gradient":""},"mobile":{"background-color":"var(--ast-global-color-5)","background-image":"","background-repeat":"repeat","background-position":"center center","background-size":"auto","background-attachment":"scroll","background-type":"","background-media":"","overlay-type":"","overlay-color":"","overlay-opacity":"","overlay-gradient":""}},"footnotes":""},"categories":[1],"tags":[502,1520,444,877],"class_list":["post-5064","post","type-post","status-publish","format-standard","hentry","category-sin-categoria","tag-campana","tag-costa-salguero","tag-scioli","tag-zannini"],"spectra_blocks_featured_image_url":null,"spectra_blocks_author_info":{"display_name":"Facundo Novillo","avatar_url":"https:\/\/secure.gravatar.com\/avatar\/09745bc65ce6bf84291d6515d5f759c04b4fce4f329b8a975a8ac2982b552d3e?s=96&d=mm&r=g","author_link":"https:\/\/100xd.com.ar\/es\/author\/facundo\/","description":""},"_links":{"self":[{"href":"https:\/\/100xd.com.ar\/es\/wp-json\/wp\/v2\/posts\/5064","targetHints":{"allow":["GET"]}}],"collection":[{"href":"https:\/\/100xd.com.ar\/es\/wp-json\/wp\/v2\/posts"}],"about":[{"href":"https:\/\/100xd.com.ar\/es\/wp-json\/wp\/v2\/types\/post"}],"author":[{"embeddable":true,"href":"https:\/\/100xd.com.ar\/es\/wp-json\/wp\/v2\/users\/4"}],"replies":[{"embeddable":true,"href":"https:\/\/100xd.com.ar\/es\/wp-json\/wp\/v2\/comments?post=5064"}],"version-history":[{"count":1,"href":"https:\/\/100xd.com.ar\/es\/wp-json\/wp\/v2\/posts\/5064\/revisions"}],"predecessor-version":[{"id":5071,"href":"https:\/\/100xd.com.ar\/es\/wp-json\/wp\/v2\/posts\/5064\/revisions\/5071"}],"wp:attachment":[{"href":"https:\/\/100xd.com.ar\/es\/wp-json\/wp\/v2\/media?parent=5064"}],"wp:term":[{"taxonomy":"category","embeddable":true,"href":"https:\/\/100xd.com.ar\/es\/wp-json\/wp\/v2\/categories?post=5064"},{"taxonomy":"post_tag","embeddable":true,"href":"https:\/\/100xd.com.ar\/es\/wp-json\/wp\/v2\/tags?post=5064"}],"curies":[{"name":"wp","href":"https:\/\/api.w.org\/{rel}","templated":true}]}}