{"id":50555,"date":"2021-01-25T10:19:44","date_gmt":"2021-01-25T13:19:44","guid":{"rendered":"http:\/\/www.100xd.com.ar\/?p=50555"},"modified":"2021-01-25T10:19:50","modified_gmt":"2021-01-25T13:19:50","slug":"coronavirus-nicolas-kreplak-alerto-por-una-segunda-ola-de-enorme-magnitud-en-el-invierno","status":"publish","type":"post","link":"https:\/\/100xd.com.ar\/es\/coronavirus-nicolas-kreplak-alerto-por-una-segunda-ola-de-enorme-magnitud-en-el-invierno\/","title":{"rendered":"Coronavirus: Nicol\u00e1s Kreplak alert\u00f3 por una segunda ola de &#8220;enorme magnitud&#8221; en el invierno"},"content":{"rendered":"<p class=\"capital\">El viceministro de Salud de la provincia de Buenos Aires,<b>\u00a0Nicol\u00e1s Kreplak,<\/b>\u00a0alert\u00f3 sobre\u00a0<b>una &#8220;segunda ola&#8221; de coronavirus en el invierno,\u00a0<\/b>que -estim\u00f3- ser\u00e1\u00a0<b><\/b>&#8220;de una enorme magnitud&#8221;, y repar\u00f3 en la importancia de\u00a0<b>vacunar a las personas de riesgo.<\/b><\/p>\n<p>&#8220;Tenemos muchos casos y el rebrote que vimos a fin de a\u00f1o es preocupante, porque muestra que, cuando no hay cuidado, podemos subir aunque estemos en pleno calor&#8221;, sostuvo el viceministro sobre\u00a0<a class=\"link\" href=\"https:\/\/www.lanacion.com.ar\/sociedad\/coronavirus-con-contagios-al-nivel-del-pico-nid2577196\">los contagios en el \u00e1rea metropolitana de Buenos Aires (AMBA).<\/a>&#8220;Eso habla de una segunda ola del invierno que seguramente va a ser de una enorme magnitud&#8221;, complet\u00f3 Kreplak, en di\u00e1logo con Radio 10.<\/p>\n<div class=\"link-boton\"><a href=\"https:\/\/www.lanacion.com.ar\/economia\/para-foro-davos-argentina-tuvo-peores-resultados-nid2581108\"><span class=\"texto\">Coronavirus: para el Foro de Davos, la Argentina tuvo uno de los peores resultados en la lucha contra el Covid-19<\/span><\/a><\/div>\n<p>&#8220;El tema es que lleguemos con las personas de riesgo vacunadas; cosa de que, si tenemos una gran magnitud de contagiados, no haya letalidad&#8221;, consider\u00f3 el funcionario bonaerense. E insisti\u00f3: &#8220;Si recibimos en las pr\u00f3ximas semanas cuatro millones de dosis,\u00a0<b>vamos a tener m\u00e1s vacunas que inscriptos.<\/b>\u00a0Necesitamos que todo el mundo se inscriba as\u00ed podemos vacunar primero a las personas de m\u00e1s riesgo&#8221;.<\/p>\n<p>En ese sentido, Kreplak destac\u00f3\u00a0<a class=\"link\" href=\"https:\/\/www.lanacion.com.ar\/politica\/coronavirus-argentina-el-particular-barbijo-uso-cristina-nid2581015\">la vacunaci\u00f3n de Cristina Kirchner<\/a>\u00a0y consider\u00f3 que, en t\u00e9rmino de inscripciones, el accionar p\u00fablico de la vicepresidenta<b>\u00a0&#8220;sirve&#8221; para fomentar una mayor concurrencia.<\/b><\/p>\n<div class=\"link-boton\"><a href=\"https:\/\/www.lanacion.com.ar\/el-mundo\/coronavirus-maduro-anuncio-tiene-cura-covid-19-nid2581118\"><span class=\"texto\">&#8220;Goticas milagrosas&#8221;: Nicol\u00e1s Maduro anunci\u00f3 que tiene la cura para el Covid-19<\/span><\/a><\/div>\n<p>Kreplak,\u00a0<b>quien le aplic\u00f3 la dosis a Cristina,\u00a0<\/b>calific\u00f3 como &#8220;un orgullo&#8221; que ella haya elegido vacunarse &#8220;en un hospital p\u00fablico de la provincia de Buenos Aires&#8221;, por\u00a0<b>el Hospital &#8220;Presidente Per\u00f3n&#8221;,\u00a0<\/b>ubicado en la localidad de Sarand\u00ed, Avellaneda.<\/p>\n<p>&#8220;<b>La vacunaci\u00f3n es un acto solidario y de amor colectivo<\/b>\u00a0que Cristina demuestra, una vez m\u00e1s, que los tiene para con el pueblo&#8221;, resalt\u00f3 el viceministro.<\/p>\n<p>En la entrevista, Kreplak minimiz\u00f3 los efectos adversos de la vacuna y cont\u00f3 su propia experiencia. Tanto \u00e9l como el Gobernador bonaerense, Axel Kicillof, ya se dieron la primera dosis. &#8220;Cuando me la apliqu\u00e9 tuve un poco de dolor muscular por la noche, como si me hubiese estado por subir la fiebre, pero enseguida se pas\u00f3&#8221;, relat\u00f3. Y sigui\u00f3: &#8220;Algunos tienen que tomar un analg\u00e9sico, no m\u00e1s que eso.\u00a0<b>Tenemos un seguimiento de los efectos adversos\u00a0<\/b>y llamamos por tel\u00e9fono a parte de la poblaci\u00f3n&#8221;.<\/p>\n<p>Fuente: <a href=\"https:\/\/www.lanacion.com.ar\/\">La Naci\u00f3n<\/a><\/p>","protected":false},"excerpt":{"rendered":"<p>El viceministro de Salud de la provincia de Buenos Aires,\u00a0Nicol\u00e1s Kreplak,\u00a0alert\u00f3 sobre\u00a0una &#8220;segunda ola&#8221; de coronavirus en el invierno,\u00a0que -estim\u00f3- ser\u00e1\u00a0&#8220;de una enorme magnitud&#8221;, y repar\u00f3 en la importancia de\u00a0vacunar a las personas de riesgo. &#8220;Tenemos muchos casos y el rebrote que vimos a fin de a\u00f1o es preocupante, porque muestra que, cuando no hay [&hellip;]<\/p>\n","protected":false},"author":9,"featured_media":0,"comment_status":"open","ping_status":"open","sticky":false,"template":"","format":"standard","meta":{"site-sidebar-layout":"default","site-content-layout":"","ast-site-content-layout":"default","site-content-style":"default","site-sidebar-style":"default","ast-global-header-display":"","ast-banner-title-visibility":"","ast-main-header-display":"","ast-hfb-above-header-display":"","ast-hfb-below-header-display":"","ast-hfb-mobile-header-display":"","site-post-title":"","ast-breadcrumbs-content":"","ast-featured-img":"","footer-sml-layout":"","ast-disable-related-posts":"","theme-transparent-header-meta":"","adv-header-id-meta":"","stick-header-meta":"","header-above-stick-meta":"","header-main-stick-meta":"","header-below-stick-meta":"","astra-migrate-meta-layouts":"default","ast-page-background-enabled":"default","ast-page-background-meta":{"desktop":{"background-color":"","background-image":"","background-repeat":"repeat","background-position":"center center","background-size":"auto","background-attachment":"scroll","background-type":"","background-media":"","overlay-type":"","overlay-color":"","overlay-opacity":"","overlay-gradient":""},"tablet":{"background-color":"","background-image":"","background-repeat":"repeat","background-position":"center center","background-size":"auto","background-attachment":"scroll","background-type":"","background-media":"","overlay-type":"","overlay-color":"","overlay-opacity":"","overlay-gradient":""},"mobile":{"background-color":"","background-image":"","background-repeat":"repeat","background-position":"center center","background-size":"auto","background-attachment":"scroll","background-type":"","background-media":"","overlay-type":"","overlay-color":"","overlay-opacity":"","overlay-gradient":""}},"ast-content-background-meta":{"desktop":{"background-color":"var(--ast-global-color-5)","background-image":"","background-repeat":"repeat","background-position":"center center","background-size":"auto","background-attachment":"scroll","background-type":"","background-media":"","overlay-type":"","overlay-color":"","overlay-opacity":"","overlay-gradient":""},"tablet":{"background-color":"var(--ast-global-color-5)","background-image":"","background-repeat":"repeat","background-position":"center center","background-size":"auto","background-attachment":"scroll","background-type":"","background-media":"","overlay-type":"","overlay-color":"","overlay-opacity":"","overlay-gradient":""},"mobile":{"background-color":"var(--ast-global-color-5)","background-image":"","background-repeat":"repeat","background-position":"center center","background-size":"auto","background-attachment":"scroll","background-type":"","background-media":"","overlay-type":"","overlay-color":"","overlay-opacity":"","overlay-gradient":""}},"footnotes":""},"categories":[25],"tags":[],"class_list":["post-50555","post","type-post","status-publish","format-standard","hentry","category-destacado"],"spectra_blocks_featured_image_url":null,"spectra_blocks_author_info":{"display_name":"Jorge Alfredo Baret","avatar_url":"https:\/\/secure.gravatar.com\/avatar\/31696f5ca83439b642450ec7d3f82f98451a5efacb414343d5478c982b337f26?s=96&d=mm&r=g","author_link":"https:\/\/100xd.com.ar\/es\/author\/jorge\/","description":"Ingeniero Qu\u00edmico UTN - Director Apoderado de Comunicaciones Auditadas SA. Editor Responsable 100xd.com.ar."},"_links":{"self":[{"href":"https:\/\/100xd.com.ar\/es\/wp-json\/wp\/v2\/posts\/50555","targetHints":{"allow":["GET"]}}],"collection":[{"href":"https:\/\/100xd.com.ar\/es\/wp-json\/wp\/v2\/posts"}],"about":[{"href":"https:\/\/100xd.com.ar\/es\/wp-json\/wp\/v2\/types\/post"}],"author":[{"embeddable":true,"href":"https:\/\/100xd.com.ar\/es\/wp-json\/wp\/v2\/users\/9"}],"replies":[{"embeddable":true,"href":"https:\/\/100xd.com.ar\/es\/wp-json\/wp\/v2\/comments?post=50555"}],"version-history":[{"count":1,"href":"https:\/\/100xd.com.ar\/es\/wp-json\/wp\/v2\/posts\/50555\/revisions"}],"predecessor-version":[{"id":50557,"href":"https:\/\/100xd.com.ar\/es\/wp-json\/wp\/v2\/posts\/50555\/revisions\/50557"}],"wp:attachment":[{"href":"https:\/\/100xd.com.ar\/es\/wp-json\/wp\/v2\/media?parent=50555"}],"wp:term":[{"taxonomy":"category","embeddable":true,"href":"https:\/\/100xd.com.ar\/es\/wp-json\/wp\/v2\/categories?post=50555"},{"taxonomy":"post_tag","embeddable":true,"href":"https:\/\/100xd.com.ar\/es\/wp-json\/wp\/v2\/tags?post=50555"}],"curies":[{"name":"wp","href":"https:\/\/api.w.org\/{rel}","templated":true}]}}