{"id":49802,"date":"2021-01-04T11:58:30","date_gmt":"2021-01-04T14:58:30","guid":{"rendered":"http:\/\/www.100xd.com.ar\/?p=49802"},"modified":"2021-01-04T11:58:35","modified_gmt":"2021-01-04T14:58:35","slug":"mauricio-macri-el-opositor-part-time","status":"publish","type":"post","link":"https:\/\/100xd.com.ar\/es\/mauricio-macri-el-opositor-part-time\/","title":{"rendered":"Mauricio Macri: el opositor part time"},"content":{"rendered":"<p>En las caminatas por las calles de ripio del country Cumel\u00e9n, rodeado por el paisaje agreste de la Patagonia, Mauricio Macri tiene tiempo de pensar en lo que fue y en lo que ser\u00e1 de su vida. En ese lugar del mundo tiene lo m\u00e1s preciado del lujo: no se trata de mansiones suntuosas ni de autos o camionetas de pel\u00edculas. Lo que m\u00e1s valora es la privacidad.<\/p>\n<p>Entre los muros del exclusivo club, ubicado a pocos kil\u00f3metros de Villa La Angostura, el ex presidente no est\u00e1 de campa\u00f1a, no necesita ir mascullando alguna declaraci\u00f3n pol\u00edtica por si alguien lo aborda, ni sonre\u00edr sin ganas para alguna selfie cholula. Ah\u00ed Macri es Mauricio. Y Mauricio necesita tiempo para decidir qu\u00e9 quiere para su futuro.<\/p>\n<p>Mientras tanto reparte sus d\u00edas haciendo actividades f\u00edsicas y en reuniones sociales con amigos. \u201cLe gusta m\u00e1s el deporte que el lago\u201d, dice una vecina. Es que Macri no suele embarcarse para pasear. Lo suyo es el golf, el f\u00fatbol o el paddle, que practica con sus hijos. \u201cEllos la rompen jugando\u201d, agrega la lugare\u00f1a.<\/p>\n<div class=\"media noticia-relacionada row\">\n<div class=\"content-related media\">\n<picture><source srcset=\"https:\/\/fotos.perfil.com\/2020\/12\/29\/trim\/64\/64\/los-posteos-de-juliana-awada-1106947.jpg?format=webp\" type=\"image\/webp\" data-srcset=\"https:\/\/fotos.perfil.com\/2020\/12\/29\/trim\/64\/64\/los-posteos-de-juliana-awada-1106947.jpg?format=webp\" \/><img decoding=\"async\" class=\"lazyload align-self-center m-1 mr-3 loaded\" src=\"https:\/\/via.placeholder.com\/64x64?text=NOTICIAS\" srcset=\"https:\/\/fotos.perfil.com\/2020\/12\/29\/trim\/64\/64\/los-posteos-de-juliana-awada-1106947.jpg\" alt=\"Los posteos de Juliana Awada\" data-srcset=\"https:\/\/fotos.perfil.com\/2020\/12\/29\/trim\/64\/64\/los-posteos-de-juliana-awada-1106947.jpg\" data-was-processed=\"true\"  title=\"Mauricio Macri: el opositor part time\" \/><\/picture>\n<div class=\"flex-shrink-1\">\n<h6><a title=\"En la burbuja de Juliana Awada\" href=\"https:\/\/noticias.perfil.com\/noticias\/opinion\/en-la-burbuja-de-juliana-awada.phtml\">Le\u00e9 tambi\u00e9n<\/a><\/h6>\n<h5><a title=\"En la burbuja de Juliana Awada\" href=\"https:\/\/noticias.perfil.com\/noticias\/opinion\/en-la-burbuja-de-juliana-awada.phtml\">EN LA BURBUJA DE JULIANA AWADA<\/a><\/h5>\n<\/div>\n<\/div>\n<div class=\"banner-related flex-shrink-1\"><\/div>\n<\/div>\n<p>Cuando no est\u00e1 en alguna de las actividades de ocio se compenetra con el celular para hablar de pol\u00edtica con su entorno \u00edntimo, para participar por Zoom de alguna actividad previamente acordada o para dejar un mensaje en sus redes sociales. Adem\u00e1s, claro, de jugar al bridge online, su debilidad. El resto del tiempo, el ex presidente piensa.<\/p>\n<p>Se hace preguntas. Busca las respuestas que a\u00fan no pudo encontrar sobre su destino pol\u00edtico. Este 2020 no sali\u00f3 como \u00e9l esperaba. Estuvo ausente de la vida p\u00fablica durante diez meses, luego de regresar al llano, y dos meses despu\u00e9s de su reaparici\u00f3n decidi\u00f3 volver a viajar: a mitad de diciembre parti\u00f3 hacia la Patagonia y reci\u00e9n estar\u00e1 de regreso en Buenos Aires a fines de enero.<\/p>\n<div class=\"media noticia-relacionada row\">\n<div class=\"content-related media\">\n<picture><source srcset=\"https:\/\/fotos.perfil.com\/2020\/12\/20\/trim\/64\/64\/alberto-con-cristina-y-macri-con-larreta-1103521.jpg?format=webp\" type=\"image\/webp\" data-srcset=\"https:\/\/fotos.perfil.com\/2020\/12\/20\/trim\/64\/64\/alberto-con-cristina-y-macri-con-larreta-1103521.jpg?format=webp\" \/><img decoding=\"async\" class=\"lazyload align-self-center m-1 mr-3 loaded\" src=\"https:\/\/via.placeholder.com\/64x64?text=NOTICIAS\" srcset=\"https:\/\/fotos.perfil.com\/2020\/12\/20\/trim\/64\/64\/alberto-con-cristina-y-macri-con-larreta-1103521.jpg\" alt=\"Alberto con Cristina y Macri con Larreta\" data-srcset=\"https:\/\/fotos.perfil.com\/2020\/12\/20\/trim\/64\/64\/alberto-con-cristina-y-macri-con-larreta-1103521.jpg\" data-was-processed=\"true\"  title=\"Mauricio Macri: el opositor part time\" \/><\/picture>\n<div class=\"flex-shrink-1\">\n<h6><a title=\"Encuesta exclusiva: los 100 m\u00e1s influyentes del 2020\" href=\"https:\/\/noticias.perfil.com\/noticias\/politica\/encuesta-exclusiva-los-100-mas-influyentes-del-2020.phtml\">Le\u00e9 tambi\u00e9n<\/a><\/h6>\n<h5><a title=\"Encuesta exclusiva: los 100 m\u00e1s influyentes del 2020\" href=\"https:\/\/noticias.perfil.com\/noticias\/politica\/encuesta-exclusiva-los-100-mas-influyentes-del-2020.phtml\">ENCUESTA EXCLUSIVA: LOS 100 M\u00c1S INFLUYENTES DEL 2020<\/a><\/h5>\n<\/div>\n<\/div>\n<div class=\"banner-related flex-shrink-1\"><\/div>\n<\/div>\n<p>En octubre, cuando se decidi\u00f3 a romper el silencio, en una entrevista con el periodista Joaqu\u00edn Morales Sol\u00e1, crey\u00f3 que se volver\u00eda a imponer como el l\u00edder indicutido de la oposici\u00f3n. No lo consigui\u00f3: cosech\u00f3 elogios, pero tambi\u00e9n cr\u00edticas. Y adem\u00e1s, a esa altura ya le hab\u00eda crecido un competidor en su propio espacio, Horacio Rodr\u00edguez Larreta.<\/p>\n<p>Al jefe de Gobierno porte\u00f1o lo hab\u00eda subido al ring el presidente Alberto Fern\u00e1ndez. Primero, cuando lo llam\u00f3 \u201camigo\u201d, lo puso a la par. Y luego, cuando vio que el alcalde no paraba de crecer en las encuestas por un manejo prolijo de la cuarentena, lo empez\u00f3 a atacar. Macri necesitaba recuperar terreno. Y en esa primera entrevista tuvo una definici\u00f3n que cay\u00f3 mal en el entorno de Larreta. \u201cVeo con mucha alegr\u00eda el crecimiento y la consolidaci\u00f3n de Horacio, en su primera experiencia sin estar debajo de mi paraguas, en un momento dif\u00edcil. Pobre\u201d. Eso, que fue tomado como un menosprecio, defini\u00f3 los tantos en la relaci\u00f3n que sigue siendo personal, pero mucho m\u00e1s fr\u00eda que la de otros tiempos. Desde entonces, se encuentran en privado cada 15 d\u00edas, lejos de lo que fue aquel t\u00e1ndem que trabajaba codo a codo, a\u00f1os atr\u00e1s.<\/p>\n<div class=\"media noticia-relacionada row\">\n<div class=\"content-related media\">\n<picture><source srcset=\"https:\/\/fotos.perfil.com\/2020\/12\/10\/trim\/64\/64\/fuera-macri-1098240.jpg?format=webp\" type=\"image\/webp\" data-srcset=\"https:\/\/fotos.perfil.com\/2020\/12\/10\/trim\/64\/64\/fuera-macri-1098240.jpg?format=webp\" \/><img decoding=\"async\" class=\"lazyload align-self-center m-1 mr-3 loaded\" src=\"https:\/\/via.placeholder.com\/64x64?text=NOTICIAS\" srcset=\"https:\/\/fotos.perfil.com\/2020\/12\/10\/trim\/64\/64\/fuera-macri-1098240.jpg\" alt=\"Fuera Macri\" data-srcset=\"https:\/\/fotos.perfil.com\/2020\/12\/10\/trim\/64\/64\/fuera-macri-1098240.jpg\" data-was-processed=\"true\"  title=\"Mauricio Macri: el opositor part time\" \/><\/picture>\n<div class=\"flex-shrink-1\">\n<h6><a title=\"C\u00f3mo salir de las crisis permanentes de la Argentina\" href=\"https:\/\/noticias.perfil.com\/noticias\/opinion\/como-salir-de-las-crisis-permanentes-de-la-argentina.phtml\">Le\u00e9 tambi\u00e9n<\/a><\/h6>\n<h5><a title=\"C\u00f3mo salir de las crisis permanentes de la Argentina\" href=\"https:\/\/noticias.perfil.com\/noticias\/opinion\/como-salir-de-las-crisis-permanentes-de-la-argentina.phtml\">C\u00d3MO SALIR DE LAS CRISIS PERMANENTES DE LA ARGENTINA<\/a><\/h5>\n<\/div>\n<\/div>\n<div class=\"banner-related flex-shrink-1\"><\/div>\n<\/div>\n<p>Otro que espera ansioso por saber cu\u00e1l ser\u00e1 su lugar es su ladero, Marcos Pe\u00f1a. El ex jefe de Gabinete intenta acercarse a Larreta para tener m\u00e1s oportunidades, aunque sabe que ya no tendr\u00e1 la autonom\u00eda de otros tiempos para manejar la comunicaci\u00f3n del espacio.<\/p>\n<p>Desde la reaparici\u00f3n de Macri se potenci\u00f3 la idea de los halcones y palomas, definici\u00f3n que algunos aceptan y que otros echan por tierra. \u201cEs una pavada eso. Hay diferencias como en todos lados, pero es parte de una coalici\u00f3n con reglas republicanas y democr\u00e1ticas\u201d, argumentan cerca del ex presidente. Sin embargo, la distancia entre unos y otros es grande.<\/p>\n<p><strong>Analog\u00edas.<\/strong>\u00a0No son pocos los dirigentes de Juntos por el Cambio que comparan el presente y futuro de Macri con el que vivi\u00f3 el ex presidente Carlos Menem en 2003, cuando decidi\u00f3 ser candidato. \u201c\u00bfQui\u00e9nes estaban ah\u00ed al lado? Poquitos. Casi nadie, te dir\u00eda\u201d, recuerda un hombre cercano a uno de los m\u00e1ximos protagonistas de la coalici\u00f3n. Y agrega: \u201cQuedaron las viudas nom\u00e1s\u201d. Hoy, con esa figura, describen a los pocos que se mantienen de manera incondicional entre los halcones. \u201cLas viudas\u201d es la forma despectiva en la que se refieren, en secreto, a Patricia Bullrich y Fernando Iglesias, entre otros.<\/p>\n<p>La ex ministra de Seguridad, mientras tanto, fue la encargada de reunir a Macri y Larreta antes del viaje del ex presidente al Sur. Macri quer\u00eda dejar saldadas las cuentas, por eso insisti\u00f3 en que se vieran, a pesar de que el primer intento qued\u00f3 trunco por problemas de agenda. Larreta se jugaba un punto de coparticipaci\u00f3n en Diputados y eso los ten\u00eda demasiados preocupados como para un encuentro institucional. Entendible. Se pospuso una semana y luego s\u00ed pudieron realizar la cumbre del PRO, el 11 de diciembre en el Centro Asturiano de Vicente L\u00f3pez. La \u00fanica que lo vivi\u00f3 de manera virtual fue Mar\u00eda Eugenia Vidal, que estaba aislada por un contacto estrecho de Covid. Sin embargo cuidaron de que, desde la computadora, tambi\u00e9n apareciera en la foto.<\/p>\n<p>Adem\u00e1s de definir su postura cr\u00edtica ante el Gobierno, y defender a la Corte Suprema en particular y a la Justicia en general del ataque constante que est\u00e1n recibiendo, en esa reuni\u00f3n terminaron de definir posiciones. Macri, como el l\u00edder pol\u00edtico, Larreta como el candidato. Ninguno est\u00e1 demasiado convencido sobre d\u00f3nde terminan los l\u00edmites del otro.<\/p>\n<p>El ex presidente pretende algo tan simple como seguir conservando su cuota de poder a cambio de despejarle el camino a su aliado. \u201cEl candidato es Horacio\u201d, lo escucharon decir en las \u00faltimas semanas. Pero quiere imponerle condiciones para eso: que el m\u00e1ximo referente del espacio siga siendo \u00e9l mismo. \u00bfA Larreta le servir\u00e1 una candidatura \u201capadrinada\u201d? Las encuestas indican que puede solo: es el pol\u00edtico con mejor imagen de la Argentina, con m\u00e1s de 40 puntos, mientras que los n\u00fameros de Macri asustan. M\u00e1s del 50 por ciento de los consultados tiene una percepci\u00f3n negativa del ex presidente.<\/p>\n<p>El jefe de Gobierno, separado desde hace pocas semanas de la wedding planner B\u00e1rbara Diez, est\u00e1 furioso por el espionaje ilegal que, como determin\u00f3 la Justicia, la AFI macrista realiz\u00f3 sobre su vida privada. En esos seguimientos, los agentes apuntaban a una supuesta relaci\u00f3n extramatrimonial de Larreta con una comunera. \u201cUno de los operativos se centr\u00f3 en analizar la relaci\u00f3n existente entre el jefe de Gobierno y Anal\u00eda Palacios, por entonces presidenta de la Comuna 9 de CABA\u201d, escribi\u00f3 el juez en su descripci\u00f3n de los hechos. Desde las oficinas del Gobierno porte\u00f1o dicen que todo es un disparate y que en la separaci\u00f3n con B\u00e1rbara Diez no hubo terceros en discordia.<\/p>\n<p>Lo cierto es que la confianza entre Larreta y Macri se resinti\u00f3 por ese hecho. Todav\u00eda falta saber qui\u00e9nes ser\u00e1n parte del nuevo Juntos por el Cambio. A los peronistas de la coalici\u00f3n, representados por Rogelio Frigerio y Emilio Monz\u00f3, en el sector de Larreta les tienen m\u00e1s estima que en el de Macri. El mismo Mauricio fue quien los acus\u00f3, en un intento de autocr\u00edtica, de los males m\u00e1ximos de su gobierno. \u201cYo la delegu\u00e9 mi ala m\u00e1s pol\u00edtica a filoperonistas tanto en la C\u00e1mara de Diputados como con los gobernadores; yo tendr\u00eda que haber puesto el foco ah\u00ed porque claramente se jugaba mucho en la Argentina en poder convencer\u201d, sentenci\u00f3 en la entrevista con Morales Sol\u00e1. Los acusados no tardaron en responder. De hecho, desde aquel d\u00eda le lanzan dardos cada vez que pueden: al cierre de esta edici\u00f3n, Monz\u00f3 volvi\u00f3 a opinar que \u201cMacri no puede ser candidato\u201d.<\/p>\n<p>En el edificio de calle Uspallata protestan cada vez que los peronistas del espacio chicanean al ex presidente. \u201cSon los \u00fanicos boludos que lo siguen provocando\u201d, dicen. Es que Mauricio se enoja con sus declaraciones y sale a responder. Ese ida y vuelta lo sube al ring de nuevo y provoca que tambalee el acuerdo t\u00e1cito que sostienen.<\/p>\n<p>La distancia entre Macri y el t\u00e1ndem Frigerio- Monz\u00f3 es tan amplia que nadie imagina c\u00f3mo har\u00e1n para seguir formando parte de la misma coalici\u00f3n. Aunque el ex presidente entiende que sin peronistas que socaven la unidad del Frente de Todos, no se puede competir.<\/p>\n<p>De hecho, a ellos ir\u00e1 dedicado una parte de su libro. Ese trabajo que empez\u00f3 una vez que termin\u00f3 la gesti\u00f3n y que tuvo listo a mediados de 2020, pero que por diferentes circunstancias fue demorando su publicaci\u00f3n. Ahora que se avecina un a\u00f1o electoral, en el entorno de Macri desean que sus memorias funcionen como \u201cSinceramente\u201d, el \u00e9xito editorial de Cristina Kirchner, que le sirvi\u00f3 de plataforma en la campa\u00f1a de 2019. La recomendaci\u00f3n de sus colaboradores, que el ex presidente habr\u00eda aceptado, es aguardar hasta marzo para largarlo. Siete meses antes de los sufragios de medio t\u00e9rmino.<\/p>\n<p><strong>Lapicera 2021.\u00a0<\/strong>El tetris de candidatos ya empez\u00f3 a jugarse. La idea original del ala dura del PRO, de que Bullrich y Miguel \u00c1ngel Pichetto encabezar\u00e1n las listas en la Ciudad y la Provincia, respectivamente, naufrag\u00f3 con rapidez. Los \u201cduros\u201d de Macri no tienen consenso en el espacio ahora que el ex presidente est\u00e1 d\u00e9bil y ausente. Por esa raz\u00f3n, la mayor\u00eda de los dirigentes de peso creen que la \u00fanica chance de un triunfo en la Provincia de Buenos Aires est\u00e1 en Mar\u00eda Eugenia Vidal, una hist\u00f3rica aliada de Larreta. El problema es si la ex gobernadora querr\u00e1 volver al territorio que le dio la espalda en 2019.<\/p>\n<p>En la actualidad est\u00e1 afincada en la Capital, adonde se mud\u00f3 a principios de a\u00f1o. Desde el PH de Recoleta que remodel\u00f3, piensa en su futuro. Sabe que, a pesar de la derrota del a\u00f1o pasado y de la ausencia p\u00fablica de este, todav\u00eda cosecha una buena imagen y eso le da margen para elegir: Provincia 2021 o Capital 2023, esa es la cuesti\u00f3n.<\/p>\n<p>Otro que se anota en la carrera es el larretista Diego Santilli, vicejefe de gobierno porte\u00f1o: las legislativas ser\u00edan el trampol\u00edn para candidatearse a gobernador en 2023.<\/p>\n<p>Tambi\u00e9n piden pista algunos de los que fueron intendentes hasta 2019 y alg\u00fan jefe comunal que, privado de una re-reelecci\u00f3n, anticipar\u00eda su paso a la C\u00e1mara de Diputados. P\u00e1rrafo aparte merecen los otros partidos que conforman la alianza opositora. \u00bfCu\u00e1ntas bancas exigir\u00e1 Elisa Carri\u00f3? La ex diputada, que ya anticip\u00f3 que ser\u00e1 candidata otra vez, es siempre una amenaza, sobre todo por su poder de fuego en los medios. Siempre es bueno tenerla de amiga. Macri sinti\u00f3 el rigor tras su reaparici\u00f3n: le hizo un desplante a \u201cLilita\u201d, que le cort\u00f3 el tel\u00e9fono y fue a un estudio de tev\u00e9 a decir: \u201cNo le hablo m\u00e1s\u201d. Pudo haber sido el fin de Juntos por el Cambio, aunque lograron hacer las paces. Larreta, por su parte, tuvo un buen trato en la campa\u00f1a anterior, pero tiene en su entorno dirigentes que a la l\u00edder de la Coalici\u00f3n C\u00edvica no le terminan de cerrar. Monz\u00f3, por ejemplo.<\/p>\n<p>El radicalismo tambi\u00e9n tiene una jugada preparada: ante tanta incertidumbre amarilla, quieren lograr ser cabeza de lista en la mayor cantidad de distritos posibles.<\/p>\n<p>Como l\u00edder pol\u00edtico del PRO \u2013aunque cuestionado\u2013, Macri considera que es quien a\u00fan tiene la lapicera. Pero es una batalla que ya se avecina. \u00bfLograr\u00e1 tener la \u00faltima palabra dentro del espacio que fund\u00f3? Est\u00e1 por verse. Por lo pronto, conf\u00eda en que podr\u00e1 repetir la experiencia del \u00faltimo tramo de la campa\u00f1a 2019. Ese que lo llev\u00f3 a recorrer 30 ciudades en 30 d\u00edas. A\u00fan con la contundente derrota en primera vuelta, entiende que eso se puede rescatar de la experiencia anterior.<\/p>\n<p>De hecho, tanto \u00e9l como los gestores de la movida, entre los que se encuentran Pablo Avelluto y Hern\u00e1n Lombardi, creen que fue un antes y un despu\u00e9s para su espacio: consideran que crearon una fuerza pol\u00edtica con capacidad de pelearle la calle al peronismo. Y sienten, adem\u00e1s, que fue el germen de las marchas que tantos dolores de cabeza le trajeron a Alberto Fern\u00e1ndez durante el primer a\u00f1o de gesti\u00f3n.<\/p>\n<p><strong>Descanso.<\/strong>\u00a0En la \u00faltima semana, antes de partir hacia la Patagonia, Macri hizo un ra\u00edd de reuniones en su oficina de Olivos que incluy\u00f3 tanto a propios, como Pichetto o Paula Bertol, como a extra\u00f1os, porque tambi\u00e9n estuvieron el economista Roberto Cachanosky y el abogado Carlos Maslat\u00f3n, quien seis meses atr\u00e1s hab\u00eda definido al gobierno de su interlocutor como \u201cel peor de la historia\u201d. \u201cEn da\u00f1o econ\u00f3mico es equivalente a lo destruido por Videla y Mart\u00ednez de Hoz\u201d, hab\u00eda escrito en su cuenta de Twitter. Hoy, los liberales se muestran cada vez m\u00e1s cerca del ex presidente.<\/p>\n<p>El 16 de diciembre, Macri parti\u00f3 hacia el Sur. Y all\u00ed tambi\u00e9n hubo pol\u00e9mica. Porque mientras estaba en el aire, sus custodios recib\u00edan la noticia de que la planta asignada al ex presidente ser\u00eda reducida. \u201cEncima sancionaron a los efectivos por no entregar un veh\u00edculo que les hab\u00edan asignado. Est\u00e9 a la altura, Presidente. No haga pol\u00edtica barata contra la oposici\u00f3n\u201d, denunci\u00f3 p\u00fablicamente Bullrich a Alberto Fern\u00e1ndez. La respuesta oficial fue que solo estaban cambiando los veh\u00edculos, pero no los convenci\u00f3.<\/p>\n<p>Lejos de esa pelea, el ex presidente lleg\u00f3 al Sur y se instal\u00f3 en su casa. Desde que est\u00e1 en Cumel\u00e9n, y hasta el cierre de esta edici\u00f3n, no escribi\u00f3 nada en Twitter e hizo un solo posteo en Instagram para saludar a los correntinos, porque \u201cel chamam\u00e9 es Patrimonio de la Humanidad\u201d. Con su ida, otra vez comenzaron a revolearle en las redes sociales los memes y las cargadas por su falta de dedicaci\u00f3n a la pol\u00edtica. \u201cLa fama de harag\u00e1n me la hicieron ustedes, los de \u2018Malicias\u2019 (como \u00e9l llama a esta revista). Nunca lo fui. Toda la gente que me conoce sabe que soy un tipo trabajador\u201d, le dijo una vez, durante una entrevista, a NOTICIAS.<\/p>\n<p>Pero ahora, hasta sus propios correligionarios protestan por su ausencia en un a\u00f1o clave. Hubiese venido bien que Macri ponga el pecho ante tantas cr\u00edticas a la gesti\u00f3n anterior en vez de pasar gran parte del a\u00f1o en la clandestinidad o emprender un glamoroso tour por Europa en el momento m\u00e1s cr\u00edtico de la cuarentena.<\/p>\n<p>Pasaron 66 d\u00edas desde que volvi\u00f3 a irrumpir en la escena p\u00fablica, en octubre, hasta que se march\u00f3 nuevamente. El ex presidente no encontr\u00f3 el camino allanado que pretend\u00eda para convertirse en el l\u00edder de la oposici\u00f3n. Fue un a\u00f1o que quedar\u00e1 en la historia, en la que muchos dirigentes sufrieron un gran desgaste. Por eso, sus viajes por el mundo, que lo mantuvieron ocupado durante la primera etapa del a\u00f1o, ser\u00e1n una factura que muchos le van a seguir pasando. El ex presidente crey\u00f3 que, al volver, podr\u00eda ordenar a la tribu. Pero hoy sobran caciques. Ser pol\u00edtico part-time en un pa\u00eds tan convulsionado como lo es Argentina tiene su precio.<\/p>\n<p>Fuente:<a href=\"https:\/\/noticias.perfil.com\/\"> Revista Noticias<\/a><\/p>","protected":false},"excerpt":{"rendered":"<p>En las caminatas por las calles de ripio del country Cumel\u00e9n, rodeado por el paisaje agreste de la Patagonia, Mauricio Macri tiene tiempo de pensar en lo que fue y en lo que ser\u00e1 de su vida. En ese lugar del mundo tiene lo m\u00e1s preciado del lujo: no se trata de mansiones suntuosas ni [&hellip;]<\/p>\n","protected":false},"author":9,"featured_media":0,"comment_status":"open","ping_status":"open","sticky":false,"template":"","format":"standard","meta":{"site-sidebar-layout":"default","site-content-layout":"","ast-site-content-layout":"default","site-content-style":"default","site-sidebar-style":"default","ast-global-header-display":"","ast-banner-title-visibility":"","ast-main-header-display":"","ast-hfb-above-header-display":"","ast-hfb-below-header-display":"","ast-hfb-mobile-header-display":"","site-post-title":"","ast-breadcrumbs-content":"","ast-featured-img":"","footer-sml-layout":"","ast-disable-related-posts":"","theme-transparent-header-meta":"","adv-header-id-meta":"","stick-header-meta":"","header-above-stick-meta":"","header-main-stick-meta":"","header-below-stick-meta":"","astra-migrate-meta-layouts":"default","ast-page-background-enabled":"default","ast-page-background-meta":{"desktop":{"background-color":"","background-image":"","background-repeat":"repeat","background-position":"center center","background-size":"auto","background-attachment":"scroll","background-type":"","background-media":"","overlay-type":"","overlay-color":"","overlay-opacity":"","overlay-gradient":""},"tablet":{"background-color":"","background-image":"","background-repeat":"repeat","background-position":"center center","background-size":"auto","background-attachment":"scroll","background-type":"","background-media":"","overlay-type":"","overlay-color":"","overlay-opacity":"","overlay-gradient":""},"mobile":{"background-color":"","background-image":"","background-repeat":"repeat","background-position":"center center","background-size":"auto","background-attachment":"scroll","background-type":"","background-media":"","overlay-type":"","overlay-color":"","overlay-opacity":"","overlay-gradient":""}},"ast-content-background-meta":{"desktop":{"background-color":"var(--ast-global-color-5)","background-image":"","background-repeat":"repeat","background-position":"center center","background-size":"auto","background-attachment":"scroll","background-type":"","background-media":"","overlay-type":"","overlay-color":"","overlay-opacity":"","overlay-gradient":""},"tablet":{"background-color":"var(--ast-global-color-5)","background-image":"","background-repeat":"repeat","background-position":"center center","background-size":"auto","background-attachment":"scroll","background-type":"","background-media":"","overlay-type":"","overlay-color":"","overlay-opacity":"","overlay-gradient":""},"mobile":{"background-color":"var(--ast-global-color-5)","background-image":"","background-repeat":"repeat","background-position":"center center","background-size":"auto","background-attachment":"scroll","background-type":"","background-media":"","overlay-type":"","overlay-color":"","overlay-opacity":"","overlay-gradient":""}},"footnotes":""},"categories":[2],"tags":[],"class_list":["post-49802","post","type-post","status-publish","format-standard","hentry","category-politica"],"spectra_blocks_featured_image_url":null,"spectra_blocks_author_info":{"display_name":"Jorge Alfredo Baret","avatar_url":"https:\/\/secure.gravatar.com\/avatar\/31696f5ca83439b642450ec7d3f82f98451a5efacb414343d5478c982b337f26?s=96&d=mm&r=g","author_link":"https:\/\/100xd.com.ar\/es\/author\/jorge\/","description":"Ingeniero Qu\u00edmico UTN - Director Apoderado de Comunicaciones Auditadas SA. Editor Responsable 100xd.com.ar."},"_links":{"self":[{"href":"https:\/\/100xd.com.ar\/es\/wp-json\/wp\/v2\/posts\/49802","targetHints":{"allow":["GET"]}}],"collection":[{"href":"https:\/\/100xd.com.ar\/es\/wp-json\/wp\/v2\/posts"}],"about":[{"href":"https:\/\/100xd.com.ar\/es\/wp-json\/wp\/v2\/types\/post"}],"author":[{"embeddable":true,"href":"https:\/\/100xd.com.ar\/es\/wp-json\/wp\/v2\/users\/9"}],"replies":[{"embeddable":true,"href":"https:\/\/100xd.com.ar\/es\/wp-json\/wp\/v2\/comments?post=49802"}],"version-history":[{"count":2,"href":"https:\/\/100xd.com.ar\/es\/wp-json\/wp\/v2\/posts\/49802\/revisions"}],"predecessor-version":[{"id":49805,"href":"https:\/\/100xd.com.ar\/es\/wp-json\/wp\/v2\/posts\/49802\/revisions\/49805"}],"wp:attachment":[{"href":"https:\/\/100xd.com.ar\/es\/wp-json\/wp\/v2\/media?parent=49802"}],"wp:term":[{"taxonomy":"category","embeddable":true,"href":"https:\/\/100xd.com.ar\/es\/wp-json\/wp\/v2\/categories?post=49802"},{"taxonomy":"post_tag","embeddable":true,"href":"https:\/\/100xd.com.ar\/es\/wp-json\/wp\/v2\/tags?post=49802"}],"curies":[{"name":"wp","href":"https:\/\/api.w.org\/{rel}","templated":true}]}}