{"id":49798,"date":"2021-01-04T11:54:27","date_gmt":"2021-01-04T14:54:27","guid":{"rendered":"http:\/\/www.100xd.com.ar\/?p=49798"},"modified":"2021-01-04T11:54:34","modified_gmt":"2021-01-04T14:54:34","slug":"lo-que-se-viene-en-la-justicia-en-el-2021-juicios-y-reformas-pendientes-la-batalla-en-la-corte-y-cambios-para-comodoro-py","status":"publish","type":"post","link":"https:\/\/100xd.com.ar\/es\/lo-que-se-viene-en-la-justicia-en-el-2021-juicios-y-reformas-pendientes-la-batalla-en-la-corte-y-cambios-para-comodoro-py\/","title":{"rendered":"Lo que se viene en la Justicia en el 2021: juicios y reformas pendientes, la batalla en la Corte y cambios para Comodoro Py"},"content":{"rendered":"<p class=\"paragraph\">El 2021, a\u00f1o electoral, promete ser caliente en temas judiciales. Con la vicepresidenta\u00a0<b>Cristina Kirchner\u00a0<\/b>como principal protagonista de causas judiciales,\u00a0<a href=\"https:\/\/www.infobae.com\/politica\/2020\/12\/09\/cristina-kirchner-difundio-una-carta-por-el-primer-ano-del-gobierno-no-menciono-a-alberto-fernandez-y-critico-duramente-a-la-corte-suprema\/\" target=\"_blank\">cuestionamientos abiertos<\/a>\u00a0a la\u00a0<b>Corte Suprema de Justicia\u00a0<\/b>y la convicci\u00f3n de la existencia de\u00a0<b>\u201clawfare\u201d<\/b>\u00a0para condicionar gobiernos populares, los tribunales se convertir\u00e1n una vez m\u00e1s en un escenario a observar:<b>\u00a0sea por acci\u00f3n u omisi\u00f3n<\/b>.<\/p>\n<p class=\"paragraph\">Pero adem\u00e1s Cristina Kirchner no es la \u00fanica que habla de persecuci\u00f3n: el ex presidente\u00a0<b>Mauricio Macri\u00a0<\/b>tambi\u00e9n enmarc\u00f3 en ese terreno las causas contra \u00e9l y sus funcionarios y en donde se puso el foco, en especial, en el mundo del espionaje, aunque en Comodoro Py hay m\u00e1s causas que salpican a su gobierno y que est\u00e1n activas.<\/p>\n<p class=\"paragraph\">Por lo pronto, el a\u00f1o comenzar\u00e1 con la definici\u00f3n si el ex vicepresidente Amado Boudou debe volver a prisi\u00f3n. \u201cEsta situaci\u00f3n requiere una soluci\u00f3n pol\u00edtica porque el\u00a0<b>lawfare<\/b>\u00a0es una cuesti\u00f3n pol\u00edtica. Yo quiero pelear por mi inocencia. Est\u00e1n armando la campa\u00f1a 2021 en torno a las causas judiciales. Es estructural\u201d, asever\u00f3\u00a0<b>Boudou.\u201c<\/b>El a\u00f1o que viene, en campa\u00f1a, van a ir directo contra Cristina\u201d.<\/p>\n<p class=\"paragraph\">Con la reforma judicial pendiente (podr\u00eda haber novedades en el verano) y sin definiciones sobre los cambios en la Procuraci\u00f3n General, el Gobierno de\u00a0<b>Alberto Fern\u00e1ndez\u00a0<\/b>aspira ahora a crear un\u00a0<a href=\"https:\/\/www.infobae.com\/politica\/2020\/11\/18\/la-comision-de-juristas-de-alberto-fernandez-recomendo-crear-un-tribunal-filtro-de-la-corte-suprema-y-cambiar-la-forma-de-eleccion-del-procurador\/\" target=\"_blank\">tribunal intermedio<\/a>\u00a0previo a la Corte Suprema que tramite los planteos de \u201carbitrariedad\u201d. Cristina Kirchner, sin embargo, mira adem\u00e1s las demandas que tiene el m\u00e1ximo tribunal y pueden afectar las arcas del Estado. Sobre el final del a\u00f1o, el oficialismo plasm\u00f3 en un informe sus disparos por el manejo de las escuchas judiciales que est\u00e1n bajo la \u00f3rbita de la Corte Suprema. Valga recordar: en su gobierno CFK quit\u00f3 el control de las escuchas cuando transform\u00f3 la SIDE en la AFI -salida de Horacio \u201cJaime\u201d Stiuso mediante- y la pas\u00f3 a la \u00f3rbita de la Procuraci\u00f3n comandada por Alejandra Gils Carb\u00f3. Aqu\u00ed un pantallazo de la reconstrucci\u00f3n que hizo\u00a0<b>Infobae<\/b>\u00a0de lo que se viene en cada escenario.<\/p>\n<p class=\"paragraph\"><mark class=\"hl_orange\"><b>La Corte Suprema de Justicia<\/b><\/mark><\/p>\n<picture class=\"visual__image\"><source srcset=\"https:\/\/www.infobae.com\/new-resizer\/XLWctyXYFswlBdUIHXRtJaWKhAY=\/768x432\/filters:format(jpg):quality(85)\/cloudfront-us-east-1.images.arcpublishing.com\/infobae\/IDO4UA2CZNFPTBG73HRA2U3RVI.jpg 1200w\" type=\"image\/jpg\" \/><source srcset=\"https:\/\/www.infobae.com\/new-resizer\/XLWctyXYFswlBdUIHXRtJaWKhAY=\/768x432\/filters:format(jpg):quality(85)\/cloudfront-us-east-1.images.arcpublishing.com\/infobae\/IDO4UA2CZNFPTBG73HRA2U3RVI.jpg 992w\" type=\"image\/jpg\" \/><source srcset=\"https:\/\/www.infobae.com\/new-resizer\/XLWctyXYFswlBdUIHXRtJaWKhAY=\/768x432\/filters:format(jpg):quality(85)\/cloudfront-us-east-1.images.arcpublishing.com\/infobae\/IDO4UA2CZNFPTBG73HRA2U3RVI.jpg 768w\" type=\"image\/jpg\" \/><source srcset=\"https:\/\/www.infobae.com\/new-resizer\/3ywJZDnK63Xj7l36fc6tW075dZI=\/420x236\/filters:format(jpg):quality(85)\/cloudfront-us-east-1.images.arcpublishing.com\/infobae\/IDO4UA2CZNFPTBG73HRA2U3RVI.jpg 420w\" type=\"image\/jpg\" \/><img loading=\"lazy\" decoding=\"async\" src=\"https:\/\/www.infobae.com\/new-resizer\/3ywJZDnK63Xj7l36fc6tW075dZI=\/420x236\/filters:format(jpg):quality(85)\/\/cloudfront-us-east-1.images.arcpublishing.com\/infobae\/IDO4UA2CZNFPTBG73HRA2U3RVI.jpg\" alt=\"Los ministros de la Corte Suprema (csjn)\" width=\"1022\" height=\"575\"  title=\"Lo que se viene en la Justicia en el 2021: juicios y reformas pendientes, la batalla en la Corte y cambios para Comodoro Py\" \/>Los ministros de la Corte Suprema (csjn)<\/picture>\n<p class=\"paragraph\">La mirada pol\u00edtica sobre el m\u00e1ximo tribunal de Justicia no cesar\u00e1 en este 2021. Tras la sentencia confirmado para el ex vicepresidente\u00a0<b>Amado Boudou,<\/b>\u00a0la vicepresidenta Cristina Kirchner se dedic\u00f3 a cuestionar uno por uno a los integrantes de la Corte Suprema mientras que el presidente reforz\u00f3 sus cr\u00edticas por haber dejado firme la sentencia en la causa\u00a0<b>Ciccone\u00a0<\/b>a trav\u00e9s de\u00a0<b>\u201c280\u201d<\/b>, una herramienta que tiene el m\u00e1ximo tribunal para confirmar un fallo sin tener que dar argumentos. Precisamente, Alberto Fern\u00e1ndez le pidi\u00f3 a un grupo de juristas que le hicieran propuestas para reformar el funcionamiento de la Corte Suprema, en donde incluy\u00f3 ese art\u00edculo 280 del C\u00f3digo Procesal en lo Civil y Comercial. Pero una de las propuestas que le llev\u00f3 ese comit\u00e9 de expertos al presidente fue la iniciativa para crear un\u00a0<b>tribunal intermedio,\u00a0<\/b>previo a la Corte Suprema, que trate cuestiones de arbitrariedad. El presidente dijo que enviar\u00e1 en marzo esa iniciativa al Congreso, junto al texto para terminar con el 280.<\/p>\n<p class=\"paragraph\">Mientras tanto,\u00a0<b>la Corte Suprema tiene varios expedientes que la pol\u00edtica est\u00e1 mirando.\u00a0<\/b>Uno es el que present\u00f3 el jefe de Gobierno porte\u00f1o\u00a0<b>Horacio Rodr\u00edguez Larreta<\/b>\u00a0contra la quita de fondos de la Polic\u00eda de la Ciudad que activ\u00f3 el oficialismo, luego de que una protesta salarial de la Polic\u00eda Bonaerense que lleg\u00f3 hasta las puertas de la Quinta de Olivos. El hombre del PRO quiere que se dicte la inconstitucionalidad de la norma, pero hasta ahora vio recortado sus recursos y resiste el di\u00e1logo al que, a \u00faltima hora del a\u00f1o, lo convoc\u00f3 el Ejecutivo. Otro de los asuntos que llegaron a la Corte fue la demanda que present\u00f3 el\u00a0<b>Banco Central para pedir la inconstitucionalidad de las leyes porte\u00f1as\u00a0<\/b>que gravan con impuesto a los ingresos brutos a los t\u00edtulos p\u00fablicos y actividades reguladas por la autoridad monetaria. Precisamente, esos impuestos buscaban generar nuevos ingresos para la Ciudad en busca de paliar el recorte hecho por Naci\u00f3n.<\/p>\n<p class=\"paragraph\">El de la Ciudad no es el \u00fanico reclamo que se tramita en la Corte por planteos provinciales. Hay reclamos anteriores de miles de millones de pesos de las provincias de<b>\u00a0San Luis\u00a0<\/b>y de\u00a0<b>Santa Fe\u00a0<\/b>por la devoluci\u00f3n de dinero de viejos reclamos econ\u00f3micos que a\u00fan no terminaron de ejecutarse. Se trata del fallo que la Corte Suprema dict\u00f3 a finales de 2015, justo cuando se fue Cristina Kirchner y lleg\u00f3 Mauricio Macri. San Luis ya reclam\u00f3 que el Estado le pague\u00a0<b>20 mil millones de pesos.\u00a0<\/b>El radicalismo de Santa Fe ya le exigi\u00f3 al gobernador Omar Perotti que reclame al Ejecutivo una cifra que calculan en<b>\u00a0150.000 millones de pesos.<\/b><\/p>\n<p class=\"paragraph\">En su carta contra la Corte Suprema, Cristina Kirchner habl\u00f3 de \u201c<b>causas que puede desestabilizar econ\u00f3micamente a un gobierno\u201d<\/b>. Ah\u00ed los conocedores de los pasillos de tribunales anotan los fallos que la ANSeS apel\u00f3 para impugnar fallos en favor de los\u00a0<b>jubilados<\/b>\u00a0por reajuste de haberes, junto a las demandas del orden laboral en donde el demandado es el Estado por tener\u00a0<b>empleados en negro<\/b>\u00a0a trav\u00e9s de monotributo o adicionales.<\/p>\n<p class=\"paragraph\">Mientras tanto, fue el propio Alberto Fern\u00e1ndez el que record\u00f3 el jueves pasado en radio los \u201c<b>once recursos extraordinarios presentados\u201d por la defensa de CFK<\/b>\u00a0en sus causas pendientes y se pregunt\u00f3 si no deben ser \u201cobjeto de cuidado y atenci\u00f3n por parte de la Corte Suprema\u201d. A eso se le suma ahora un cap\u00edtulo clave: el planteo para que se caigan las declaraciones de los<b>\u00a0\u201c<\/b><a href=\"https:\/\/www.infobae.com\/politica\/2020\/12\/28\/cuadernos-de-la-corrupcion-de-vido-pidio-que-la-corte-suprema-anule-las-declaraciones-de-los-arrepentidos\/\" target=\"_blank\"><b>arrepentidos\u201d<\/b><\/a><b>\u00a0<\/b>en la causa de los cuadernos, eje central de ese expediente en donde a la vicepresidenta se la acusa de ser jefa de una asociaci\u00f3n il\u00edcita.<\/p>\n<p class=\"paragraph\"><mark class=\"hl_orange\"><b>La reforma judicial, la Procuraci\u00f3n y la DAJUDECO<\/b><\/mark><\/p>\n<picture class=\"visual__image\"><source srcset=\"https:\/\/www.infobae.com\/new-resizer\/6Y345R0pHLnw14IO38_VP82Yhg0=\/768x432\/filters:format(jpg):quality(85)\/cloudfront-us-east-1.images.arcpublishing.com\/infobae\/ZCCFXD5HCREW3F5THVUR4EGPWY.jpg 1200w\" type=\"image\/jpg\" \/><source srcset=\"https:\/\/www.infobae.com\/new-resizer\/6Y345R0pHLnw14IO38_VP82Yhg0=\/768x432\/filters:format(jpg):quality(85)\/cloudfront-us-east-1.images.arcpublishing.com\/infobae\/ZCCFXD5HCREW3F5THVUR4EGPWY.jpg 992w\" type=\"image\/jpg\" \/><source srcset=\"https:\/\/www.infobae.com\/new-resizer\/6Y345R0pHLnw14IO38_VP82Yhg0=\/768x432\/filters:format(jpg):quality(85)\/cloudfront-us-east-1.images.arcpublishing.com\/infobae\/ZCCFXD5HCREW3F5THVUR4EGPWY.jpg 768w\" type=\"image\/jpg\" \/><source srcset=\"https:\/\/www.infobae.com\/new-resizer\/aHCE9dDJY0zOhPeGfJmX2mmN_bc=\/420x236\/filters:format(jpg):quality(85)\/cloudfront-us-east-1.images.arcpublishing.com\/infobae\/ZCCFXD5HCREW3F5THVUR4EGPWY.jpg 420w\" type=\"image\/jpg\" \/><img loading=\"lazy\" decoding=\"async\" src=\"https:\/\/www.infobae.com\/new-resizer\/aHCE9dDJY0zOhPeGfJmX2mmN_bc=\/420x236\/filters:format(jpg):quality(85)\/\/cloudfront-us-east-1.images.arcpublishing.com\/infobae\/ZCCFXD5HCREW3F5THVUR4EGPWY.jpg\" alt=\"Daniel Rafecas (Maximiliano Luna)\" width=\"1536\" height=\"864\"  title=\"Lo que se viene en la Justicia en el 2021: juicios y reformas pendientes, la batalla en la Corte y cambios para Comodoro Py\" \/>Daniel Rafecas (Maximiliano Luna)<\/picture>\n<p class=\"paragraph\">El escenario judicial no solo se desarrolla en los tribunales. Es que en Congreso se cocinan reformas que pueden salpicar a los actores judiciales. Por un lado, la<b>\u00a0reforma judicial<\/b>\u00a0que Alberto Fern\u00e1ndez envi\u00f3 a fines de julio al Parlamento fue aprobada en el Senado pero con cambios sustanciales al proyecto original (se cay\u00f3 la fusi\u00f3n del fuero contencioso administrativo con el civil y comercial o se crearon cientos de cargos). Sin embargo, en Diputados todav\u00eda no se trat\u00f3 el tema. El presidente les pidi\u00f3 d\u00edas atr\u00e1s a los diputados que se \u201c<b>dignen\u201d<\/b>\u00a0a tratar el proyecto. Se especula con que podr\u00eda activarse el tratamiento en las sesiones de verano.<\/p>\n<p class=\"paragraph\">El tema de la Procuraci\u00f3n es otro de los temas pendientes. Hace un a\u00f1o, Fern\u00e1ndez propuso al juez federal\u00a0<b>Daniel Rafecas\u00a0<\/b>para convertirse en el pr\u00f3ximo jefe de los fiscales. Sin embargo, primero la pandemia, despu\u00e9s la iniciativa de oficial de revisar la gesti\u00f3n de<b>\u00a0Eduardo Casal<\/b>\u00a0como procurador interino y luego el proyecto para recortar cambiar la forma de elecci\u00f3n y el mandato del titular del Ministerio P\u00fablico derivaron en que Rafecas nunca fuera convocado a audiencia ante el Senado.<\/p>\n<p class=\"paragraph\">Por \u00faltimo, la semana pasada, el oficialismo de la comisi\u00f3n bicameral de organismos de inteligencia puso en la mira el rol de la Direcci\u00f3n de Asistencia Judicial en Delitos Complejos y Crimen Organizado (<b>Dajudeco),\u00a0<\/b>encargado de hacer escuchas judiciales. All\u00ed se le present\u00f3 un informe ante Cristina Kirchner y el jefe de la C\u00e1mara de Diputados Sergio Massa, en donde se hizo hincapi\u00e9 en los argumentos de \u201clawfare\u201d. Habr\u00e1 que ver qu\u00e9 decide hacer la vicepresidenta con esa investigaci\u00f3n.<\/p>\n<p class=\"paragraph\"><mark class=\"hl_orange\"><b>Comodoro Py<\/b><\/mark><\/p>\n<picture class=\"visual__image\"><source srcset=\"https:\/\/www.infobae.com\/new-resizer\/zVX2srkznOYU5BSPQ3mkJ94ld8I=\/768x432\/filters:format(jpg):quality(85)\/arc-anglerfish-arc2-prod-infobae.s3.amazonaws.com\/public\/BBPVNWITA5FRLN6MRLV66R7NOA 1200w\" type=\"image\/jpg\" \/><source srcset=\"https:\/\/www.infobae.com\/new-resizer\/zVX2srkznOYU5BSPQ3mkJ94ld8I=\/768x432\/filters:format(jpg):quality(85)\/arc-anglerfish-arc2-prod-infobae.s3.amazonaws.com\/public\/BBPVNWITA5FRLN6MRLV66R7NOA 992w\" type=\"image\/jpg\" \/><source srcset=\"https:\/\/www.infobae.com\/new-resizer\/zVX2srkznOYU5BSPQ3mkJ94ld8I=\/768x432\/filters:format(jpg):quality(85)\/arc-anglerfish-arc2-prod-infobae.s3.amazonaws.com\/public\/BBPVNWITA5FRLN6MRLV66R7NOA 768w\" type=\"image\/jpg\" \/><source srcset=\"https:\/\/www.infobae.com\/new-resizer\/U8WKClVd-0rpYsHtOGIIl9g85po=\/420x236\/filters:format(jpg):quality(85)\/arc-anglerfish-arc2-prod-infobae.s3.amazonaws.com\/public\/BBPVNWITA5FRLN6MRLV66R7NOA 420w\" type=\"image\/jpg\" \/><img loading=\"lazy\" decoding=\"async\" src=\"https:\/\/www.infobae.com\/new-resizer\/U8WKClVd-0rpYsHtOGIIl9g85po=\/420x236\/filters:format(jpg):quality(85)\/\/arc-anglerfish-arc2-prod-infobae.s3.amazonaws.com\/public\/BBPVNWITA5FRLN6MRLV66R7NOA\" alt=\"Comodoro Py\" width=\"600\" height=\"360\"  title=\"Lo que se viene en la Justicia en el 2021: juicios y reformas pendientes, la batalla en la Corte y cambios para Comodoro Py\" \/>Comodoro Py<\/picture>\n<p class=\"paragraph\">El ritmo de Comodoro Py se vio alterado en este 2020 en medio de la pandemia. Con la mayor\u00eda de las \u201ccausas k\u201d elevadas a juicio,\u00a0<b>las denuncias contra el macrismo que a\u00fan se encuentran en etapa de instrucci\u00f3n. \u201cDormidas\u201d,\u00a0<\/b>dicen algunos oficialistas que suelen ver la conexi\u00f3n entre los tribunales de Retiro y el antikircherismo.<\/p>\n<p class=\"paragraph\">-La causa penal tiene imputado al ex entonces presidente por el acuerdo sellado entre el Correo de la familia Macri y Naci\u00f3n en 2016 para saldar una vieja deuda millonaria a\u00fan se encuentra esperando los resultados de un estudio contable que defina cu\u00e1l fue el perjuicio generado al Estado. En la causa, que tramita el juez\u00a0<b>Ariel Lijo<\/b>, est\u00e1n imputados el ex ministro de Comunicaciones Oscar Aguad, el responsable de Asuntos Jur\u00eddicos del \u00e1rea, Juan Mocoroa, el presidente del Correo, Jaime Cibils Robirosa, y el apoderado Jaime Kleidermacher. Todos ellos fueron indagados pero a\u00fan no se defini\u00f3 su situaci\u00f3n procesal.<\/p>\n<p class=\"paragraph\">-Adem\u00e1s est\u00e1 la causa en donde el empresario\u00a0<b>Fabi\u00e1n De Sousa<\/b>\u00a0acus\u00f3 a Macri de ser el jefe de una asociaci\u00f3n il\u00edcita que busc\u00f3 meterlo preso y desapoderarlo del Grupo Indalo. Esa causa est\u00e1 en manos de la jueza\u00a0<b>Mar\u00eda Servini<\/b>\u00a0y el fiscal\u00a0<b>Guillermo Marijuan<\/b>. All\u00ed la jueza orden\u00f3 en septiembre la indagatoria del ex jefe de la AFIP\u00a0<b>Alberto Abad<\/b>\u00a0para fines de marzo. Fue en esa causa en donde la jueza dispuso analizar los tel\u00e9fonos de\u00a0<b>Macri, Jos\u00e9 Mar\u00eda Torello, Nicol\u00e1s Caputo, Fabi\u00e1n Rodr\u00edguez Sim\u00f3n, Mario Quintana, Javier Iguacel, Alberto Abad y Leandro Cuccioli,<\/b>\u00a0y los empresarios\u00a0<b>Mart\u00edn Rappallini, Orlando Terranova e Ignacio Rosner<\/b>. Como la jueza hab\u00eda dispuesto que ese an\u00e1lisis se hiciera entre 2016 y 2019, las defensas impugnaron el per\u00edodo y la C\u00e1mara Federal inst\u00f3 a acortar el per\u00edodo de ese an\u00e1lisis a hechos puntuales enmarcados en la causa. \u201c<b>No hay argentino m\u00e1s impune que Mauricio Macri\u201d<\/b>, dijo entonces CFK en Twitter.<\/p>\n<p class=\"paragraph\">-A la causa contra la llamada \u201c<b>mesa judicial\u201d<\/b>\u00a0del macrismo, se le sum\u00f3 tambi\u00e9n la denuncia el ex ministro de Transporte\u00a0<b>Guillermo Dietrich\u00a0<\/b>y a otros exfuncionarios del Gobierno de Cambiemos en el marco de la causa que investiga la renegociaci\u00f3n de la concesi\u00f3n de\u00a0<b>peajes\u00a0<\/b>en los accesos Norte y Oeste entre 2016 y 2018. Dietrich,\u00a0<b>Javier Iguacel\u00a0<\/b>(extitular de Vialidad Nacional) y\u00a0<b>Bernardo Saravia Fr\u00edas\u00a0<\/b>(exprocutador del Tesoro) hab\u00edan sido procesados por el juez Rodolfo Canicoba Corral, cuando el magistrado ya estaba jubilando. En esa lista tambi\u00e9n se incluy\u00f3 al ex ministro de Econom\u00eda\u00a0<b>Nicol\u00e1s Dujovne<\/b>, aunque por un delito m\u00e1s leve. Apelaci\u00f3n mediante, la C\u00e1mara Federal anul\u00f3 esos procesamientos porque las defensas dijeron no haber tenido acceso a toda la prueba. Sin embargo, dej\u00f3 en pie el contenido de las indagatorias prestadas y ahora la jueza\u00a0<b>Mar\u00eda Eugenia Capuchetti<\/b>\u00a0deber\u00e1 resolver situaciones procesales.<\/p>\n<p class=\"paragraph\">-Durante el 2020 se abrieron causas para el macrismo como la investigaci\u00f3n penal por los cr\u00e9ditos otorgados a<b>\u00a0Vicent\u00edn\u00a0<\/b>o el hallazgo de 10 mil d\u00f3lares en un caj\u00f3n del ex funcionario\u00a0<b>Rodrigo Sbarra.\u00a0<\/b>Sobre el final de a\u00f1o, la Justicia federal orden\u00f3\u00a0<a href=\"https:\/\/www.infobae.com\/politica\/2020\/11\/19\/ordenan-investigar-a-mauricio-macri-y-a-oscar-aguad-por-el-hundimiento-del-ara-san-juan\/\" target=\"_blank\">investigar<\/a>\u00a0al ex presidente Mauricio Macri, al ex ministro de Defensa Oscar Aguad y al entonces jefe de la Armada, Marcelo Srur, por su responsabilidad en el\u00a0<b>hundimiento del \u201cAra San Juan\u201d<\/b>\u00a0que\u00a0<a href=\"https:\/\/www.infobae.com\/politica\/2020\/03\/01\/los-44-heroes-del-ara-san-juan-seran-ascendidos-post-mortem-anuncio-alberto-fernandez\/\">se llev\u00f3 la vida de los 44 tripulantes<\/a>, ocurrida el 15 de noviembre de 2017.<\/p>\n<p class=\"paragraph\"><mark class=\"hl_orange\"><b>Los \u201cespionajes\u201d<\/b><\/mark><\/p>\n<picture class=\"visual__image\"><source srcset=\"https:\/\/www.infobae.com\/new-resizer\/rWgF650xgLNhQaB-LcgsSpMbChs=\/768x512\/filters:format(jpg):quality(85)\/cloudfront-us-east-1.images.arcpublishing.com\/infobae\/OYPHTMKDTUP2SZSPPGLRQD7BRY.jpg 1200w\" type=\"image\/jpg\" \/><source srcset=\"https:\/\/www.infobae.com\/new-resizer\/rWgF650xgLNhQaB-LcgsSpMbChs=\/768x512\/filters:format(jpg):quality(85)\/cloudfront-us-east-1.images.arcpublishing.com\/infobae\/OYPHTMKDTUP2SZSPPGLRQD7BRY.jpg 992w\" type=\"image\/jpg\" \/><source srcset=\"https:\/\/www.infobae.com\/new-resizer\/rWgF650xgLNhQaB-LcgsSpMbChs=\/768x512\/filters:format(jpg):quality(85)\/cloudfront-us-east-1.images.arcpublishing.com\/infobae\/OYPHTMKDTUP2SZSPPGLRQD7BRY.jpg 768w\" type=\"image\/jpg\" \/><source srcset=\"https:\/\/www.infobae.com\/new-resizer\/0Se_YxviRUMCVMiHA5DLHLcUCrc=\/420x280\/filters:format(jpg):quality(85)\/cloudfront-us-east-1.images.arcpublishing.com\/infobae\/OYPHTMKDTUP2SZSPPGLRQD7BRY.jpg 420w\" type=\"image\/jpg\" \/><img loading=\"lazy\" decoding=\"async\" src=\"https:\/\/www.infobae.com\/new-resizer\/0Se_YxviRUMCVMiHA5DLHLcUCrc=\/420x280\/filters:format(jpg):quality(85)\/\/cloudfront-us-east-1.images.arcpublishing.com\/infobae\/OYPHTMKDTUP2SZSPPGLRQD7BRY.jpg\" alt=\"Gustavo Arribas (REUTERS\/Agustin Marcarian)\" width=\"4789\" height=\"3127\"  title=\"Lo que se viene en la Justicia en el 2021: juicios y reformas pendientes, la batalla en la Corte y cambios para Comodoro Py\" \/>Gustavo Arribas (REUTERS\/Agustin Marcarian)<\/picture>\n<p class=\"paragraph\"><mark class=\"hl_yellow\">Donde s\u00ed se aceler\u00f3 el tr\u00e1mite de las causas contra el macrismo fue por afuera de Comodoro Py.\u00a0<\/mark>Por un lado, la causa que naci\u00f3 en enero de 2019 en el juzgado federal de\u00a0<b>Dolores<\/b>\u00a0detr\u00e1s de la figura del falso abogado\u00a0<b>Marcelo D\u2019Alessio<\/b>\u00a0sigui\u00f3 creciendo y el juez entendi\u00f3 que la investigaci\u00f3n estaba completada. Mientras tanto, la C\u00e1mara Federal de Mar del Plata alivi\u00f3 la situaci\u00f3n del fiscal\u00a0<b>Carlos Stornelli<\/b>\u00a0y desproces\u00f3 al periodista Daniel Santoro. Hay a\u00fan pendiente la revisi\u00f3n de un fallo posterior donde se les atribu\u00edan m\u00e1s hechos a todos los implicados.<\/p>\n<p class=\"paragraph\">A la par, el juez\u00a0<b>Alejo Ramos Padilla -que podr\u00eda convertirse en los inicios del 2021 en el juez electoral de la provincia de Buenos Aires<\/b>&#8211; abri\u00f3 una investigaci\u00f3n conexa para investigar las bases AMBA que la AFI instal\u00f3 en la provincia de Buenos Aires durante el macrismo. All\u00ed proces\u00f3 a los ex responsables de la AFI\u00a0<b>Gustavo Arribas y Silvia Majdalani junto a otros implicados por espionaje ilegal<\/b>\u00a0La defensa de Arribas consigui\u00f3 en la \u00faltima semana del 2020 que el presidente de la C\u00e1mara Federal porte\u00f1a,\u00a0<b>Mart\u00edn Irurzun<\/b>, instruyera al juez Ariel Lijo a reclamar esa investigaci\u00f3n para los tribunales de Retiro.<\/p>\n<p class=\"paragraph\">El caso que explot\u00f3 en 2020 fue el que se sustancia en\u00a0<b>Lomas de Zamora<\/b>\u00a0donde se investiga si en la gesti\u00f3n macrista se llev\u00f3 adelante espionaje desde la AFI macrista a figuras pol\u00edticas, period\u00edsticas, judiciales y sindicales. Primero se proces\u00f3 a Arribas, Majdalani, el encargado de Operaciones Especiales Alan Ruiz y el responsable de Contrainteligencia Mart\u00edn Coste por\u00a0<b>tareas de vigilancia a Cristina Kirchner en el Instituto Patria<\/b>. Fue una denuncia que motoriz\u00f3 la actual interventora de la AFI\u00a0<b>Cristina Caama\u00f1o<\/b>.<\/p>\n<p class=\"paragraph\">A la par se abrieron otras dos causas: una para investigar los seguimientos no solo a CFK sino tambi\u00e9n a pol\u00edticos que pertenec\u00edan a Cambiemos como\u00a0<b>Horacio Rodr\u00edguez Larreta, Mar\u00eda Eugenia Vidal, Diego Santilli, Nicol\u00e1s Massot o Emilio Monz\u00f3<\/b>; y otra para saber si se monitoreaba a los llamados\u00a0<b>presos k.<\/b>\u00a0La fiscal\u00eda ha pedido los procesamientos de todos los agentes de la AFI que pertenec\u00edan al llamado grupo \u201c<b>Supermariobross\u201d<\/b>\u00a0m\u00e1s sus directivos, ex funcionarios del Servicio Penitenciario Federal y algunos polic\u00edas. Los fiscales tambi\u00e9n pidieron procesar como part\u00edcipe de la banda a la ex funcionaria de Cambiemos\u00a0<b>Susana Martinengo<\/b>\u00a0por recibir informes de inteligencia ilegal y por haberse valido de los esp\u00edas para su beneficio personal, pero al mismo tiempo dictamin\u00f3 por la falta de m\u00e9rito de<b>\u00a0Dar\u00edo Nieto<\/b>, secretario del ex presidente Mauricio Macri, por entender que no hab\u00eda suficientes pruebas en su contra. Pero las querellas de los presos k quieren a Nieto procesado. El juez<b>\u00a0Juan Pablo Aug\u00e9\u00a0<\/b>debe decidir si sigue ese criterio.<\/p>\n<p class=\"paragraph\">La novedad que se espera, sin embargo, es saber si esa causa pasar\u00e1 o no a Comodoro Py. El tema est\u00e1 bajo estudio de la C\u00e1mara Federal de Casaci\u00f3n Penal, aunque la puja entre la jueza Ana Mar\u00eda Figueroa y la Sala IV para ver qui\u00e9nes resuelven la cuesti\u00f3n posterg\u00f3 una definici\u00f3n en el 2020 y el asunto se resolver\u00e1 en el 2021.<\/p>\n<p class=\"paragraph\"><mark class=\"hl_orange\"><b>La nueva composici\u00f3n<\/b><\/mark><\/p>\n<picture class=\"visual__image\"><source srcset=\"https:\/\/www.infobae.com\/new-resizer\/dybdoIbeHaFDEntVQb52oC-YLeA=\/768x432\/filters:format(jpg):quality(85)\/arc-anglerfish-arc2-prod-infobae.s3.amazonaws.com\/public\/ZVL5IE5QS5CUNFYLZ7ZJMULNOE 1200w\" type=\"image\/jpg\" \/><source srcset=\"https:\/\/www.infobae.com\/new-resizer\/dybdoIbeHaFDEntVQb52oC-YLeA=\/768x432\/filters:format(jpg):quality(85)\/arc-anglerfish-arc2-prod-infobae.s3.amazonaws.com\/public\/ZVL5IE5QS5CUNFYLZ7ZJMULNOE 992w\" type=\"image\/jpg\" \/><source srcset=\"https:\/\/www.infobae.com\/new-resizer\/dybdoIbeHaFDEntVQb52oC-YLeA=\/768x432\/filters:format(jpg):quality(85)\/arc-anglerfish-arc2-prod-infobae.s3.amazonaws.com\/public\/ZVL5IE5QS5CUNFYLZ7ZJMULNOE 768w\" type=\"image\/jpg\" \/><source srcset=\"https:\/\/www.infobae.com\/new-resizer\/SBRq68BiX67VR_ajtgyNTE1sfcI=\/420x236\/filters:format(jpg):quality(85)\/arc-anglerfish-arc2-prod-infobae.s3.amazonaws.com\/public\/ZVL5IE5QS5CUNFYLZ7ZJMULNOE 420w\" type=\"image\/jpg\" \/><img loading=\"lazy\" decoding=\"async\" src=\"https:\/\/www.infobae.com\/new-resizer\/SBRq68BiX67VR_ajtgyNTE1sfcI=\/420x236\/filters:format(jpg):quality(85)\/\/arc-anglerfish-arc2-prod-infobae.s3.amazonaws.com\/public\/ZVL5IE5QS5CUNFYLZ7ZJMULNOE\" alt=\"Roberto Boico (telam)\" width=\"1583\" height=\"890\"  title=\"Lo que se viene en la Justicia en el 2021: juicios y reformas pendientes, la batalla en la Corte y cambios para Comodoro Py\" \/>Roberto Boico (telam)<\/picture>\n<p class=\"paragraph\"><b>Lo que s\u00ed depara este a\u00f1o es el comienzo de un nuevo dise\u00f1o en Comodoro Py<\/b>. Por lo pronto el primer lugar que promete tener un nuevo formato es la C\u00e1mara Federal, el tribunal donde se define el rumbo de las causas que se instruyen. Es que por un lado el Consejo de la Magistratura ya envi\u00f3 la terna en donde, se descuenta, el presidente Alberto Fern\u00e1ndez elegir\u00e1 a\u00a0<b>Roberto Boico<\/b>\u00a0-abogado de Cristina Kirchner en la causa Memor\u00e1ndum- para que su nombre sea aprobado en el Senado y se convierta en juez de la Sala II.<\/p>\n<p class=\"paragraph\">Por otro lado, solo falta un decreto para que el juez<b>\u00a0Eduardo Farah\u00a0<\/b>regrese a la Sala II de la C\u00e1mara Federal, lugar del que se hab\u00eda ido en el oto\u00f1o del 2018 luego de haber firmado junto al ahora jubilado Jorge Ballestero el fallo que, moment\u00e1neamente, liber\u00f3 a los empresarios Crist\u00f3bal L\u00f3pez y Fabi\u00e1n De Sousa por la causa Oil Combustibles. Farah pidi\u00f3 su traslado hacia los tribunales de San Mart\u00edn pero el fallo de la Corte Suprema sobre los traslados le habilit\u00f3 imprevistamente la puerta para regresar sin problemas.<\/p>\n<picture class=\"visual__image\"><source srcset=\"https:\/\/www.infobae.com\/new-resizer\/XYqQhTF9ASDgbXrm0xnydeVFbrY=\/768x432\/filters:format(jpg):quality(85)\/cloudfront-us-east-1.images.arcpublishing.com\/infobae\/RYUV5SQJRNDLNHV6NDNRF4HIYE.jpg 1200w\" type=\"image\/jpg\" \/><source srcset=\"https:\/\/www.infobae.com\/new-resizer\/XYqQhTF9ASDgbXrm0xnydeVFbrY=\/768x432\/filters:format(jpg):quality(85)\/cloudfront-us-east-1.images.arcpublishing.com\/infobae\/RYUV5SQJRNDLNHV6NDNRF4HIYE.jpg 992w\" type=\"image\/jpg\" \/><source srcset=\"https:\/\/www.infobae.com\/new-resizer\/XYqQhTF9ASDgbXrm0xnydeVFbrY=\/768x432\/filters:format(jpg):quality(85)\/cloudfront-us-east-1.images.arcpublishing.com\/infobae\/RYUV5SQJRNDLNHV6NDNRF4HIYE.jpg 768w\" type=\"image\/jpg\" \/><source srcset=\"https:\/\/www.infobae.com\/new-resizer\/bVkx_uVPgLsdRnZmJ6ixqBO5aYs=\/420x236\/filters:format(jpg):quality(85)\/cloudfront-us-east-1.images.arcpublishing.com\/infobae\/RYUV5SQJRNDLNHV6NDNRF4HIYE.jpg 420w\" type=\"image\/jpg\" \/><img loading=\"lazy\" decoding=\"async\" src=\"https:\/\/www.infobae.com\/new-resizer\/bVkx_uVPgLsdRnZmJ6ixqBO5aYs=\/420x236\/filters:format(jpg):quality(85)\/\/cloudfront-us-east-1.images.arcpublishing.com\/infobae\/RYUV5SQJRNDLNHV6NDNRF4HIYE.jpg\" alt=\"Bruglia y Bertuzzi\" width=\"1920\" height=\"1080\"  title=\"Lo que se viene en la Justicia en el 2021: juicios y reformas pendientes, la batalla en la Corte y cambios para Comodoro Py\" \/>Bruglia y Bertuzzi<\/picture>\n<p class=\"paragraph\">Ese fallo se dict\u00f3 a ra\u00edz de un planteo concreto de los jueces\u00a0<b>Leopoldo Bruglia y Pablo Bertuzzi<\/b>, quienes por ahora permanecen en la Sala I de la C\u00e1mara Federal.\u00a0<b>El Consejo de la Magistratura ya apur\u00f3 a un concurso para reemplazarlos:\u00a0<\/b>la inscripci\u00f3n de los aspirantes est\u00e1 fijada para los primeros d\u00edas de febrero y el examen para el 26 de ese mes. Pero Bruglia y Bertuzzi presentaron una\u00a0<a href=\"https:\/\/www.infobae.com\/politica\/2020\/12\/24\/bruglia-y-bertuzzi-denunciaron-al-estado-argentino-ante-la-cidh-y-pidieron-la-suspension-del-concurso-abierto-para-reemplazarlos\/\" target=\"_blank\">demanda y un amparo\u00a0<\/a>ante la\u00a0<b>Comisi\u00f3n Interamericana de Derechos Humanos<\/b>\u00a0(CIDH) para frenar ese concurso hasta que el tribunal internacional revise su situaci\u00f3n. Es m\u00e1s:\u00a0<a href=\"https:\/\/www.infobae.com\/politica\/2020\/12\/25\/los-jueces-bruglia-y-bertuzzi-pidieron-que-mauricio-macri-y-cristina-kirchner-declaren-como-testigos-en-su-demanda-contra-el-estado-argentino\/\" target=\"_blank\">pidieron a Cristina y a Macri llamados como testigos.<\/a><\/p>\n<p class=\"paragraph\">En tanto, el Consejo de la Magistratura tambi\u00e9n busca apurar los\u00a0<b>otros concursos para ocupar tres cargos claves en primera instancia.<\/b>\u00a0Por un lado se quiere avanzar con el concurso ya hecho para el juzgado federal 12, que supo ocupar\u00a0<b>Sergio Torres<\/b>\u00a0(hoy juez de la Corte bonaerense). All\u00ed los primeros lugares en el orden de m\u00e9rito fueron para Diego Arce, secretario del juzgado de Ariel Lijo; Gonzalo Miranda, fiscal de la UFI AMIA; y Leonel G\u00f3mez Barbella (fiscal federal en La Pampa que en su momento llev\u00f3 la causa contra Papel Prensa). Y adem\u00e1s el 28 de diciembre pasado el Consejo de la Magistratura llam\u00f3 a concurso para cubrir los otros dos cargos vacantes en Comodoro Py: el juzgado 11, que ocup\u00f3\u00a0<b>Claudio Bonadio<\/b>\u00a0(fallecido en febrero \u00faltimo); y el juzgado, que estuvo al mando de\u00a0<b>Rodolfo Canicoba Corral\u00a0<\/b>hasta que se jubil\u00f3 a fines de julio. Hay otros concursos abiertos adem\u00e1s para diferentes cargos en tribunales orales federales.<\/p>\n<p class=\"paragraph\"><mark class=\"hl_orange\"><b>Los juicios<\/b><\/mark><\/p>\n<picture class=\"visual__image\"><source srcset=\"https:\/\/www.infobae.com\/new-resizer\/oe1GjdflFxCQT8dfbyRjLonbTyI=\/768x432\/filters:format(jpg):quality(85)\/cloudfront-us-east-1.images.arcpublishing.com\/infobae\/YPGUJK3FVRDYJPRAVYCOF7FIUA.jpg 1200w\" type=\"image\/jpg\" \/><source srcset=\"https:\/\/www.infobae.com\/new-resizer\/oe1GjdflFxCQT8dfbyRjLonbTyI=\/768x432\/filters:format(jpg):quality(85)\/cloudfront-us-east-1.images.arcpublishing.com\/infobae\/YPGUJK3FVRDYJPRAVYCOF7FIUA.jpg 992w\" type=\"image\/jpg\" \/><source srcset=\"https:\/\/www.infobae.com\/new-resizer\/oe1GjdflFxCQT8dfbyRjLonbTyI=\/768x432\/filters:format(jpg):quality(85)\/cloudfront-us-east-1.images.arcpublishing.com\/infobae\/YPGUJK3FVRDYJPRAVYCOF7FIUA.jpg 768w\" type=\"image\/jpg\" \/><source srcset=\"https:\/\/www.infobae.com\/new-resizer\/2Gx8VJHSBjDCxJy1gahNC5wa2nY=\/420x236\/filters:format(jpg):quality(85)\/cloudfront-us-east-1.images.arcpublishing.com\/infobae\/YPGUJK3FVRDYJPRAVYCOF7FIUA.jpg 420w\" type=\"image\/jpg\" \/><img loading=\"lazy\" decoding=\"async\" src=\"https:\/\/www.infobae.com\/new-resizer\/2Gx8VJHSBjDCxJy1gahNC5wa2nY=\/420x236\/filters:format(jpg):quality(85)\/\/cloudfront-us-east-1.images.arcpublishing.com\/infobae\/YPGUJK3FVRDYJPRAVYCOF7FIUA.jpg\" alt=\"L\u00e1zaro B\u00e1ez y Mart\u00edn B\u00e1ez en audiencia por la &quot;Ruta del dinero K&quot;\" width=\"1920\" height=\"1080\"  title=\"Lo que se viene en la Justicia en el 2021: juicios y reformas pendientes, la batalla en la Corte y cambios para Comodoro Py\" \/>L\u00e1zaro B\u00e1ez y Mart\u00edn B\u00e1ez en audiencia por la &#8220;Ruta del dinero K&#8221;<\/picture>\n<p class=\"paragraph\"><b>El inicio de este 2021 solo tiene en agenda tres debates orales con ruido pol\u00edtico.<\/b>\u00a0El primero es el de la\u00a0<b>ruta del dinero k,<\/b>\u00a0que promete tener una sentencia para el pr\u00f3ximo 10 de febrero. En el banquillo est\u00e1n el empresario\u00a0<b>L\u00e1zaro B\u00e1ez,\u00a0<\/b>sus hijos y el \u201carrepentido\u201d\u00a0<b>Leo Fari\u00f1a<\/b>, entre otros. All\u00ed la f<b>iscal\u00eda pidi\u00f3 una condena de 12 a\u00f1os de c\u00e1rcel por lavado de dinero y multas de m\u00e1s de 2000 millones de pesos<\/b>\u00a0para el ex jefe de Austral Construcciones. En ese juicio no est\u00e1 Cristina Kirchner, aunque permanece investigada en instrucci\u00f3n por el juez\u00a0<b>Sebasti\u00e1n Casanello,\u00a0<\/b>quien le dict\u00f3 \u201cuna falta de m\u00e9rito\u201d. El veredicto est\u00e1 en manos del Tribunal Oral Federal 4.<\/p>\n<p class=\"paragraph\">El segundo juicio en peso pol\u00edtico es el que se desarrolla contra los empresarios\u00a0<b>Crist\u00f3bal L\u00f3pez y Fabi\u00e1n De Sousa<\/b>\u00a0y el ex jefe de la AFIP kirchnerista\u00a0<b>Ricardo Echegaray,<\/b>\u00a0por defraudaci\u00f3n al Estado. La defensa est\u00e1 enfocada en mostrar las irregularidades de la AFIP de Mauricio Macri a la hora de investigarlos. All\u00ed el caso est\u00e1 a cargo del Tribunal Oral Federal 3.<\/p>\n<p class=\"paragraph\">El tercero -y m\u00e1s importante- es que el se sustancia precisamente contra\u00a0<b>CFK, L\u00e1zaro B\u00e1ez,<\/b>\u00a0el ex ministro de Planificaci\u00f3n\u00a0<b>Julio De Vido<\/b>\u00a0y el ex secretario de Obras P\u00fablicas\u00a0<b>Jos\u00e9 L\u00f3pez<\/b>\u00a0-ya condenado por enriquecimiento il\u00edcito y devenido en arrepentido en la causa de los cuadernos-, entre otros. En ese juicio se investigan i<b>rregularidades en la concesi\u00f3n de las 52 obras p\u00fablicas que las empresas de B\u00e1ez recibieron para la provincia de Santa Cruz durante los gobiernos nacionales de N\u00e9stor y Cristina Kirchner.<\/b>\u00a0Es en el juicio en donde Cristina Kirchner declar\u00f3 apenas unos d\u00edas antes de llegar a la vicepresidencia, habl\u00f3 del \u201clawfare\u201d que llev\u00f3 adelante el gobierno de Mauricio Macri y les advirti\u00f3 a los jueces y a los fiscales que iban a ser ellos los que iban a tener que responder preguntas. El Tribunal Oral Federal 2 ya program\u00f3 las audiencias de este a\u00f1o, en el que no se esperan ni alegatos ni sentencia.<\/p>\n<p class=\"paragraph\">En tanto, las otras causas que tienen como protagonista a Cristina Kirchner fueron elevadas a juicio pero a\u00fan no se prev\u00e9 el inicio de esos procesos que corren con distinta suerte.<\/p>\n<p class=\"paragraph\">-La causa\u00a0<b>\u201cd\u00f3lar futuro\u201d<\/b>\u00a0tiene pendiente una decisi\u00f3n en Casaci\u00f3n para que, como quieren las defensas, se anule el caso porque una pericia contable asegur\u00f3 que la operaci\u00f3n no provoc\u00f3 perjuicio para el Estado.<\/p>\n<p class=\"paragraph\">-En el caso del\u00a0<b>Memor\u00e1ndum con Ir\u00e1n<\/b>, el Tribunal Oral Federal 8 suspendi\u00f3 una audiencia fijada para avanzar hacia el juicio oral: est\u00e1 pendiente que Interpol resuelva si autoriza que el ex titular de ese organismo\u00a0<b>Ronald Noble<\/b>\u00a0puede declarar como testigo, algo que las defensas entienden clave para demostrar que no se busc\u00f3 hacer caer las alertas rojas de los iran\u00edes acusados de ser los ide\u00f3logos del atentado que mat\u00f3 a 85 personas en la AMIA.<\/p>\n<p class=\"paragraph\">-Los casos\u00a0<b>Hotesur y Los Sauces<\/b>\u00a0est\u00e1n unificados en un mismo debate oral ante el Tribunal Oral Federal 5. Por ahora no est\u00e1 previsto el debate se inici\u00f3 en este 2021. Sostienen que est\u00e1n pendientes pericias y pruebas. All\u00ed est\u00e1n acusados Cristina Kirchner, sus hijos\u00a0<b>M\u00e1ximo y Florencia<\/b>, los empresarios B\u00e1ez y Crist\u00f3bal Lopez y tambi\u00e9n el ex contador de los K, V\u00edctor Manzanares, entre otros.<\/p>\n<p class=\"paragraph\"><b>-Cuadernos.<\/b>\u00a0Se trata de un megacaso por la cantidad de causas se anexaron detr\u00e1s del expediente por las anotaciones del remisero Oscar Centeno. El cap\u00edtulo central se basa precisamente en esa investigaci\u00f3n en donde la vicepresidenta fue acusada de ser la jefa de una asociaci\u00f3n il\u00edcita que recaud\u00f3 dinero a trav\u00e9s de coimas pagadas por los empresarios que hac\u00edan negocios con el Estado.<b>\u00a0El coraz\u00f3n de esa causa son, precisamente, los \u201carrepentidos\u201d<\/b>. A fin del a\u00f1o pasado, Casaci\u00f3n ratific\u00f3 -por dos votos a uno- la validez de esa figura y las declaraciones de los \u201cimputados-colaboradores\u201d. Las defensas, sin embargo, buscan llegar a la Corte Suprema para impugnar en esa instancia el caso. El Tribunal Oral Federal 7 -con el juez trasladado Germ\u00e1n Castelli- por ahora no tiene definiciones sobre cu\u00e1ndo empezar\u00eda el debate.<\/p>\n<p class=\"paragraph\"><mark class=\"hl_orange\"><b>Amado Boudou<\/b><\/mark><\/p>\n<picture class=\"visual__image\"><source srcset=\"https:\/\/www.infobae.com\/new-resizer\/ayGf7w4QRlAKBAgoYZEP-cNxaKU=\/768x432\/filters:format(jpg):quality(85)\/cloudfront-us-east-1.images.arcpublishing.com\/infobae\/BUSLFTKORZAKXAHI7N37U4HD74.jpg 1200w\" type=\"image\/jpg\" \/><source srcset=\"https:\/\/www.infobae.com\/new-resizer\/ayGf7w4QRlAKBAgoYZEP-cNxaKU=\/768x432\/filters:format(jpg):quality(85)\/cloudfront-us-east-1.images.arcpublishing.com\/infobae\/BUSLFTKORZAKXAHI7N37U4HD74.jpg 992w\" type=\"image\/jpg\" \/><source srcset=\"https:\/\/www.infobae.com\/new-resizer\/ayGf7w4QRlAKBAgoYZEP-cNxaKU=\/768x432\/filters:format(jpg):quality(85)\/cloudfront-us-east-1.images.arcpublishing.com\/infobae\/BUSLFTKORZAKXAHI7N37U4HD74.jpg 768w\" type=\"image\/jpg\" \/><source srcset=\"https:\/\/www.infobae.com\/new-resizer\/FDMdyHsVgNfrTvy4g_W5rmTbNng=\/420x236\/filters:format(jpg):quality(85)\/cloudfront-us-east-1.images.arcpublishing.com\/infobae\/BUSLFTKORZAKXAHI7N37U4HD74.jpg 420w\" type=\"image\/jpg\" \/><img loading=\"lazy\" decoding=\"async\" src=\"https:\/\/www.infobae.com\/new-resizer\/FDMdyHsVgNfrTvy4g_W5rmTbNng=\/420x236\/filters:format(jpg):quality(85)\/\/cloudfront-us-east-1.images.arcpublishing.com\/infobae\/BUSLFTKORZAKXAHI7N37U4HD74.jpg\" alt=\"Amado Boudou\" width=\"1920\" height=\"1079\"  title=\"Lo que se viene en la Justicia en el 2021: juicios y reformas pendientes, la batalla en la Corte y cambios para Comodoro Py\" \/>Amado Boudou<\/picture>\n<p class=\"paragraph\">El 30 de diciembre, cerca de las 10 de la noche, el juez\u00a0<b>Daniel Obligado<\/b>\u00a0resolvi\u00f3 que\u00a0<b>Amado Boudou<\/b>\u00a0deb\u00eda volver a prisi\u00f3n para cumplir la condena dictada en su contra a cinco a\u00f1os y diez meses de c\u00e1rcel en la causa\u00a0<b>Ciccone<\/b>, condena que fue ratificada por la Corte Suprema a inicios de diciembre. Boudou hab\u00eda logrado un arresto domiciliario en abril, al inicio de la pandemia, firmado por el juez Obligado, en base a que la condena no estaba firme y en que su esposa, mexicana, estaba sola en la Argentina al cuidado de sus dos peque\u00f1os hijos. El fallo de la Corte hizo caer la falta de firmeza del fallo. El juez Obligado entendi\u00f3 que, ahora, sus hijos pod\u00edan estar cuidados por su madre, al hacer hincapi\u00e9 en la situaci\u00f3n econ\u00f3mica de la familia y las condiciones en las que viven, que tambi\u00e9n se modificaron durante la cuarentena.<\/p>\n<p class=\"paragraph\">La defensa de Boudou apelar\u00e1 el fallo para evitar que demorar lo m\u00e1s que se pueda la orden del regreso a prisi\u00f3n. El juez les habilit\u00f3 esa apelaci\u00f3n, cuando puso la frase \u201cfirme que sea\u201d a la hora de dirimir el momento de la ejecuci\u00f3n. Ser\u00e1 Casaci\u00f3n la que revise entonces la resoluci\u00f3n de Obligado de la vuelta a la prisi\u00f3n, aunque la defensa de Boudou podr\u00eda intentar llevar el tema, una vez m\u00e1s, a la Corte Suprema. Seg\u00fan las palabras de Amado Boudou, \u201chay que anular los juicios y volverlos a hacer\u201d.<\/p>\n<p class=\"paragraph\"><mark class=\"hl_orange\"><b>Aborto<\/b><\/mark><\/p>\n<picture class=\"visual__image\"><source srcset=\"https:\/\/www.infobae.com\/new-resizer\/j0WQlUiWpsGJNGOH2mlpaXtuWDE=\/768x512\/filters:format(jpg):quality(85)\/cloudfront-us-east-1.images.arcpublishing.com\/infobae\/IJ4TO4KXPRD7HMUQ7UKIUOMHRE.jpg 1200w\" type=\"image\/jpg\" \/><source srcset=\"https:\/\/www.infobae.com\/new-resizer\/j0WQlUiWpsGJNGOH2mlpaXtuWDE=\/768x512\/filters:format(jpg):quality(85)\/cloudfront-us-east-1.images.arcpublishing.com\/infobae\/IJ4TO4KXPRD7HMUQ7UKIUOMHRE.jpg 992w\" type=\"image\/jpg\" \/><source srcset=\"https:\/\/www.infobae.com\/new-resizer\/j0WQlUiWpsGJNGOH2mlpaXtuWDE=\/768x512\/filters:format(jpg):quality(85)\/cloudfront-us-east-1.images.arcpublishing.com\/infobae\/IJ4TO4KXPRD7HMUQ7UKIUOMHRE.jpg 768w\" type=\"image\/jpg\" \/><source srcset=\"https:\/\/www.infobae.com\/new-resizer\/HI21V6iixv171XI8IO8saCqiz2M=\/420x280\/filters:format(jpg):quality(85)\/cloudfront-us-east-1.images.arcpublishing.com\/infobae\/IJ4TO4KXPRD7HMUQ7UKIUOMHRE.jpg 420w\" type=\"image\/jpg\" \/><img loading=\"lazy\" decoding=\"async\" src=\"https:\/\/www.infobae.com\/new-resizer\/HI21V6iixv171XI8IO8saCqiz2M=\/420x280\/filters:format(jpg):quality(85)\/\/cloudfront-us-east-1.images.arcpublishing.com\/infobae\/IJ4TO4KXPRD7HMUQ7UKIUOMHRE.jpg\" alt=\"Manifestantes acampan afuera del Congreso a la espera de la votaci\u00f3n en el Senado (EFE\/Juan Ignacio Roncoroni) \" width=\"3264\" height=\"2176\"  title=\"Lo que se viene en la Justicia en el 2021: juicios y reformas pendientes, la batalla en la Corte y cambios para Comodoro Py\" \/>Manifestantes acampan afuera del Congreso a la espera de la votaci\u00f3n en el Senado (EFE\/Juan Ignacio Roncoroni)<\/picture>\n<p class=\"paragraph\">Fuera de la agenda de las causas pol\u00edticas, el Congreso aprob\u00f3 la ley del<b>\u00a0aborto.\u00a0<\/b>Los pa\u00f1uelos celestes ya prometieron llevar el tema a los tribunales para que se dicte la inconstitucionalidad. El oficialismo que motoriz\u00f3 la aprobaci\u00f3n sostienen que no hay ninguna posibilidad de que una sentencia de esas caracter\u00edsticas prospere. La ley a\u00fan no se reglament\u00f3. Por lo pronto,\u00a0<b>el juzgado federal N\u00b0 2 de Salta, a cargo de Miguel Medina,\u00a0<\/b>habilit\u00f3 la feria de enero para tratar un\u00a0<a href=\"https:\/\/www.infobae.com\/politica\/2020\/12\/31\/un-juez-de-salta-acepto-tratar-un-pedido-de-inconstitucionalidad-de-la-ley-del-aborto\/\" target=\"_blank\">pedido de inconstitucionalidad<\/a>\u00a0del\u00a0<b>Protocolo de Interrupci\u00f3n Legal de Embarazo (ILE)<\/b>, que rige para casos de abortos no punibles en casos de violaci\u00f3n o peligro para la salud de la mujer. La presentaci\u00f3n busca una declaraci\u00f3n judicial que disponga que \u201cser humano existe desde el momento de la concepci\u00f3n\u201d, como tambi\u00e9n, que \u201cel ni\u00f1o no nacido tiene derecho intr\u00ednseco a la vida del que no puede ser privado\u201d. Habr\u00e1 que ver si la suerte que tienen estas causas contra la ley del aborto en las distintas jurisdicciones o las que puedan presentarse cuando haya problemas para aplicar la ley votada. En tribunales no descartan que v\u00eda, un caso concreto, el tema llegue a largo plazo hasta la Corte Suprema.<\/p>\n<p class=\"paragraph\">Fuente:<a href=\"https:\/\/www.infobae.com\/?noredirect\"> Infobae.com<\/a><\/p>","protected":false},"excerpt":{"rendered":"<p>El 2021, a\u00f1o electoral, promete ser caliente en temas judiciales. Con la vicepresidenta\u00a0Cristina Kirchner\u00a0como principal protagonista de causas judiciales,\u00a0cuestionamientos abiertos\u00a0a la\u00a0Corte Suprema de Justicia\u00a0y la convicci\u00f3n de la existencia de\u00a0\u201clawfare\u201d\u00a0para condicionar gobiernos populares, los tribunales se convertir\u00e1n una vez m\u00e1s en un escenario a observar:\u00a0sea por acci\u00f3n u omisi\u00f3n. Pero adem\u00e1s Cristina Kirchner no es [&hellip;]<\/p>\n","protected":false},"author":9,"featured_media":0,"comment_status":"open","ping_status":"open","sticky":false,"template":"","format":"standard","meta":{"site-sidebar-layout":"default","site-content-layout":"","ast-site-content-layout":"default","site-content-style":"default","site-sidebar-style":"default","ast-global-header-display":"","ast-banner-title-visibility":"","ast-main-header-display":"","ast-hfb-above-header-display":"","ast-hfb-below-header-display":"","ast-hfb-mobile-header-display":"","site-post-title":"","ast-breadcrumbs-content":"","ast-featured-img":"","footer-sml-layout":"","ast-disable-related-posts":"","theme-transparent-header-meta":"","adv-header-id-meta":"","stick-header-meta":"","header-above-stick-meta":"","header-main-stick-meta":"","header-below-stick-meta":"","astra-migrate-meta-layouts":"default","ast-page-background-enabled":"default","ast-page-background-meta":{"desktop":{"background-color":"","background-image":"","background-repeat":"repeat","background-position":"center center","background-size":"auto","background-attachment":"scroll","background-type":"","background-media":"","overlay-type":"","overlay-color":"","overlay-opacity":"","overlay-gradient":""},"tablet":{"background-color":"","background-image":"","background-repeat":"repeat","background-position":"center center","background-size":"auto","background-attachment":"scroll","background-type":"","background-media":"","overlay-type":"","overlay-color":"","overlay-opacity":"","overlay-gradient":""},"mobile":{"background-color":"","background-image":"","background-repeat":"repeat","background-position":"center center","background-size":"auto","background-attachment":"scroll","background-type":"","background-media":"","overlay-type":"","overlay-color":"","overlay-opacity":"","overlay-gradient":""}},"ast-content-background-meta":{"desktop":{"background-color":"var(--ast-global-color-5)","background-image":"","background-repeat":"repeat","background-position":"center center","background-size":"auto","background-attachment":"scroll","background-type":"","background-media":"","overlay-type":"","overlay-color":"","overlay-opacity":"","overlay-gradient":""},"tablet":{"background-color":"var(--ast-global-color-5)","background-image":"","background-repeat":"repeat","background-position":"center center","background-size":"auto","background-attachment":"scroll","background-type":"","background-media":"","overlay-type":"","overlay-color":"","overlay-opacity":"","overlay-gradient":""},"mobile":{"background-color":"var(--ast-global-color-5)","background-image":"","background-repeat":"repeat","background-position":"center center","background-size":"auto","background-attachment":"scroll","background-type":"","background-media":"","overlay-type":"","overlay-color":"","overlay-opacity":"","overlay-gradient":""}},"footnotes":""},"categories":[2],"tags":[],"class_list":["post-49798","post","type-post","status-publish","format-standard","hentry","category-politica"],"spectra_blocks_featured_image_url":null,"spectra_blocks_author_info":{"display_name":"Jorge Alfredo Baret","avatar_url":"https:\/\/secure.gravatar.com\/avatar\/31696f5ca83439b642450ec7d3f82f98451a5efacb414343d5478c982b337f26?s=96&d=mm&r=g","author_link":"https:\/\/100xd.com.ar\/es\/author\/jorge\/","description":"Ingeniero Qu\u00edmico UTN - Director Apoderado de Comunicaciones Auditadas SA. Editor Responsable 100xd.com.ar."},"_links":{"self":[{"href":"https:\/\/100xd.com.ar\/es\/wp-json\/wp\/v2\/posts\/49798","targetHints":{"allow":["GET"]}}],"collection":[{"href":"https:\/\/100xd.com.ar\/es\/wp-json\/wp\/v2\/posts"}],"about":[{"href":"https:\/\/100xd.com.ar\/es\/wp-json\/wp\/v2\/types\/post"}],"author":[{"embeddable":true,"href":"https:\/\/100xd.com.ar\/es\/wp-json\/wp\/v2\/users\/9"}],"replies":[{"embeddable":true,"href":"https:\/\/100xd.com.ar\/es\/wp-json\/wp\/v2\/comments?post=49798"}],"version-history":[{"count":2,"href":"https:\/\/100xd.com.ar\/es\/wp-json\/wp\/v2\/posts\/49798\/revisions"}],"predecessor-version":[{"id":49801,"href":"https:\/\/100xd.com.ar\/es\/wp-json\/wp\/v2\/posts\/49798\/revisions\/49801"}],"wp:attachment":[{"href":"https:\/\/100xd.com.ar\/es\/wp-json\/wp\/v2\/media?parent=49798"}],"wp:term":[{"taxonomy":"category","embeddable":true,"href":"https:\/\/100xd.com.ar\/es\/wp-json\/wp\/v2\/categories?post=49798"},{"taxonomy":"post_tag","embeddable":true,"href":"https:\/\/100xd.com.ar\/es\/wp-json\/wp\/v2\/tags?post=49798"}],"curies":[{"name":"wp","href":"https:\/\/api.w.org\/{rel}","templated":true}]}}