{"id":49743,"date":"2020-12-31T11:51:49","date_gmt":"2020-12-31T14:51:49","guid":{"rendered":"http:\/\/www.100xd.com.ar\/?p=49743"},"modified":"2020-12-31T11:51:53","modified_gmt":"2020-12-31T14:51:53","slug":"carrio-2021-una-candidatura-que-busca-condicionar","status":"publish","type":"post","link":"https:\/\/100xd.com.ar\/es\/carrio-2021-una-candidatura-que-busca-condicionar\/","title":{"rendered":"Carri\u00f3 2021, una candidatura que busca condicionar"},"content":{"rendered":"<p>El de Elisa Carri\u00f3 era un retiro condicionado. Ahora que decidi\u00f3 que su salida de la pol\u00edtica diaria es algo que puede esperar, se embarc\u00f3 en una campa\u00f1a para postularse a competir en territorio bonaerense. Una candidatura con la que busca condicionar. Por m\u00e1s que sus dardos apuntan sobre todo a Cristina Kirchner, el lanzamiento que hizo de cara a las legislativas de 2021 tiene como destinatarios a sus socios de Juntos por el Cambio. En la Coalici\u00f3n C\u00edvica-ARI no los tom\u00f3 por sorpresa las declaraciones de Lilita sobre sus aspiraciones. Pero para el mundo pol\u00edtico sorprendi\u00f3 el momento: pocos se animan a plantear aspiraciones electorales tantos meses antes. &#8220;Nosotros queremos seguir siendo un factor de incidencia, de condicionamiento, de lo que creemos que tiene que ser Juntos por el Cambio. Y que Lilita sea candidata ayuda a ejercerlo mejor&#8221;, razona una de las voces del partido que m\u00e1s di\u00e1logo tiene con la ex diputada. &#8220;Poder de veto&#8221;, lo resume otro dirigente. \u201cTanto para alg\u00fan dirigente que se quiera filtrar en JxC como para frenar a alguno que no sea de su agrado\u201d, completa. El argumento es claro: con Carri\u00f3 en su chacra de Exaltaci\u00f3n de la Cruz, sin poner el cuerpo en una campa\u00f1a, creen que la Coalici\u00f3n perder\u00e1 peso interno en las discusiones. Vuelve la pelea Carri\u00f3 \u2013 Monz\u00f3: &#8220;Los agravios de Lilita tienen que ver con enfrentar a Emilio en 2021&#8243; \u00bfPor qu\u00e9 ahora? \u201cElla siempre tiene la teor\u00eda de que en diciembre anterior a una elecci\u00f3n ya se empieza a disputar el poder y empieza la pelea real por las candidaturas&#8221;, explica una de las fuentes consultadas. Y agrega: \u201cDespu\u00e9s es el trazo m\u00e1s fino, pero siempre en diciembre sale fuerte y as\u00ed empieza a condicionar\u201d. \u201cElla siempre se busca adelantar\u201d, ratifica otro dirigente. Pero no fue solamente una cuesti\u00f3n de tiempos pol\u00edticos sino que tambi\u00e9n hubo movimientos que la alertaron. \u201cVe que se quiere ampliar el espacio sin l\u00edmites morales\u201d, alerta otra voz de los lilitos. \u00bfLo dicen por alguien en particular? Silencio. Solo hay que escuchar a Carri\u00f3 para saber que Emilio Monz\u00f3, por ejemplo, es uno de los que tiene entre ceja y ceja. Pero no ser\u00eda el \u00fanico que la mantiene alerta. Est\u00e1 claro que el territorio bonaerense es donde se juega la batalla central. La candidata natural para encabezar esa lista es Mar\u00eda Eugenia Vidal, por nivel de conocimiento e imagen p\u00fablica (a pesar de haber sufrido una dura derrota con Axel Kicillof en 2019). Sin embargo, la ex gobernadora no da se\u00f1ales de que va a hacer, e incluso no descarta volver a competir en la Ciudad. \u201cVenimos trabajando de manera coordinada con Vidal, y tambi\u00e9n con Horacio (Rodr\u00edguez Larreta)\u201d, explican cerca de Carri\u00f3 para descartar que el mensaje sea hacia ellos.\u00a0 La candidatura de Carri\u00f3 tambi\u00e9n lleg\u00f3 en un momento de hiperactividad. No solo por un frenes\u00ed de apariciones medi\u00e1ticas, sino tambi\u00e9n porque su bloque de diputados hizo un pedido de juicio pol\u00edtico a Cristina Kirchner y porque ella present\u00f3 una denuncia penal contra Alberto Fern\u00e1ndez y Gin\u00e9s Gonz\u00e1lez Garc\u00eda, por el manejo en el tema vacunas. Carri\u00f3: &#8220;Me enoj\u00e9 con Macri porque me falt\u00f3 el respeto, me pidi\u00f3 disculpas y ya est\u00e1 bien&#8221; \u201cQuiere jugar porque piensa que se est\u00e1 en los inicios de un proceso autoritario y se requieren voces fuertes en el parlamento donde se va a dar el avance\u201d, se\u00f1ala un referente del bloque. Con ese an\u00e1lisis en la cabeza, en JxC saben que el desaf\u00edo electoral es may\u00fasculo, ya que deben repetir o mejorar la elecci\u00f3n de 2017 (su mejor elecci\u00f3n) para mantener el equilibrio de poder en el Diputados. El rol que tiene Cristina tambi\u00e9n la motiva a ella a jugar. \u201cSabe que si CFK va a protagonizar ella tiene que protagonizar, porque es como la contrafigura. Ver que est\u00e1 jugando fuerte la lleva a ella a jugar fuerte\u201d, describen los lilitos. \u201cSi hubiese protagonizado m\u00e1s Alberto quiz\u00e1s se guardaba y no le importaba tanto la disputa electoral, pero ahora le da m\u00e1s adrenalina\u201d, a\u00f1aden. \u201cEs la \u00fanica que se le planta de frente a Cristina y tambi\u00e9n manda mensajes hacia adentro de JxC. Un cl\u00e1sico para estas fiestas\u201d, concluye otro dirigente explicando el men\u00fa navide\u00f1o de LIlita. El a\u00f1o pasado, en su cumple de 63, hab\u00eda anticipado que se retiraba \u201cdel Congreso pero no de la pol\u00edtica\u201d. El \u00faltimo s\u00e1bado, al cumplir 64, ya estaba lanzada de nuevo al ruedo.<\/p>\n<p>Fuente:<a href=\"https:\/\/www.perfil.com\/\"> Perfil.com<\/a><\/p>","protected":false},"excerpt":{"rendered":"<p>El de Elisa Carri\u00f3 era un retiro condicionado. Ahora que decidi\u00f3 que su salida de la pol\u00edtica diaria es algo que puede esperar, se embarc\u00f3 en una campa\u00f1a para postularse a competir en territorio bonaerense. Una candidatura con la que busca condicionar. Por m\u00e1s que sus dardos apuntan sobre todo a Cristina Kirchner, el lanzamiento [&hellip;]<\/p>\n","protected":false},"author":9,"featured_media":0,"comment_status":"open","ping_status":"open","sticky":false,"template":"","format":"standard","meta":{"site-sidebar-layout":"default","site-content-layout":"","ast-site-content-layout":"default","site-content-style":"default","site-sidebar-style":"default","ast-global-header-display":"","ast-banner-title-visibility":"","ast-main-header-display":"","ast-hfb-above-header-display":"","ast-hfb-below-header-display":"","ast-hfb-mobile-header-display":"","site-post-title":"","ast-breadcrumbs-content":"","ast-featured-img":"","footer-sml-layout":"","ast-disable-related-posts":"","theme-transparent-header-meta":"","adv-header-id-meta":"","stick-header-meta":"","header-above-stick-meta":"","header-main-stick-meta":"","header-below-stick-meta":"","astra-migrate-meta-layouts":"default","ast-page-background-enabled":"default","ast-page-background-meta":{"desktop":{"background-color":"","background-image":"","background-repeat":"repeat","background-position":"center center","background-size":"auto","background-attachment":"scroll","background-type":"","background-media":"","overlay-type":"","overlay-color":"","overlay-opacity":"","overlay-gradient":""},"tablet":{"background-color":"","background-image":"","background-repeat":"repeat","background-position":"center center","background-size":"auto","background-attachment":"scroll","background-type":"","background-media":"","overlay-type":"","overlay-color":"","overlay-opacity":"","overlay-gradient":""},"mobile":{"background-color":"","background-image":"","background-repeat":"repeat","background-position":"center center","background-size":"auto","background-attachment":"scroll","background-type":"","background-media":"","overlay-type":"","overlay-color":"","overlay-opacity":"","overlay-gradient":""}},"ast-content-background-meta":{"desktop":{"background-color":"var(--ast-global-color-5)","background-image":"","background-repeat":"repeat","background-position":"center center","background-size":"auto","background-attachment":"scroll","background-type":"","background-media":"","overlay-type":"","overlay-color":"","overlay-opacity":"","overlay-gradient":""},"tablet":{"background-color":"var(--ast-global-color-5)","background-image":"","background-repeat":"repeat","background-position":"center center","background-size":"auto","background-attachment":"scroll","background-type":"","background-media":"","overlay-type":"","overlay-color":"","overlay-opacity":"","overlay-gradient":""},"mobile":{"background-color":"var(--ast-global-color-5)","background-image":"","background-repeat":"repeat","background-position":"center center","background-size":"auto","background-attachment":"scroll","background-type":"","background-media":"","overlay-type":"","overlay-color":"","overlay-opacity":"","overlay-gradient":""}},"footnotes":""},"categories":[2],"tags":[],"class_list":["post-49743","post","type-post","status-publish","format-standard","hentry","category-politica"],"spectra_blocks_featured_image_url":null,"spectra_blocks_author_info":{"display_name":"Jorge Alfredo Baret","avatar_url":"https:\/\/secure.gravatar.com\/avatar\/31696f5ca83439b642450ec7d3f82f98451a5efacb414343d5478c982b337f26?s=96&d=mm&r=g","author_link":"https:\/\/100xd.com.ar\/es\/author\/jorge\/","description":"Ingeniero Qu\u00edmico UTN - Director Apoderado de Comunicaciones Auditadas SA. Editor Responsable 100xd.com.ar."},"_links":{"self":[{"href":"https:\/\/100xd.com.ar\/es\/wp-json\/wp\/v2\/posts\/49743","targetHints":{"allow":["GET"]}}],"collection":[{"href":"https:\/\/100xd.com.ar\/es\/wp-json\/wp\/v2\/posts"}],"about":[{"href":"https:\/\/100xd.com.ar\/es\/wp-json\/wp\/v2\/types\/post"}],"author":[{"embeddable":true,"href":"https:\/\/100xd.com.ar\/es\/wp-json\/wp\/v2\/users\/9"}],"replies":[{"embeddable":true,"href":"https:\/\/100xd.com.ar\/es\/wp-json\/wp\/v2\/comments?post=49743"}],"version-history":[{"count":1,"href":"https:\/\/100xd.com.ar\/es\/wp-json\/wp\/v2\/posts\/49743\/revisions"}],"predecessor-version":[{"id":49745,"href":"https:\/\/100xd.com.ar\/es\/wp-json\/wp\/v2\/posts\/49743\/revisions\/49745"}],"wp:attachment":[{"href":"https:\/\/100xd.com.ar\/es\/wp-json\/wp\/v2\/media?parent=49743"}],"wp:term":[{"taxonomy":"category","embeddable":true,"href":"https:\/\/100xd.com.ar\/es\/wp-json\/wp\/v2\/categories?post=49743"},{"taxonomy":"post_tag","embeddable":true,"href":"https:\/\/100xd.com.ar\/es\/wp-json\/wp\/v2\/tags?post=49743"}],"curies":[{"name":"wp","href":"https:\/\/api.w.org\/{rel}","templated":true}]}}