{"id":49681,"date":"2020-12-29T10:55:56","date_gmt":"2020-12-29T13:55:56","guid":{"rendered":"http:\/\/www.100xd.com.ar\/?p=49681"},"modified":"2020-12-29T10:56:01","modified_gmt":"2020-12-29T13:56:01","slug":"con-larreta-a-la-cabeza-el-ranking-de-los-gobernadores-con-mejor-y-peor-imagen","status":"publish","type":"post","link":"https:\/\/100xd.com.ar\/es\/con-larreta-a-la-cabeza-el-ranking-de-los-gobernadores-con-mejor-y-peor-imagen\/","title":{"rendered":"Con Larreta a la cabeza, el ranking de los gobernadores con mejor y peor imagen"},"content":{"rendered":"<p>La encuestadora\u00a0CBConsultora realiz\u00f3 un sondeo sobre los gobernadores con mejor y peor imagen. El ranking lo encabeza el jefe de Gobierno porte\u00f1o, Horacio Rodr\u00edguez Larreta, seguido de cerca por el gobernador de San Juan, Sergio U\u00f1ac, y el de Mendoza,\u00a0Rodolfo Su\u00e1rez.\u00a0En la tabla de abajo, aparecen \u00faltimos\u00a0la mandatario de Santa Cruz, Alicia Kirchner, y el de Chubut, Mariano Arcioni. La encuesta\u00a0online se realiz\u00f3 en\u00a0todos las provincias argentinas con un total de 17229 casos (promedio 500-1250 casos por distrito). El sondeo se efectu\u00f3 entre el\u00a016 a 19 de diciembre con un\u00a0error de muestro de +\/- 3,9%. Con 67,4% de imagen positiva, y subiendo casi dos puntos con respecto al mes anterior, lidera la tabla Larreta, uno de los l\u00edderes de la oposici\u00f3n de Juntos por el Cambio que cada vez toma m\u00e1s protagonismo y se lo empieza a nombrar como posible candidato presidencial. Aunque la grieta se fortalece, menos del 40% pertenece a un &#8220;n\u00facleo duro&#8221; Larreta posee su imagen positiva m\u00e1s alta en CABA (67,4%) y su imagen positiva m\u00e1s baja en la provincia de San Luis (38,5%). La provincia donde m\u00e1s aument\u00f3 su imagen positiva con respecto al mes anterior es en\u00a0Catamarca (+ 2,6 puntos), mientras que en\u00a0Santiago del Estero es donde m\u00e1s baj\u00f3 su imagen con respecto al mes de noviembre (- 6,2 puntos). Detr\u00e1s del jefe de Gobierno porte\u00f1o, se ubica\u00a0Sergio U\u00f1ac con 66,6% de imagen positiva. Perdi\u00f3 medio punto en relaci\u00f3n a noviembre, cuando era el mandatario provincial con mejor imagen, ahora desplazado por Larreta de ese puesto. Rodolfo Su\u00e1rez completa el podio con 64,1%. En el otro extremo, los tres gobernadores peores calificados de \u00e9ste mes son Alicia Kirchner de\u00a0Santa Cruz (40,9%) Mariano Arcioni de Chubut (41,6%) y Ricardo Quintela de La Rioja (44,8%). Por su lado, el gobernador bonaerense Axel Kicillof est\u00e1 en el puesto 11 con 56,9% de imagen positiva.\u00a0 Quien m\u00e1s aument\u00f3 su imagen positiva con respecto al mes anterior es Gerardo Zamora de Santiago del Estero (+ 5,2 puntos), mientras que Oscar Herrera Ahuad de Misiones es quien m\u00e1s baj\u00f3 su imagen con respecto al mes de Noviembre (- 4,1 puntos). En la pandemia, la curva de imagen y credibilidad de CFK y Macri cay\u00f3 en picada Chaco es la provincia donde Alberto Fern\u00e1ndez tiene mejor imagen El presidente Alberto Fern\u00e1ndez posee su imagen positiva m\u00e1s alta en la provincia del Chaco (73,6%) y su imagen positiva m\u00e1s baja en\u00a0Mendoza (38,1%). El distrito donde m\u00e1s aument\u00f3 su imagen positiva con\u00a0respecto al mes anterior es en CABA (+ 2,8 puntos), mientras que en\u00a0Misiones es donde m\u00e1s baj\u00f3 su imagen con respecto al mes de noviembre (- 5,7 puntos). Formosa es la provincia donde Cristina Kirchner tiene mejor imagen La vicepresidenta Cristina Fern\u00e1ndez de Kirchner posee su imagen positiva\u00a0m\u00e1s alta en\u00a0Formosa (62,7%) y su imagen positiva m\u00e1s baja en Mendoza (22,9%). Macri tiene m\u00e1s\u00a0imagen negativa que positiva\u00a0en todas las provincias del pa\u00eds El expresidente Mauricio Macri finaliza el a\u00f1o con imagen negativa\u00a0superior a la positiva en todas las provincias del pa\u00eds. Su imagen positiva m\u00e1s alta se da en\u00a0C\u00f3rdoba (45,5%) y su imagen positiva m\u00e1s baja la tiene en\u00a0Santiago del Estero (20,7%). Massa mejor\u00f3 su imagen positiva en 16 provincias El presidente de la C\u00e1mara de Diputados, Sergio Massa, mejor\u00f3 su imagen positiva en 16 provincias con respecto al mes anterior, donde su imagen\u00a0positiva m\u00e1s alta se da en Formosa (52,7%) y su imagen positiva\u00a0m\u00e1s baja la tiene en Mendoza (21,5%).<\/p>\n<p>Fuente:<a href=\"https:\/\/www.perfil.com\/\"> Perfil.com<\/a><\/p>","protected":false},"excerpt":{"rendered":"<p>La encuestadora\u00a0CBConsultora realiz\u00f3 un sondeo sobre los gobernadores con mejor y peor imagen. El ranking lo encabeza el jefe de Gobierno porte\u00f1o, Horacio Rodr\u00edguez Larreta, seguido de cerca por el gobernador de San Juan, Sergio U\u00f1ac, y el de Mendoza,\u00a0Rodolfo Su\u00e1rez.\u00a0En la tabla de abajo, aparecen \u00faltimos\u00a0la mandatario de Santa Cruz, Alicia Kirchner, y el [&hellip;]<\/p>\n","protected":false},"author":9,"featured_media":0,"comment_status":"open","ping_status":"open","sticky":false,"template":"","format":"standard","meta":{"site-sidebar-layout":"default","site-content-layout":"","ast-site-content-layout":"default","site-content-style":"default","site-sidebar-style":"default","ast-global-header-display":"","ast-banner-title-visibility":"","ast-main-header-display":"","ast-hfb-above-header-display":"","ast-hfb-below-header-display":"","ast-hfb-mobile-header-display":"","site-post-title":"","ast-breadcrumbs-content":"","ast-featured-img":"","footer-sml-layout":"","ast-disable-related-posts":"","theme-transparent-header-meta":"","adv-header-id-meta":"","stick-header-meta":"","header-above-stick-meta":"","header-main-stick-meta":"","header-below-stick-meta":"","astra-migrate-meta-layouts":"default","ast-page-background-enabled":"default","ast-page-background-meta":{"desktop":{"background-color":"","background-image":"","background-repeat":"repeat","background-position":"center center","background-size":"auto","background-attachment":"scroll","background-type":"","background-media":"","overlay-type":"","overlay-color":"","overlay-opacity":"","overlay-gradient":""},"tablet":{"background-color":"","background-image":"","background-repeat":"repeat","background-position":"center center","background-size":"auto","background-attachment":"scroll","background-type":"","background-media":"","overlay-type":"","overlay-color":"","overlay-opacity":"","overlay-gradient":""},"mobile":{"background-color":"","background-image":"","background-repeat":"repeat","background-position":"center center","background-size":"auto","background-attachment":"scroll","background-type":"","background-media":"","overlay-type":"","overlay-color":"","overlay-opacity":"","overlay-gradient":""}},"ast-content-background-meta":{"desktop":{"background-color":"var(--ast-global-color-5)","background-image":"","background-repeat":"repeat","background-position":"center center","background-size":"auto","background-attachment":"scroll","background-type":"","background-media":"","overlay-type":"","overlay-color":"","overlay-opacity":"","overlay-gradient":""},"tablet":{"background-color":"var(--ast-global-color-5)","background-image":"","background-repeat":"repeat","background-position":"center center","background-size":"auto","background-attachment":"scroll","background-type":"","background-media":"","overlay-type":"","overlay-color":"","overlay-opacity":"","overlay-gradient":""},"mobile":{"background-color":"var(--ast-global-color-5)","background-image":"","background-repeat":"repeat","background-position":"center center","background-size":"auto","background-attachment":"scroll","background-type":"","background-media":"","overlay-type":"","overlay-color":"","overlay-opacity":"","overlay-gradient":""}},"footnotes":""},"categories":[25],"tags":[],"class_list":["post-49681","post","type-post","status-publish","format-standard","hentry","category-destacado"],"spectra_blocks_featured_image_url":null,"spectra_blocks_author_info":{"display_name":"Jorge Alfredo Baret","avatar_url":"https:\/\/secure.gravatar.com\/avatar\/31696f5ca83439b642450ec7d3f82f98451a5efacb414343d5478c982b337f26?s=96&d=mm&r=g","author_link":"https:\/\/100xd.com.ar\/es\/author\/jorge\/","description":"Ingeniero Qu\u00edmico UTN - Director Apoderado de Comunicaciones Auditadas SA. Editor Responsable 100xd.com.ar."},"_links":{"self":[{"href":"https:\/\/100xd.com.ar\/es\/wp-json\/wp\/v2\/posts\/49681","targetHints":{"allow":["GET"]}}],"collection":[{"href":"https:\/\/100xd.com.ar\/es\/wp-json\/wp\/v2\/posts"}],"about":[{"href":"https:\/\/100xd.com.ar\/es\/wp-json\/wp\/v2\/types\/post"}],"author":[{"embeddable":true,"href":"https:\/\/100xd.com.ar\/es\/wp-json\/wp\/v2\/users\/9"}],"replies":[{"embeddable":true,"href":"https:\/\/100xd.com.ar\/es\/wp-json\/wp\/v2\/comments?post=49681"}],"version-history":[{"count":1,"href":"https:\/\/100xd.com.ar\/es\/wp-json\/wp\/v2\/posts\/49681\/revisions"}],"predecessor-version":[{"id":49683,"href":"https:\/\/100xd.com.ar\/es\/wp-json\/wp\/v2\/posts\/49681\/revisions\/49683"}],"wp:attachment":[{"href":"https:\/\/100xd.com.ar\/es\/wp-json\/wp\/v2\/media?parent=49681"}],"wp:term":[{"taxonomy":"category","embeddable":true,"href":"https:\/\/100xd.com.ar\/es\/wp-json\/wp\/v2\/categories?post=49681"},{"taxonomy":"post_tag","embeddable":true,"href":"https:\/\/100xd.com.ar\/es\/wp-json\/wp\/v2\/tags?post=49681"}],"curies":[{"name":"wp","href":"https:\/\/api.w.org\/{rel}","templated":true}]}}