{"id":46873,"date":"2020-10-17T13:09:57","date_gmt":"2020-10-17T16:09:57","guid":{"rendered":"http:\/\/www.100xd.com.ar\/?p=46873"},"modified":"2020-10-17T13:10:02","modified_gmt":"2020-10-17T16:10:02","slug":"la-ucr-y-macri-elogios-ninguneos-y-una-coincidencia-unanime","status":"publish","type":"post","link":"https:\/\/100xd.com.ar\/es\/la-ucr-y-macri-elogios-ninguneos-y-una-coincidencia-unanime\/","title":{"rendered":"La UCR y Macri: elogios, ninguneos y una coincidencia un\u00e1nime"},"content":{"rendered":"<p>La reaparici\u00f3n medi\u00e1tica de Mauricio Macri despert\u00f3 una mezcla de sensaciones en los socios de la Uni\u00f3n C\u00edvica Radical, atravesadas, como era de esperar, por los posicionamientos internos en Juntos por el Cambio: hubo elogios, ninguneos y repudios. Aunque con frialdad, la mayor\u00eda valor\u00f3 las se\u00f1ales de autocr\u00edtica que hizo y que haya destacado a figuras del radicalismo, pero sobre todo mostraron sus coincidencias con las cr\u00edticas al ala pol\u00edtica por su relaci\u00f3n con los gobernadores del peronismo. Es que en el partido nunca ahorraron cr\u00edticas durante la gesti\u00f3n al v\u00ednculo que se ten\u00eda con las provincias. \u201cFrigerio y Monz\u00f3 fueron los responsables de fortalecer al adversario m\u00e1s que a la propia tropa. Se justificaba en que te daban gobernabilidad, pero no necesitaban entregarle tanto\u201d, analiza una espada legislativa de la UCR. \u201cCay\u00f3 bien el reconocimiento de que las gestiones pol\u00edticas de Frigerio no ayudaron porque muchos estaban muy heridos con el comportamiento de Rogelio y fue una puteada de mucho tiempo no atendida\u201d, coincide otra voz radical. Las quejas iban por el lado de afianzar el v\u00ednculo con los gobernadores y descuidar a los referentes locales, hasta el armado de alianzas con dirigentes peronistas que luego se abrieron. \u201cLas malas noticias de los ajustes nos las banc\u00e1bamos nosotros y las obras las usufructuaban ellos\u201d, es la cr\u00edtica m\u00e1s escuchada. \u201cAhora que no le echen la culpa a (Marcos) Pe\u00f1a, porque no sumaron ni un concejal\u201d, replica otro dirigente que no esconde su enojo. Incluso, hay quienes ponen la mira en los acercamientos que ahora le est\u00e1n llevando a Horacio Rodr\u00edguez Larreta. \u201cLe est\u00e1n armando encuentros en el interior con dirigentes que ya nos cagaron una vez\u201d, advierten. Te hace falta saber. Nos apasiona informar. Necesit\u00e1s confiar. Te queremos ah\u00ed. HACETE SOCIO DE PERFIL Periodismo Puro en tiempo real. REGISTRATE Ya tengo cuenta En la verdad no hay grieta: el \u00fanico compromiso es con vos De todas formas, hubo quienes criticaron que Macri haya hecho p\u00fablicas esas cr\u00edticas. \u201cYo no hubiera dicho lo de Frigerio, pero se ve que lo ten\u00eda atravesado y se lo quer\u00eda sacar\u201d, analizan. Un diputado dice: \u201cSuscribimos a las cr\u00edticas de la mesa pol\u00edtica. Pero tambi\u00e9n es v\u00edctima de su propia torpeza\u201d. Ernesto Sanz fue uno de los que hizo p\u00fablica esa contradicci\u00f3n. \u201cEn los espacios opositores, la cr\u00edtica a un sector tiene que hacerse puertas adentro, porque el Gobierno est\u00e1 muy interesado en provocar la fractura de la oposici\u00f3n\u201d, analiz\u00f3 en Radio Rivadavia. La postura de Macri respecto a los liderazgos fue mejor recibida, aunque depende del sector al que se pregunte. Resalt\u00f3 a Alfredo Cornejo, a pesar de haber sido uno de los que m\u00e1s lo critic\u00f3 durante la gesti\u00f3n. Con crudeza, un radical mide el impacto de las declaraciones: \u201cQuieras o no, ejerce una influencia. Lo pone en valor a Cornejo, que as\u00ed tiene m\u00e1s visibilidad que lo que viene teniendo remando en el desierto dentro del radicalismo\u201d. Macri tambi\u00e9n mencion\u00f3 a Luis Naidenoff y Mario Negri, los jefes de bloques parlamentarios. \u201cSe limit\u00f3 a los que tienen cargos institucionales\u201d, dicen unos. Pero otros destacan dos \u201colvidos\u201d: Mart\u00edn Lousteau y Gerardo Morales. \u201cA Mart\u00edn no lo quiere porque no lo controla\u201d, dice cerca de Lousteau, para quienes Macri rompi\u00f3 el silencio porque \u201cbusca que no lo borren del mapa\u201d. El gobernador juje\u00f1o, que en los hechos sigue siendo el hombre con m\u00e1s peso pol\u00edtico dentro del partido, en los \u00faltimos tiempos no ahorr\u00f3 cr\u00edticas medi\u00e1ticas a Macri. Y el ex mandatario no se olvida de esas cosas. La reaparici\u00f3n de Macri no pas\u00f3 desapercibida para los socios radicales, quien miran atentamente los movimientos en el PRO y se prometen que para 2023 no ser\u00e1n \u201cfurg\u00f3n de cola de Larreta\u201d.<\/p>\n<p>Fuente: <a href=\"https:\/\/www.perfil.com\/\">Perfil.com<\/a><\/p>","protected":false},"excerpt":{"rendered":"<p>La reaparici\u00f3n medi\u00e1tica de Mauricio Macri despert\u00f3 una mezcla de sensaciones en los socios de la Uni\u00f3n C\u00edvica Radical, atravesadas, como era de esperar, por los posicionamientos internos en Juntos por el Cambio: hubo elogios, ninguneos y repudios. Aunque con frialdad, la mayor\u00eda valor\u00f3 las se\u00f1ales de autocr\u00edtica que hizo y que haya destacado a [&hellip;]<\/p>\n","protected":false},"author":9,"featured_media":0,"comment_status":"open","ping_status":"open","sticky":false,"template":"","format":"standard","meta":{"site-sidebar-layout":"default","site-content-layout":"","ast-site-content-layout":"default","site-content-style":"default","site-sidebar-style":"default","ast-global-header-display":"","ast-banner-title-visibility":"","ast-main-header-display":"","ast-hfb-above-header-display":"","ast-hfb-below-header-display":"","ast-hfb-mobile-header-display":"","site-post-title":"","ast-breadcrumbs-content":"","ast-featured-img":"","footer-sml-layout":"","ast-disable-related-posts":"","theme-transparent-header-meta":"","adv-header-id-meta":"","stick-header-meta":"","header-above-stick-meta":"","header-main-stick-meta":"","header-below-stick-meta":"","astra-migrate-meta-layouts":"default","ast-page-background-enabled":"default","ast-page-background-meta":{"desktop":{"background-color":"","background-image":"","background-repeat":"repeat","background-position":"center center","background-size":"auto","background-attachment":"scroll","background-type":"","background-media":"","overlay-type":"","overlay-color":"","overlay-opacity":"","overlay-gradient":""},"tablet":{"background-color":"","background-image":"","background-repeat":"repeat","background-position":"center center","background-size":"auto","background-attachment":"scroll","background-type":"","background-media":"","overlay-type":"","overlay-color":"","overlay-opacity":"","overlay-gradient":""},"mobile":{"background-color":"","background-image":"","background-repeat":"repeat","background-position":"center center","background-size":"auto","background-attachment":"scroll","background-type":"","background-media":"","overlay-type":"","overlay-color":"","overlay-opacity":"","overlay-gradient":""}},"ast-content-background-meta":{"desktop":{"background-color":"var(--ast-global-color-5)","background-image":"","background-repeat":"repeat","background-position":"center center","background-size":"auto","background-attachment":"scroll","background-type":"","background-media":"","overlay-type":"","overlay-color":"","overlay-opacity":"","overlay-gradient":""},"tablet":{"background-color":"var(--ast-global-color-5)","background-image":"","background-repeat":"repeat","background-position":"center center","background-size":"auto","background-attachment":"scroll","background-type":"","background-media":"","overlay-type":"","overlay-color":"","overlay-opacity":"","overlay-gradient":""},"mobile":{"background-color":"var(--ast-global-color-5)","background-image":"","background-repeat":"repeat","background-position":"center center","background-size":"auto","background-attachment":"scroll","background-type":"","background-media":"","overlay-type":"","overlay-color":"","overlay-opacity":"","overlay-gradient":""}},"footnotes":""},"categories":[2],"tags":[],"class_list":["post-46873","post","type-post","status-publish","format-standard","hentry","category-politica"],"spectra_blocks_featured_image_url":null,"spectra_blocks_author_info":{"display_name":"Jorge Alfredo Baret","avatar_url":"https:\/\/secure.gravatar.com\/avatar\/31696f5ca83439b642450ec7d3f82f98451a5efacb414343d5478c982b337f26?s=96&d=mm&r=g","author_link":"https:\/\/100xd.com.ar\/es\/author\/jorge\/","description":"Ingeniero Qu\u00edmico UTN - Director Apoderado de Comunicaciones Auditadas SA. Editor Responsable 100xd.com.ar."},"_links":{"self":[{"href":"https:\/\/100xd.com.ar\/es\/wp-json\/wp\/v2\/posts\/46873","targetHints":{"allow":["GET"]}}],"collection":[{"href":"https:\/\/100xd.com.ar\/es\/wp-json\/wp\/v2\/posts"}],"about":[{"href":"https:\/\/100xd.com.ar\/es\/wp-json\/wp\/v2\/types\/post"}],"author":[{"embeddable":true,"href":"https:\/\/100xd.com.ar\/es\/wp-json\/wp\/v2\/users\/9"}],"replies":[{"embeddable":true,"href":"https:\/\/100xd.com.ar\/es\/wp-json\/wp\/v2\/comments?post=46873"}],"version-history":[{"count":1,"href":"https:\/\/100xd.com.ar\/es\/wp-json\/wp\/v2\/posts\/46873\/revisions"}],"predecessor-version":[{"id":46875,"href":"https:\/\/100xd.com.ar\/es\/wp-json\/wp\/v2\/posts\/46873\/revisions\/46875"}],"wp:attachment":[{"href":"https:\/\/100xd.com.ar\/es\/wp-json\/wp\/v2\/media?parent=46873"}],"wp:term":[{"taxonomy":"category","embeddable":true,"href":"https:\/\/100xd.com.ar\/es\/wp-json\/wp\/v2\/categories?post=46873"},{"taxonomy":"post_tag","embeddable":true,"href":"https:\/\/100xd.com.ar\/es\/wp-json\/wp\/v2\/tags?post=46873"}],"curies":[{"name":"wp","href":"https:\/\/api.w.org\/{rel}","templated":true}]}}