{"id":46506,"date":"2020-10-07T14:50:04","date_gmt":"2020-10-07T17:50:04","guid":{"rendered":"http:\/\/www.100xd.com.ar\/?p=46506"},"modified":"2020-10-07T14:50:10","modified_gmt":"2020-10-07T17:50:10","slug":"la-guerra-contra-los-meritos","status":"publish","type":"post","link":"https:\/\/100xd.com.ar\/es\/la-guerra-contra-los-meritos\/","title":{"rendered":"La guerra contra los m\u00e9ritos"},"content":{"rendered":"<p class=\"font_tertiary paragraph\">\u00bfQu\u00e9 es el m\u00e9rito? Seg\u00fan la Real Academia Espa\u00f1ola, significa una \u201cacci\u00f3n o conducta que hace a una persona digna de premio o alabanza\u201d y tambi\u00e9n \u201cel derecho a reconocimiento, alabanza, etc\u00e9tera, debido a las acciones o cualidades de una persona\u201d.<\/p>\n<p class=\"font_tertiary paragraph\">El presidente Alberto Fern\u00e1ndez fue profesor adjunto por concurso en la Facultad de Derecho de la UBA, en la que ahora es un docente contratado, porque su nombramiento ya venci\u00f3.<\/p>\n<p class=\"font_tertiary paragraph\">En los concursos para ser adjunto se dirime la cuesti\u00f3n por m\u00e9ritos. Y, a veces, en los nombramientos de docentes contratados, tambi\u00e9n importan los m\u00e9ritos.<\/p>\n<p class=\"font_tertiary paragraph\">Por eso\u00a0<b>es incomprensible su lucha contra la meritocracia, ya que t\u00e1citamente implica que los logros se concreten por accidente, por d\u00e1diva o por sorteo.<\/b><\/p>\n<p class=\"font_tertiary paragraph\">Suponemos que no se trata de una confesi\u00f3n: ser\u00eda inconcebible que admita que no tiene m\u00e9ritos para ser presidente, sino que ha sido el resultado del azar.<\/p>\n<p class=\"font_tertiary paragraph\">Este gobierno no se ha quedado en el discurso anti-m\u00e9rito: desat\u00f3 una persecuci\u00f3n contra el juez y actual presidente de la Corte, Carlos Rosenkrantz, ocultando la mano tras el pedido de diputados kirchneristas cuyos m\u00e9ritos para serlo son imaginables.<\/p>\n<p class=\"font_tertiary paragraph\"><b>\u00bfTiene m\u00e9ritos Rosenkrantz? Quiz\u00e1s el presidente Fern\u00e1ndez considere que no. O quiz\u00e1s sea al rev\u00e9s y por eso lo quiere expulsar del m\u00e1ximo tribunal argentino.<\/b><\/p>\n<p class=\"font_tertiary paragraph\">Dejemos de lado los honores que haya recibido desde asumir en la Corte, porque cuando algunos acceden a esos cargos tan relevantes, les llueven laureles m\u00e1s por obsecuencias que por merecimientos.<\/p>\n<p class=\"font_tertiary paragraph\">Por eso, limit\u00e9monos a lo que la nueva v\u00edctima de los &#8220;K&#8221; hizo antes de la Corte:<\/p>\n<p class=\"font_tertiary paragraph\">Bachiller con Medalla de Oro del Colegio Sarmiento, abogado en la Facultad de Derecho de la UBA egresado como abanderado y mejor promedio de su clase.<\/p>\n<p class=\"font_tertiary paragraph\">Estudi\u00f3 filosof\u00eda en la Sociedad Argentina de An\u00e1lisis Filos\u00f3fico con los profesores Nino, Bulygin, Carri\u00f3, Alchourron y Rabossi, y en los EEUU con Owen Fiss y Bruce Ackerman.<\/p>\n<p class=\"font_tertiary paragraph\">En 1984 trabaj\u00f3 junto a Carlos Nino en la Asesor\u00eda Jur\u00eddica del presidente Alfons\u00edn.<\/p>\n<p class=\"font_tertiary paragraph\">Fue becado por la Comisi\u00f3n Fulbright para estudiar en la Universidad de Yale donde obtuvo los t\u00edtulos de Master y Doctor en Derecho, y fue despu\u00e9s profesor.<\/p>\n<p class=\"font_tertiary paragraph\">En 1994, volvi\u00f3 a asesorar a Alfons\u00edn en la Convenci\u00f3n Constituyente y luego lo hizo en la Convenci\u00f3n de la Ciudad de Buenos Aires.<\/p>\n<p class=\"font_tertiary paragraph\">Ha llegado por concurso a ser profesor titular del Departamento de Teor\u00eda General del Derecho en la Facultad de Derecho de la UBA y de la Universidad de San Andr\u00e9s.<\/p>\n<p class=\"font_tertiary paragraph\">Durante 11 a\u00f1os fue profesor en las universidades de Nueva York y profesor visitante y disertante en las de Denver; Pompeu Fabra; Chile; Richmond; Aut\u00f3noma de M\u00e9xico; Nacional de C\u00f3rdoba; Nacional del Sur; Nacional de la Patagonia; de Girona; de Harvard; de California; de G\u00e9nova, etc\u00e9tera.<\/p>\n<p class=\"font_tertiary paragraph\">Fue rector de la Universidad de San Andr\u00e9s entre 2008 y 2016, donde cre\u00f3 el Programa Abanderados Argentinos, que otorga becas a alumnos provenientes de escuelas p\u00fablicas o con subvenci\u00f3n estatal de todo el pa\u00eds, convirtiendo a dicha casa universitaria en la universidad con mayor proporci\u00f3n de alumnos becarios de Argentina.<\/p>\n<p class=\"font_tertiary paragraph\">Fue editor del International Journal of Constitutional Law de Oxford y Miembro del Comit\u00e9 Editorial de la Revista Discusiones de la Universidad Nacional del Sur.<\/p>\n<p class=\"font_tertiary paragraph\">En el a\u00f1o 2016 recibi\u00f3 el Premio Konex en Teor\u00eda y Filosof\u00eda del Derecho.<\/p>\n<p class=\"font_tertiary paragraph\">Trabaj\u00f3 como abogado en el estudio Bouzat \u2010 Rosenkrantz &amp; Asociados desde 1990, en causas comerciales y de derechos civiles. Lider\u00f3 m\u00faltiples procesos de fusiones y adquisiciones de importantes empresas nacionales y multinacionales.<\/p>\n<p class=\"font_tertiary paragraph\">Ha defendido al pa\u00eds como testigo experto ante el CIADI en diversos arbitrajes internacionales, fue testigo y co\u2010 \u00e1rbitro de la CCI.<\/p>\n<p class=\"font_tertiary paragraph\">Fue asociado fundador y ex vicepresidente de la Asociaci\u00f3n por los Derechos Civiles y asociado de la Asociaci\u00f3n de Derecho Comparado.<\/p>\n<p class=\"font_tertiary paragraph\">Public\u00f3 numerosos trabajos jur\u00eddicos en revistas argentinas y extranjeras y los libros\u00a0<i>La responsabilidad extracontractual: Donde la Filosof\u00eda, el Derecho y la Econom\u00eda se Juntan<\/i>;\u00a0<i>Homenaje a Carlos S. Nino<\/i>, con Marcelo Alegre y R. Gargarella (Coordinadores);<i>\u00a0Razonamiento Jur\u00eddico, Ciencia del Derecho y Democracia en Carlos Nino<\/i>, con Rodolfo Vigo (Compiladores);\u00a0<i>La confianza y el Derecho<\/i>.<\/p>\n<p class=\"font_tertiary paragraph\"><b>Parece que la verdadera causa de que el Gobierno le pida juicio pol\u00edtico es que viola la regla medular vigente: no hay que tener m\u00e9ritos.<\/b><\/p>\n<p class=\"font_tertiary paragraph\">Fuente: <a href=\"https:\/\/www.infobae.com\/?noredirect\">Infobae.com<\/a><\/p>","protected":false},"excerpt":{"rendered":"<p>\u00bfQu\u00e9 es el m\u00e9rito? Seg\u00fan la Real Academia Espa\u00f1ola, significa una \u201cacci\u00f3n o conducta que hace a una persona digna de premio o alabanza\u201d y tambi\u00e9n \u201cel derecho a reconocimiento, alabanza, etc\u00e9tera, debido a las acciones o cualidades de una persona\u201d. El presidente Alberto Fern\u00e1ndez fue profesor adjunto por concurso en la Facultad de Derecho [&hellip;]<\/p>\n","protected":false},"author":9,"featured_media":0,"comment_status":"open","ping_status":"open","sticky":false,"template":"","format":"standard","meta":{"site-sidebar-layout":"default","site-content-layout":"","ast-site-content-layout":"default","site-content-style":"default","site-sidebar-style":"default","ast-global-header-display":"","ast-banner-title-visibility":"","ast-main-header-display":"","ast-hfb-above-header-display":"","ast-hfb-below-header-display":"","ast-hfb-mobile-header-display":"","site-post-title":"","ast-breadcrumbs-content":"","ast-featured-img":"","footer-sml-layout":"","ast-disable-related-posts":"","theme-transparent-header-meta":"","adv-header-id-meta":"","stick-header-meta":"","header-above-stick-meta":"","header-main-stick-meta":"","header-below-stick-meta":"","astra-migrate-meta-layouts":"default","ast-page-background-enabled":"default","ast-page-background-meta":{"desktop":{"background-color":"","background-image":"","background-repeat":"repeat","background-position":"center center","background-size":"auto","background-attachment":"scroll","background-type":"","background-media":"","overlay-type":"","overlay-color":"","overlay-opacity":"","overlay-gradient":""},"tablet":{"background-color":"","background-image":"","background-repeat":"repeat","background-position":"center center","background-size":"auto","background-attachment":"scroll","background-type":"","background-media":"","overlay-type":"","overlay-color":"","overlay-opacity":"","overlay-gradient":""},"mobile":{"background-color":"","background-image":"","background-repeat":"repeat","background-position":"center center","background-size":"auto","background-attachment":"scroll","background-type":"","background-media":"","overlay-type":"","overlay-color":"","overlay-opacity":"","overlay-gradient":""}},"ast-content-background-meta":{"desktop":{"background-color":"var(--ast-global-color-5)","background-image":"","background-repeat":"repeat","background-position":"center center","background-size":"auto","background-attachment":"scroll","background-type":"","background-media":"","overlay-type":"","overlay-color":"","overlay-opacity":"","overlay-gradient":""},"tablet":{"background-color":"var(--ast-global-color-5)","background-image":"","background-repeat":"repeat","background-position":"center center","background-size":"auto","background-attachment":"scroll","background-type":"","background-media":"","overlay-type":"","overlay-color":"","overlay-opacity":"","overlay-gradient":""},"mobile":{"background-color":"var(--ast-global-color-5)","background-image":"","background-repeat":"repeat","background-position":"center center","background-size":"auto","background-attachment":"scroll","background-type":"","background-media":"","overlay-type":"","overlay-color":"","overlay-opacity":"","overlay-gradient":""}},"footnotes":""},"categories":[12],"tags":[],"class_list":["post-46506","post","type-post","status-publish","format-standard","hentry","category-opinion"],"spectra_blocks_featured_image_url":null,"spectra_blocks_author_info":{"display_name":"Jorge Alfredo Baret","avatar_url":"https:\/\/secure.gravatar.com\/avatar\/31696f5ca83439b642450ec7d3f82f98451a5efacb414343d5478c982b337f26?s=96&d=mm&r=g","author_link":"https:\/\/100xd.com.ar\/es\/author\/jorge\/","description":"Ingeniero Qu\u00edmico UTN - Director Apoderado de Comunicaciones Auditadas SA. Editor Responsable 100xd.com.ar."},"_links":{"self":[{"href":"https:\/\/100xd.com.ar\/es\/wp-json\/wp\/v2\/posts\/46506","targetHints":{"allow":["GET"]}}],"collection":[{"href":"https:\/\/100xd.com.ar\/es\/wp-json\/wp\/v2\/posts"}],"about":[{"href":"https:\/\/100xd.com.ar\/es\/wp-json\/wp\/v2\/types\/post"}],"author":[{"embeddable":true,"href":"https:\/\/100xd.com.ar\/es\/wp-json\/wp\/v2\/users\/9"}],"replies":[{"embeddable":true,"href":"https:\/\/100xd.com.ar\/es\/wp-json\/wp\/v2\/comments?post=46506"}],"version-history":[{"count":1,"href":"https:\/\/100xd.com.ar\/es\/wp-json\/wp\/v2\/posts\/46506\/revisions"}],"predecessor-version":[{"id":46508,"href":"https:\/\/100xd.com.ar\/es\/wp-json\/wp\/v2\/posts\/46506\/revisions\/46508"}],"wp:attachment":[{"href":"https:\/\/100xd.com.ar\/es\/wp-json\/wp\/v2\/media?parent=46506"}],"wp:term":[{"taxonomy":"category","embeddable":true,"href":"https:\/\/100xd.com.ar\/es\/wp-json\/wp\/v2\/categories?post=46506"},{"taxonomy":"post_tag","embeddable":true,"href":"https:\/\/100xd.com.ar\/es\/wp-json\/wp\/v2\/tags?post=46506"}],"curies":[{"name":"wp","href":"https:\/\/api.w.org\/{rel}","templated":true}]}}