{"id":46388,"date":"2020-10-04T13:08:02","date_gmt":"2020-10-04T16:08:02","guid":{"rendered":"http:\/\/www.100xd.com.ar\/?p=46388"},"modified":"2020-10-04T13:08:10","modified_gmt":"2020-10-04T16:08:10","slug":"un-gobierno-para-la-tribuna","status":"publish","type":"post","link":"https:\/\/100xd.com.ar\/es\/un-gobierno-para-la-tribuna\/","title":{"rendered":"Un Gobierno para la tribuna"},"content":{"rendered":"<p class=\"font_tertiary paragraph\">La justificaci\u00f3n de las torturas y asesinatos de la dictadura venezolana realizada por Carlos Raimundi es una muestra cabal de la decadencia en la que est\u00e1 inmerso el gobierno. No por Raimundi, que es famoso por su insolvencia intelectual y que en lo \u00fanico que ha demostrado pericia es en recorrer con perfil bajo el espinel pol\u00edtico para tener siempre un cargo.\u00a0<b>Si el que le diera un cargo fuera Robledo Puch, Raimundi dir\u00eda que es un hombre que ha luchado contra el imperialismo<\/b>. El kirchnerismo est\u00e1 lleno de personajes como Raimundi.<\/p>\n<p class=\"font_tertiary paragraph\">El tema es que el mundo est\u00e1 en una situaci\u00f3n dif\u00edcil y estos gestos hunden a Argentina cada vez m\u00e1s en la posici\u00f3n de apestado internacional con el que nadie se quiere juntar y del cual es mejor huir (precisamente lo que est\u00e1n haciendo muchas empresas internacionales mientras la falta de empleo escala a cifras de v\u00e9rtigo). Pero, repito, Raimundi no es el problema. El problema es la extraordinaria falta de gobernabilidad del oficialismo. Lo normal hubiera sido que a Raimundi lo apartaran de su cargo en la OEA inmediatamente y que hiciesen un cerco sanitario aislando a un defensor de dictaduras. Pero el Presidente no puede. No tiene capacidad pol\u00edtica para remover a un embajador.\u00a0<b>\u00a1En una actitud de incre\u00edble patetismo le cont\u00f3 a un periodista que estaba enojado! Como si fuera un concejal de pueblo.<\/b>\u00a0En materia internacional el da\u00f1o es doble: el embajador ante la OEA es defensor de dictaduras y el Presidente no tiene poder para removerlo de su cargo. Cualquier gesto que no sea la remoci\u00f3n del cargo es un escal\u00f3n m\u00e1s hacia el aislamiento internacional en un momento donde Argentina necesita de muchos apoyos internacionales que le permitan atraer inversiones y crear empleos. Ni un centavo entrar\u00e1 a Argentina y la sangr\u00eda empresaria se intensificar\u00e1. Est\u00e1 claro que las viudas de dictadores no cotizan bien en el mercado internacional.<\/p>\n<p class=\"font_tertiary paragraph\">El \u00fanico indicador que Argentina encabeza es el de mayor cantidad de muertos por mill\u00f3n por Covid. Primeros. En primer lugar y luego de la cuarentena m\u00e1s larga del mundo. Destrozaron la econom\u00eda y aplicaron una estrategia sanitaria notablemente fallida. En este mundo convulsionado, los pa\u00edses atravesaron la pandemia de mejor o de peor forma. Argentina es observada en el mundo como ejemplo de estrategia estrafalaria, manejada por unos personajes que dan m\u00e1s pena que risa.\u00a0<b>\u201cEs la pandemia, no la cuarentena\u201d es la m\u00e1s reciente excusa que utilizan cuando alguien les hace notar el destrozo productivo que han generado<\/b>. Tan s\u00f3lo un poco de informaci\u00f3n muestra a las claras la falacia de esa frase. Si uno observa algunos datos de pa\u00edses vecinos, podr\u00e1 notar que Brasil tuvo el mejor mes de agosto desde 2011 en t\u00e9rminos de creaci\u00f3n de empleo (casi 250.000 mil empleos nuevos). Uruguay est\u00e1 viviendo un boom de inversiones mientras los chicos van al colegio. Vale aclarar, adem\u00e1s, que los uruguayos nunca hicieron cuarentena. Los indicadores sanitarios y econ\u00f3micos son claramente mejores que los nuestros.\u00a0<b>En Argentina, no supieron cuidar la salud y destrozaron la econom\u00eda<\/b>. A esta cat\u00e1strofe se le suma el aislamiento internacional por desastres como la p\u00e9sima postura frente a la elecci\u00f3n del presidente del Banco Interamericano de Desarrollo (Argentina no apoy\u00f3 al candidato de EEUU que ten\u00eda el consenso de casi todos los pa\u00edses de Latinoam\u00e9rica) o la presencia de funcionarios chavistas en sus filas. A prop\u00f3sito de cataclismos y de progresismos bobos, hay alguien que siempre se destaca: la ministra de Seguridad, Sabina Frederic.<b>\u00a0Ante la gravedad que significa el asesinato de un polic\u00eda, hay que destacar que la ministra de Seguridad lo \u00fanico que hizo fue buscar deslindar responsabilidades<\/b>. Su tarea se basa en relatar los sucesos con un marcado sesgo ideol\u00f3gico en lugar de procurar encontrar soluciones. Gran exponente del progresismo bobalic\u00f3n que no soluciona nada.<\/p>\n<p class=\"font_tertiary paragraph\"><b>En el mundo el problema es la pandemia. En la Argentina el problema es el gobierno y su infinita cuarentena.<\/b><\/p>\n<p class=\"font_tertiary paragraph\">El Gobierno est\u00e1 lleno de funcionarios cuyo comportamiento se asemeja much\u00edsimo al de los viejos bur\u00f3cratas comunistas cuando estaba por caer el r\u00e9gimen. Se ha escrito mucho al respecto y se han hecho pel\u00edculas sobre unos se\u00f1ores que, mientras el r\u00e9gimen se ca\u00eda a pedazos, segu\u00edan hablando de sus obsesiones totalitarias desde sus posiciones de poder si darse cuenta de que todo se desmoronaba alrededor.<b>\u00a0El kirchnerismo tiene una cantidad impresionante de personas en esa situaci\u00f3n. Gente como Raimundi.<\/b><\/p>\n<p class=\"font_tertiary paragraph\">El ex integrante de Montoneros y actual senador, Jorge Taiana, vincul\u00f3 a los culpables del asesinato de Dorrego, hace dos siglos, con Mauricio Macri. Dijo que a Dorrego lo mataron \u201clos intereses financieros de la ciudad de Buenos Aires, los mismos que han apoyado al ingeniero Macri, a su gobierno, y que nos han dejado en esta penosa situaci\u00f3n\u201d. Lo dicho ser\u00eda desopilante en un programa de humor donde hubiera un personaje con perfil de \u201cmontonero gag\u00e1\u201d sosteniendo pavadas hist\u00f3ricas y queriendo armar un relato en base a cosas inveros\u00edmiles. Lo grave fue que se dijo en el Senado durante una sesi\u00f3n donde se trataba el recorte de fondos a la ciudad de Buenos Aires.\u00a0<b>Viejos bur\u00f3cratas hablando para que s\u00f3lo los escuchen otros viejos bur\u00f3cratas de su secta, cumpliendo a su vez los \u00faltimos servicios de destrozo de la Rep\u00fablica y coronando de esa manera una larga vida de desastres<\/b>. Eso dicen en una sesi\u00f3n del Senado en la semana que salieron a la luz los datos que cuentan que en Argentina hay 40,9 por ciento de pobres y 10,5 de indigentes. La obra del peronismo en su esplendor. Sus taras y obsesiones de bur\u00f3cratas millonarios destrozando la vida y el trabajo de los argentinos. Si tuvieran algo de dignidad, pedir\u00edan disculpas, pero sabemos que los que est\u00e1n en una espiral de decadencia no suelen hacer eso.<\/p>\n<p class=\"font_tertiary paragraph\">El voto de la Corte Suprema aceptando el\u00a0<i>per saltum\u00a0<\/i>por la situaci\u00f3n de los jueces que quiere trasladar CFK, por su permanente obsesi\u00f3n con manejar la justicia para garantizarse la impunidad fue un respiro republicano. Habr\u00e1 que ver c\u00f3mo sigue. El discurso previo de Fern\u00e1ndez agrediendo a la Corte y el posterior por parte de los funcionarios marca que cuando es un tema que le importa a CFK, el Gobierno parece llenarse de un repentino entusiasmo discursivo. Es una pena que ese entusiasmo lo usen en contra de la divisi\u00f3n de poderes y con el fin \u00fanico de agradar a CFK.\u00a0<b>El Presidente, que no puede remover a un embajador que le trajo un enorme problema internacional, es en\u00e9rgico para vulnerar el Estado de Derecho.<\/b><\/p>\n<p class=\"font_tertiary paragraph\">Hablan para escucharse entre ellos y para agradar a la jefa. Fuera de eso, no pueden entender que su accionar da\u00f1a la vida de much\u00edsimas personas.<\/p>\n<p class=\"font_tertiary paragraph\"><b>Al mundo ya no le importa Argentina, salvo para dar cuenta de sus pol\u00edticas y l\u00edderes estrafalarios, tal como ocurr\u00eda a fines de los a\u00f1os 80 con los viejos l\u00edderes comunistas.<\/b><\/p>\n<p class=\"font_tertiary paragraph\">Fuente:<a href=\"https:\/\/www.infobae.com\/?noredirect\"> Infobae.com\u00a0<\/a> \u00a0 \u00a0Dario Lop\u00e9rfido<\/p>","protected":false},"excerpt":{"rendered":"<p>La justificaci\u00f3n de las torturas y asesinatos de la dictadura venezolana realizada por Carlos Raimundi es una muestra cabal de la decadencia en la que est\u00e1 inmerso el gobierno. No por Raimundi, que es famoso por su insolvencia intelectual y que en lo \u00fanico que ha demostrado pericia es en recorrer con perfil bajo el [&hellip;]<\/p>\n","protected":false},"author":9,"featured_media":0,"comment_status":"open","ping_status":"open","sticky":false,"template":"","format":"standard","meta":{"site-sidebar-layout":"default","site-content-layout":"","ast-site-content-layout":"default","site-content-style":"default","site-sidebar-style":"default","ast-global-header-display":"","ast-banner-title-visibility":"","ast-main-header-display":"","ast-hfb-above-header-display":"","ast-hfb-below-header-display":"","ast-hfb-mobile-header-display":"","site-post-title":"","ast-breadcrumbs-content":"","ast-featured-img":"","footer-sml-layout":"","ast-disable-related-posts":"","theme-transparent-header-meta":"","adv-header-id-meta":"","stick-header-meta":"","header-above-stick-meta":"","header-main-stick-meta":"","header-below-stick-meta":"","astra-migrate-meta-layouts":"default","ast-page-background-enabled":"default","ast-page-background-meta":{"desktop":{"background-color":"","background-image":"","background-repeat":"repeat","background-position":"center center","background-size":"auto","background-attachment":"scroll","background-type":"","background-media":"","overlay-type":"","overlay-color":"","overlay-opacity":"","overlay-gradient":""},"tablet":{"background-color":"","background-image":"","background-repeat":"repeat","background-position":"center center","background-size":"auto","background-attachment":"scroll","background-type":"","background-media":"","overlay-type":"","overlay-color":"","overlay-opacity":"","overlay-gradient":""},"mobile":{"background-color":"","background-image":"","background-repeat":"repeat","background-position":"center center","background-size":"auto","background-attachment":"scroll","background-type":"","background-media":"","overlay-type":"","overlay-color":"","overlay-opacity":"","overlay-gradient":""}},"ast-content-background-meta":{"desktop":{"background-color":"var(--ast-global-color-5)","background-image":"","background-repeat":"repeat","background-position":"center center","background-size":"auto","background-attachment":"scroll","background-type":"","background-media":"","overlay-type":"","overlay-color":"","overlay-opacity":"","overlay-gradient":""},"tablet":{"background-color":"var(--ast-global-color-5)","background-image":"","background-repeat":"repeat","background-position":"center center","background-size":"auto","background-attachment":"scroll","background-type":"","background-media":"","overlay-type":"","overlay-color":"","overlay-opacity":"","overlay-gradient":""},"mobile":{"background-color":"var(--ast-global-color-5)","background-image":"","background-repeat":"repeat","background-position":"center center","background-size":"auto","background-attachment":"scroll","background-type":"","background-media":"","overlay-type":"","overlay-color":"","overlay-opacity":"","overlay-gradient":""}},"footnotes":""},"categories":[12],"tags":[],"class_list":["post-46388","post","type-post","status-publish","format-standard","hentry","category-opinion"],"spectra_blocks_featured_image_url":null,"spectra_blocks_author_info":{"display_name":"Jorge Alfredo Baret","avatar_url":"https:\/\/secure.gravatar.com\/avatar\/31696f5ca83439b642450ec7d3f82f98451a5efacb414343d5478c982b337f26?s=96&d=mm&r=g","author_link":"https:\/\/100xd.com.ar\/es\/author\/jorge\/","description":"Ingeniero Qu\u00edmico UTN - Director Apoderado de Comunicaciones Auditadas SA. Editor Responsable 100xd.com.ar."},"_links":{"self":[{"href":"https:\/\/100xd.com.ar\/es\/wp-json\/wp\/v2\/posts\/46388","targetHints":{"allow":["GET"]}}],"collection":[{"href":"https:\/\/100xd.com.ar\/es\/wp-json\/wp\/v2\/posts"}],"about":[{"href":"https:\/\/100xd.com.ar\/es\/wp-json\/wp\/v2\/types\/post"}],"author":[{"embeddable":true,"href":"https:\/\/100xd.com.ar\/es\/wp-json\/wp\/v2\/users\/9"}],"replies":[{"embeddable":true,"href":"https:\/\/100xd.com.ar\/es\/wp-json\/wp\/v2\/comments?post=46388"}],"version-history":[{"count":1,"href":"https:\/\/100xd.com.ar\/es\/wp-json\/wp\/v2\/posts\/46388\/revisions"}],"predecessor-version":[{"id":46390,"href":"https:\/\/100xd.com.ar\/es\/wp-json\/wp\/v2\/posts\/46388\/revisions\/46390"}],"wp:attachment":[{"href":"https:\/\/100xd.com.ar\/es\/wp-json\/wp\/v2\/media?parent=46388"}],"wp:term":[{"taxonomy":"category","embeddable":true,"href":"https:\/\/100xd.com.ar\/es\/wp-json\/wp\/v2\/categories?post=46388"},{"taxonomy":"post_tag","embeddable":true,"href":"https:\/\/100xd.com.ar\/es\/wp-json\/wp\/v2\/tags?post=46388"}],"curies":[{"name":"wp","href":"https:\/\/api.w.org\/{rel}","templated":true}]}}