{"id":46284,"date":"2020-10-02T11:54:20","date_gmt":"2020-10-02T14:54:20","guid":{"rendered":"http:\/\/www.100xd.com.ar\/?p=46284"},"modified":"2020-10-02T11:54:26","modified_gmt":"2020-10-02T14:54:26","slug":"la-mesa-de-enlace-rechaza-las-nuevas-medidas","status":"publish","type":"post","link":"https:\/\/100xd.com.ar\/es\/la-mesa-de-enlace-rechaza-las-nuevas-medidas\/","title":{"rendered":"La Mesa de Enlace rechaza las nuevas medidas"},"content":{"rendered":"<p class=\"primero\">La\u00a0<strong>Comisi\u00f3n de Enlace de Entidades Agropecuarias (CEEA)<\/strong>\u00a0emiti\u00f3 un comunicado donde considera que\u00a0<strong><a href=\"http:\/\/supercampo.perfil.com\/2020\/10\/como-seran-nuevas-retenciones-compensaciones-para-productores-de-soja\/\">las medidas relacionadas con el sector anunciadas ayer por el Gobierno Nacional<\/a>\u00a0\u00abson insuficientes y no abordan la problem\u00e1tica real de los productores agropecuarios\u00bb.<\/strong><\/p>\n<p>Seg\u00fan la entidad conformada por<strong>\u00a0Confederaciones Rurales Argentinas, Coninagro, Federaci\u00f3n Agraria Argentina y Sociedad Rural Argentina<\/strong>, el anuncio de compensaciones y baja temporaria de retenciones a la soja son\u00a0<strong>\u00abse asemejan parches, pero no definen pasos a seguir ni son pol\u00edticas integrales.\u00a0<\/strong>Parecieran s\u00f3lo buscar\u00a0<strong>resolver problemas fiscales serios, que como entidades conocemos, pero este no parece ser el camino adecuado.\u00a0<\/strong>Consideramos que hay que pensar propuestas para producir d\u00f3lares genuinos\u00bb.<\/p>\n<p><strong>\u00abUna baja circunstancial y temporal de unos puntos de retenciones no resuelven ninguna situaci\u00f3n.\u00a0<\/strong>De hecho,\u00a0<strong>s\u00f3lo beneficia a algunos actores, que en particular no somos los productores agropecuarios.<\/strong>\u00a0En rigor, estos anuncios est\u00e1n orientados m\u00e1s bien a una transferencia de los productores a otros sectores de la econom\u00eda\u00bb, sostiene el comunicado de las cuatro entidades del campo.<\/p>\n<p>Tambi\u00e9n consideran que\u00a0<strong>\u00ablos productores no somos los causantes de la dram\u00e1tica y persistente situaci\u00f3n econ\u00f3mica que atraviesa el pa\u00eds, y la falta de d\u00f3lares es una consecuencia de las p\u00e9simas pol\u00edticas de exportaci\u00f3n<\/strong>\u00a0que se han tomado, mirando solo la recaudaci\u00f3n y desalentando el crecimiento de la producci\u00f3n exportable\u00bb.<\/p>\n<p>&nbsp;<\/p>\n<p>Fuente:<a href=\"http:\/\/supercampo.perfil.com\/\"> Super Campo<\/a><\/p>","protected":false},"excerpt":{"rendered":"<p>La\u00a0Comisi\u00f3n de Enlace de Entidades Agropecuarias (CEEA)\u00a0emiti\u00f3 un comunicado donde considera que\u00a0las medidas relacionadas con el sector anunciadas ayer por el Gobierno Nacional\u00a0\u00abson insuficientes y no abordan la problem\u00e1tica real de los productores agropecuarios\u00bb. Seg\u00fan la entidad conformada por\u00a0Confederaciones Rurales Argentinas, Coninagro, Federaci\u00f3n Agraria Argentina y Sociedad Rural Argentina, el anuncio de compensaciones y baja [&hellip;]<\/p>\n","protected":false},"author":9,"featured_media":0,"comment_status":"open","ping_status":"open","sticky":false,"template":"","format":"standard","meta":{"site-sidebar-layout":"default","site-content-layout":"","ast-site-content-layout":"default","site-content-style":"default","site-sidebar-style":"default","ast-global-header-display":"","ast-banner-title-visibility":"","ast-main-header-display":"","ast-hfb-above-header-display":"","ast-hfb-below-header-display":"","ast-hfb-mobile-header-display":"","site-post-title":"","ast-breadcrumbs-content":"","ast-featured-img":"","footer-sml-layout":"","ast-disable-related-posts":"","theme-transparent-header-meta":"","adv-header-id-meta":"","stick-header-meta":"","header-above-stick-meta":"","header-main-stick-meta":"","header-below-stick-meta":"","astra-migrate-meta-layouts":"default","ast-page-background-enabled":"default","ast-page-background-meta":{"desktop":{"background-color":"","background-image":"","background-repeat":"repeat","background-position":"center center","background-size":"auto","background-attachment":"scroll","background-type":"","background-media":"","overlay-type":"","overlay-color":"","overlay-opacity":"","overlay-gradient":""},"tablet":{"background-color":"","background-image":"","background-repeat":"repeat","background-position":"center center","background-size":"auto","background-attachment":"scroll","background-type":"","background-media":"","overlay-type":"","overlay-color":"","overlay-opacity":"","overlay-gradient":""},"mobile":{"background-color":"","background-image":"","background-repeat":"repeat","background-position":"center center","background-size":"auto","background-attachment":"scroll","background-type":"","background-media":"","overlay-type":"","overlay-color":"","overlay-opacity":"","overlay-gradient":""}},"ast-content-background-meta":{"desktop":{"background-color":"var(--ast-global-color-5)","background-image":"","background-repeat":"repeat","background-position":"center center","background-size":"auto","background-attachment":"scroll","background-type":"","background-media":"","overlay-type":"","overlay-color":"","overlay-opacity":"","overlay-gradient":""},"tablet":{"background-color":"var(--ast-global-color-5)","background-image":"","background-repeat":"repeat","background-position":"center center","background-size":"auto","background-attachment":"scroll","background-type":"","background-media":"","overlay-type":"","overlay-color":"","overlay-opacity":"","overlay-gradient":""},"mobile":{"background-color":"var(--ast-global-color-5)","background-image":"","background-repeat":"repeat","background-position":"center center","background-size":"auto","background-attachment":"scroll","background-type":"","background-media":"","overlay-type":"","overlay-color":"","overlay-opacity":"","overlay-gradient":""}},"footnotes":""},"categories":[25],"tags":[],"class_list":["post-46284","post","type-post","status-publish","format-standard","hentry","category-destacado"],"spectra_blocks_featured_image_url":null,"spectra_blocks_author_info":{"display_name":"Jorge Alfredo Baret","avatar_url":"https:\/\/secure.gravatar.com\/avatar\/31696f5ca83439b642450ec7d3f82f98451a5efacb414343d5478c982b337f26?s=96&d=mm&r=g","author_link":"https:\/\/100xd.com.ar\/es\/author\/jorge\/","description":"Ingeniero Qu\u00edmico UTN - Director Apoderado de Comunicaciones Auditadas SA. Editor Responsable 100xd.com.ar."},"_links":{"self":[{"href":"https:\/\/100xd.com.ar\/es\/wp-json\/wp\/v2\/posts\/46284","targetHints":{"allow":["GET"]}}],"collection":[{"href":"https:\/\/100xd.com.ar\/es\/wp-json\/wp\/v2\/posts"}],"about":[{"href":"https:\/\/100xd.com.ar\/es\/wp-json\/wp\/v2\/types\/post"}],"author":[{"embeddable":true,"href":"https:\/\/100xd.com.ar\/es\/wp-json\/wp\/v2\/users\/9"}],"replies":[{"embeddable":true,"href":"https:\/\/100xd.com.ar\/es\/wp-json\/wp\/v2\/comments?post=46284"}],"version-history":[{"count":1,"href":"https:\/\/100xd.com.ar\/es\/wp-json\/wp\/v2\/posts\/46284\/revisions"}],"predecessor-version":[{"id":46286,"href":"https:\/\/100xd.com.ar\/es\/wp-json\/wp\/v2\/posts\/46284\/revisions\/46286"}],"wp:attachment":[{"href":"https:\/\/100xd.com.ar\/es\/wp-json\/wp\/v2\/media?parent=46284"}],"wp:term":[{"taxonomy":"category","embeddable":true,"href":"https:\/\/100xd.com.ar\/es\/wp-json\/wp\/v2\/categories?post=46284"},{"taxonomy":"post_tag","embeddable":true,"href":"https:\/\/100xd.com.ar\/es\/wp-json\/wp\/v2\/tags?post=46284"}],"curies":[{"name":"wp","href":"https:\/\/api.w.org\/{rel}","templated":true}]}}