{"id":45070,"date":"2020-08-18T12:26:49","date_gmt":"2020-08-18T15:26:49","guid":{"rendered":"http:\/\/www.100xd.com.ar\/?p=45070"},"modified":"2020-08-18T12:27:00","modified_gmt":"2020-08-18T15:27:00","slug":"felipe-sola-la-vacuna-que-fabricaremos-contra-el-covid-19-dara-certezas-ante-la-crisis","status":"publish","type":"post","link":"https:\/\/100xd.com.ar\/es\/felipe-sola-la-vacuna-que-fabricaremos-contra-el-covid-19-dara-certezas-ante-la-crisis\/","title":{"rendered":"Felipe Sol\u00e1: \u201cLa vacuna que fabricaremos contra el COVID-19 dar\u00e1 certezas ante la crisis\u201d"},"content":{"rendered":"<p class=\"font_tertiary paragraph\"><mark class=\"hl_yellow\">\u201cLa vacuna contra el COVID-19 que vamos a desarrollar es un proyecto de latinoamericanos para latinoamericanos que nos permitir\u00e1 proyectar, planificar y mostrar un horizonte con certezas en un momento de crisis\u201d.\u00a0<\/mark>Con estas palabras el canciller argentino\u00a0<b>Felipe Sol\u00e1\u00a0<\/b>adelant\u00f3 ayer en la cumbre de cancilleres de la Comunidad de Estados Latinoamericanos y Caribe\u00f1os (CELAC) que\u00a0<mark class=\"hl_yellow\">la Argentina y M\u00e9xico producir\u00e1n unas 250 millones de dosis de vacunas para la regi\u00f3n.<\/mark><\/p>\n<p class=\"font_tertiary paragraph\">A lo largo de una videoconferencia con cancilleres de la CELAC el ministro argentino explic\u00f3 el acuerdo cerrado entre un laboratorio argentino y otro mexicano con la empresa Astra Zeneca y la Universidad de Oxford con el apoyo de la Fundaci\u00f3n Carlos Slim para el desarrollo de la vacuna contra el coronavirus.<\/p>\n<p class=\"font_tertiary paragraph\">En ese contexto, todos los pa\u00edses miembros de la organizaci\u00f3n que nuclea a los pa\u00edses de la regi\u00f3n expresaron su intenci\u00f3n de adquirir la vacuna una vez concluida exitosamente la fase III que Sol\u00e1 estim\u00f3 se dar\u00e1 en diciembre.<\/p>\n<p class=\"font_tertiary paragraph\">El canciller argentino destac\u00f3 que<mark class=\"hl_yellow\">\u00a0\u201cla vacuna contra el Covid-19 demuestra que la integraci\u00f3n de Am\u00e9rica Latina no solo consiste en unidad pol\u00edtica para cuestionar aspectos ideol\u00f3gicos, y tampoco es solo comercio, sino una forma de concebirnos para responder a las demandas de nuestras sociedades\u201d.<\/mark><\/p>\n<p class=\"font_tertiary paragraph\">Adem\u00e1s de los cancilleres de la CELAC en la videoconferencia participaron\u00a0<b>Alicia B\u00e1rcena,<\/b>\u00a0Secretaria Ejecutiva de la CEPAL;\u00a0<b>Rebeca Grynspan,<\/b>\u00a0Secretaria General de la SEGIB y el ingeniero y empresario\u00a0<b>Carlos Slim (h)<\/b>, entre otros.<\/p>\n<p class=\"font_tertiary paragraph\">\u201cFormamos cient\u00edficos, desarrollamos tecnolog\u00eda, estamos haciendo transferencia de tecnolog\u00eda, es un ejemplo de cooperaci\u00f3n entre lo p\u00fablico y privado, integramos a dos pa\u00edses y extendemos esa integraci\u00f3n a toda Am\u00e9rica Latina y el Caribe\u201d, se\u00f1al\u00f3 el canciller Sol\u00e1.<\/p>\n<p class=\"font_tertiary paragraph\">El canciller estuvo acompa\u00f1ado en la videoconferencia de la CELAC por su par de Salud,\u00a0<b>Gin\u00e9s Gonz\u00e1lez Garc\u00eda<\/b>; el Secretario de Relaciones Exteriores,\u00a0<b>Pablo Tettamanti<\/b>\u00a0y el Jefe de Gabinete de la Canciller\u00eda,\u00a0<b>Guillermo Chaves.<\/b><\/p>\n<p class=\"font_tertiary paragraph\">A la vez, en una suerte de mensaje hacia aquellos que cuestionan al gobierno de Alberto Fern\u00e1ndez por extender la cuarentena y no dar respuestas ante el avance del virus el canciller Sol\u00e1 destac\u00f3:\u00a0<mark class=\"hl_yellow\">\u201cAhora hay horizonte y ya con mayor certeza podemos planificar la econom\u00eda y puede haber proyectos de vida y proyectos en las relaciones entre pa\u00edses latinoamericanos\u201d.<\/mark><\/p>\n<div class=\"article-video | visual__video height_auto width_full margin_vertical_10px\">\n<div id=\"powa-5ff2bd48-fccd-42fe-b351-52cc17e845c1-1\" class=\"powa powa-processed\" tabindex=\"0\" data-org=\"infobae\" data-uuid=\"5ff2bd48-fccd-42fe-b351-52cc17e845c1\" data-aspect-ratio=\"0.5625\" data-powa-index=\"1\" data-env=\"prod\">\n<div class=\"powa-pane\"><\/div>\n<div class=\"powa-shot\">\n<div class=\"powa-shot-image powa-click-promo-play\">\n<div class=\"powa-shot-play-btn powa-click-promo-play\"><i class=\"powa-shot-play-icon fa fa-play\"><\/i><span class=\"play-text\">Play<\/span><\/div>\n<\/div>\n<\/div>\n<\/div>\n<\/div>\n<p class=\"font_tertiary paragraph\">El canciller cit\u00f3 a Alberto Fern\u00e1ndez cuando mantuvo una videoconferencia ante el G-20 en marzo pasado donde dijo que \u201cnadie se salva solo, nos salvamos en conjunto\u201d y propuso un Fondo Global de Emergencia Humanitaria para enfrentar la pandemia. \u201cNo estamos lejos de esa propuesta en este momento\u201d, indic\u00f3.<\/p>\n<p class=\"font_tertiary paragraph\">En este sentido, el canciller argentino subray\u00f3 los acuerdos sellados con el laboratorio argentino\u00a0<b>MAbxience, del grupo Insud\u00a0<\/b>de los empresarios\u00a0<b>Hugo Sigman y Silvia Gold,\u00a0<\/b>y el nivel del laboratorio mexicano Liomont. Tambi\u00e9n agradeci\u00f3 el financiamiento gratuito de la Fundaci\u00f3n Slim y \u201cel criterio de todos los participantes de no buscar el beneficio econ\u00f3mico y trabajar al costo\u201d.<\/p>\n<p class=\"font_tertiary paragraph\">Por su parte, el secretario de Relaciones Exteriores de M\u00e9xico,\u00a0<b>Marcelo Ebrard,<\/b>\u00a0que ejerce la presidencia pro-tempore de la CELAC, abri\u00f3 las sesiones destacando que\u00a0<mark class=\"hl_yellow\">\u201clas negociaciones fueron favorables a Am\u00e9rica Latina en precio y en velocidad porque estamos trabajando juntos, que es la \u00fanica v\u00eda para hacer las cosas mejor\u201d.<\/mark><\/p>\n<p class=\"font_tertiary paragraph\">\u201cNing\u00fan Estado puede enfrentar este reto de manera exitosa con sus propios esfuerzos. Es necesario colaborar y cooperar de manera coordinada para hacerle frente\u201d, dijo el ministro mexicano. Por este motivo, M\u00e9xico impuls\u00f3 la resoluci\u00f3n A\/RES\/74\/274 de la Asamblea General de las Naciones Unidas sobre la Cooperaci\u00f3n internacional para garantizar el acceso mundial a los medicamentos, las vacunas y el equipo m\u00e9dico con los que hacer frente a la COVID-19.<\/p>\n<p class=\"font_tertiary paragraph\"><a href=\"https:\/\/www.infobae.com\/politica\/2020\/08\/12\/alberto-fernandez-anuncio-que-la-vacuna-contra-el-coronavirus-producida-por-la-argentina-estara-lista-el-primer-semestre-del-2021\/\" target=\"_blank\">El Presidente\u00a0<b>Alberto Fern\u00e1ndez\u00a0<\/b>y su colega mexicano,\u00a0<b>Andr\u00e9s Manuel L\u00f3pez Obrador,<\/b>\u00a0anunciaron la semana pasada el acuerdo\u00a0<\/a>celebrado entre la Universidad de Oxford, la empresa farmac\u00e9utica sueco-brit\u00e1nica Astra Zeneca y los laboratorios argentino y mexicano para llegar en una primera etapa a la producci\u00f3n de 150 millones de vacunas en los primeros meses de 2021 y en una segunda etapa a 250 millones a un costo de entre 3 y 4 d\u00f3lares por dosis. Quedar\u00e1n a disposici\u00f3n no solo de ambos pa\u00edses sino de toda Am\u00e9rica Latina con excepci\u00f3n de Brasil, que ya lleg\u00f3 a un acuerdo propio.<\/p>\n<p class=\"font_tertiary paragraph\">En la reuni\u00f3n de la CELAC estuvieron los cancilleres de Chile, Andr\u00e9s Allamand; de Ecuador, Luis Benigno Gallegos Chiriboga; de El Salvador, Alejandra Hill; de Guatemala, Pedro Bolo;de Hait\u00ed, la ministra de Salud, Marie Greta Roy Clement; de Honduras, Isa\u00edas Barahona, que es viceministro de Relaciones Exteriores; de Nicaragua, la ministra de Salud, Martha Ver\u00f3nica Reyes Alvarez; de Paraguay, el canciller Antonio Rivas Palacios; de Per\u00fa, Mario L\u00f3pez Ch\u00e1varri; de Uruguay, el ministro de Salud, Daniel Salinas; de Venezuela, el canciller, Jorge Arreaza; y de Cuba, Rolando P\u00e9rez Garc\u00eda, Director de BioCubaFarma, entre otros.<\/p>\n<p class=\"font_tertiary paragraph\">Fuente:<a href=\"https:\/\/www.infobae.com\/?noredirect\"> Infobae.com<\/a><\/p>","protected":false},"excerpt":{"rendered":"<p>\u201cLa vacuna contra el COVID-19 que vamos a desarrollar es un proyecto de latinoamericanos para latinoamericanos que nos permitir\u00e1 proyectar, planificar y mostrar un horizonte con certezas en un momento de crisis\u201d.\u00a0Con estas palabras el canciller argentino\u00a0Felipe Sol\u00e1\u00a0adelant\u00f3 ayer en la cumbre de cancilleres de la Comunidad de Estados Latinoamericanos y Caribe\u00f1os (CELAC) que\u00a0la Argentina [&hellip;]<\/p>\n","protected":false},"author":9,"featured_media":45071,"comment_status":"open","ping_status":"open","sticky":false,"template":"","format":"standard","meta":{"site-sidebar-layout":"default","site-content-layout":"","ast-site-content-layout":"default","site-content-style":"default","site-sidebar-style":"default","ast-global-header-display":"","ast-banner-title-visibility":"","ast-main-header-display":"","ast-hfb-above-header-display":"","ast-hfb-below-header-display":"","ast-hfb-mobile-header-display":"","site-post-title":"","ast-breadcrumbs-content":"","ast-featured-img":"","footer-sml-layout":"","ast-disable-related-posts":"","theme-transparent-header-meta":"","adv-header-id-meta":"","stick-header-meta":"","header-above-stick-meta":"","header-main-stick-meta":"","header-below-stick-meta":"","astra-migrate-meta-layouts":"default","ast-page-background-enabled":"default","ast-page-background-meta":{"desktop":{"background-color":"","background-image":"","background-repeat":"repeat","background-position":"center center","background-size":"auto","background-attachment":"scroll","background-type":"","background-media":"","overlay-type":"","overlay-color":"","overlay-opacity":"","overlay-gradient":""},"tablet":{"background-color":"","background-image":"","background-repeat":"repeat","background-position":"center center","background-size":"auto","background-attachment":"scroll","background-type":"","background-media":"","overlay-type":"","overlay-color":"","overlay-opacity":"","overlay-gradient":""},"mobile":{"background-color":"","background-image":"","background-repeat":"repeat","background-position":"center center","background-size":"auto","background-attachment":"scroll","background-type":"","background-media":"","overlay-type":"","overlay-color":"","overlay-opacity":"","overlay-gradient":""}},"ast-content-background-meta":{"desktop":{"background-color":"var(--ast-global-color-5)","background-image":"","background-repeat":"repeat","background-position":"center center","background-size":"auto","background-attachment":"scroll","background-type":"","background-media":"","overlay-type":"","overlay-color":"","overlay-opacity":"","overlay-gradient":""},"tablet":{"background-color":"var(--ast-global-color-5)","background-image":"","background-repeat":"repeat","background-position":"center center","background-size":"auto","background-attachment":"scroll","background-type":"","background-media":"","overlay-type":"","overlay-color":"","overlay-opacity":"","overlay-gradient":""},"mobile":{"background-color":"var(--ast-global-color-5)","background-image":"","background-repeat":"repeat","background-position":"center center","background-size":"auto","background-attachment":"scroll","background-type":"","background-media":"","overlay-type":"","overlay-color":"","overlay-opacity":"","overlay-gradient":""}},"footnotes":""},"categories":[80],"tags":[],"class_list":["post-45070","post","type-post","status-publish","format-standard","has-post-thumbnail","hentry","category-ultimas-noticias"],"spectra_blocks_featured_image_url":{"thumbnail":{"url":"https:\/\/100xd.com.ar\/wp-content\/uploads\/2020\/08\/vacuna-150x150.jpg","width":150,"height":150},"medium":{"url":"https:\/\/100xd.com.ar\/wp-content\/uploads\/2020\/08\/vacuna-300x169.jpg","width":300,"height":169},"medium_large":{"url":"https:\/\/100xd.com.ar\/wp-content\/uploads\/2020\/08\/vacuna.jpg","width":768,"height":432},"large":{"url":"https:\/\/100xd.com.ar\/wp-content\/uploads\/2020\/08\/vacuna.jpg","width":768,"height":432},"full":{"url":"https:\/\/100xd.com.ar\/wp-content\/uploads\/2020\/08\/vacuna.jpg","width":768,"height":432}},"spectra_blocks_author_info":{"display_name":"Jorge Alfredo Baret","avatar_url":"https:\/\/secure.gravatar.com\/avatar\/31696f5ca83439b642450ec7d3f82f98451a5efacb414343d5478c982b337f26?s=96&d=mm&r=g","author_link":"https:\/\/100xd.com.ar\/es\/author\/jorge\/","description":"Ingeniero Qu\u00edmico UTN - Director Apoderado de Comunicaciones Auditadas SA. Editor Responsable 100xd.com.ar."},"_links":{"self":[{"href":"https:\/\/100xd.com.ar\/es\/wp-json\/wp\/v2\/posts\/45070","targetHints":{"allow":["GET"]}}],"collection":[{"href":"https:\/\/100xd.com.ar\/es\/wp-json\/wp\/v2\/posts"}],"about":[{"href":"https:\/\/100xd.com.ar\/es\/wp-json\/wp\/v2\/types\/post"}],"author":[{"embeddable":true,"href":"https:\/\/100xd.com.ar\/es\/wp-json\/wp\/v2\/users\/9"}],"replies":[{"embeddable":true,"href":"https:\/\/100xd.com.ar\/es\/wp-json\/wp\/v2\/comments?post=45070"}],"version-history":[{"count":1,"href":"https:\/\/100xd.com.ar\/es\/wp-json\/wp\/v2\/posts\/45070\/revisions"}],"predecessor-version":[{"id":45072,"href":"https:\/\/100xd.com.ar\/es\/wp-json\/wp\/v2\/posts\/45070\/revisions\/45072"}],"wp:featuredmedia":[{"embeddable":true,"href":"https:\/\/100xd.com.ar\/es\/wp-json\/wp\/v2\/media\/45071"}],"wp:attachment":[{"href":"https:\/\/100xd.com.ar\/es\/wp-json\/wp\/v2\/media?parent=45070"}],"wp:term":[{"taxonomy":"category","embeddable":true,"href":"https:\/\/100xd.com.ar\/es\/wp-json\/wp\/v2\/categories?post=45070"},{"taxonomy":"post_tag","embeddable":true,"href":"https:\/\/100xd.com.ar\/es\/wp-json\/wp\/v2\/tags?post=45070"}],"curies":[{"name":"wp","href":"https:\/\/api.w.org\/{rel}","templated":true}]}}