{"id":44544,"date":"2020-08-03T13:07:16","date_gmt":"2020-08-03T16:07:16","guid":{"rendered":"http:\/\/www.100xd.com.ar\/?p=44544"},"modified":"2020-08-03T13:07:22","modified_gmt":"2020-08-03T16:07:22","slug":"una-corte-dibujada-para-una-constitucion-dibujada","status":"publish","type":"post","link":"https:\/\/100xd.com.ar\/es\/una-corte-dibujada-para-una-constitucion-dibujada\/","title":{"rendered":"Una Corte dibujada para una Constituci\u00f3n dibujada"},"content":{"rendered":"<p>&nbsp;<\/p>\n<p class=\"font_tertiary paragraph\"><b>Cristina Kirchner\u00a0<\/b>es la cabeza del kirchnerismo y quien manda. Sin asumir esta premisa, el resto ser\u00eda sarasa.<\/p>\n<p class=\"font_tertiary paragraph\">CFK tiene una apasionada relaci\u00f3n con el Poder Judicial y con el mundo del derecho. Estando en el Consejo de la Magistratura (2010-2014) varias veces viv\u00ed la suspensi\u00f3n de reuniones para que sus representantes pudiesen consultarla, en temas que eran menores o de detalle para un presidente, te\u00f3ricamente dedicado a otros menesteres.<\/p>\n<p class=\"font_tertiary paragraph\">Tampoco podemos olvidar otro factor determinante: las imputaciones de delitos que pesan sobre la presidenta virtual, porque son materia de juicios en tr\u00e1mite, por ahora y pese a la ralentizaci\u00f3n que un Poder Judicial recesivo le ha impuesto al derecho humano a la Justicia, tan antiguo que parece que ha sido olvidado.<\/p>\n<p class=\"font_tertiary paragraph\">Recordemos, ya que estamos, su curiosa negativa a mostrar su t\u00edtulo, a la inversa que el 100% de los abogados, que nos salimos de la vaina por enmarcarlo y mostrarlo hasta a los vecinos.<\/p>\n<p class=\"font_tertiary paragraph\">Claro que hay cosas peores, como e<b>l supino desprecio K por la Corte Suprema cuando orden\u00f3 reponer en su cargo al procurador Eduardo Sosa<\/b>, defendido con capacidad y pasi\u00f3n por Daniel Sabsay.<\/p>\n<p class=\"font_tertiary paragraph\">No fue menor la derogaci\u00f3n del C\u00f3digo Civil, algo que a nadie le parec\u00eda necesario ni urgente pero que fue decidido y hecho por CFK, para gloria propia y de algunos otros, que creen que la historia los recuerda como a Napole\u00f3n o a V\u00e9lez Sarsfield, lo que es dudoso.<\/p>\n<p class=\"font_tertiary paragraph\">Pensemos en las reiteradas modificaciones logradas o no, pero intentadas, al\u00a0<b>Consejo de la Magistratura<\/b>, organismo concebido por Alfons\u00edn para terminar con el todopoderoso dedo presidencial, pero que el dedo presidencial quiere usar solo como un guante.<\/p>\n<p class=\"font_tertiary paragraph\">Ni que hablar de las\u00a0<b>presiones contra las minor\u00edas en el Consejo<\/b>, que quienes lo integramos vivimos y sufrimos, incluyendo denuncias penales, amenazas\u2026 y algunas \u201cv\u00edas de hecho\u201d.<\/p>\n<p class=\"font_tertiary paragraph\">Pensemos en las\u00a0<b>persecuciones contra jueces independientes<\/b>\u00a0y la protecci\u00f3n sistem\u00e1tica a jueces de la servilleta o, mejor dicho, del sobre.<\/p>\n<p class=\"font_tertiary paragraph\">Pensemos en su actitud como imputada ante los jueces del Tribunal que le tom\u00f3 declaraci\u00f3n, nunca visto en la historia judicial argentina, y en su convicci\u00f3n del resultado del juicio de la historia\u2026<\/p>\n<p class=\"font_tertiary paragraph\">Pensemos en las barbaridades jur\u00eddicas cometidas en el caso Vicentin, que en la facultad implicar\u00edan un aplazo para el alumno que las plantease.<\/p>\n<p class=\"font_tertiary paragraph\"><b>\u00a1Hay tanto para recordar y pensar en ese triste vodevil entre kirchnerismo y Justicia!<\/b><\/p>\n<p class=\"font_tertiary paragraph\">Por eso es que siquiera siendo ingenuo es cre\u00edble la reforma que el presidente designado Fern\u00e1ndez present\u00f3 en sociedad, ya que contradice varias de sus afirmaciones m\u00e1s rotundas de los \u00faltimos a\u00f1os.<\/p>\n<p class=\"font_tertiary paragraph\">No importa si la Justicia funciona mal, algo de lo que nadie duda. Ni si el Poder Ejecutivo tiene el derecho de rodearse de comisiones asesoras de sus amigos y partidarios, aunque hay quienes creemos que es m\u00e1s constructivo escuchar tambi\u00e9n a opositores y a quienes se atrevan a disentir. Y no incluir a jueces en actividad, siguiendo los principios del C\u00f3digo de \u00c9tica Judicial de Bangalore, que propuse hace ocho a\u00f1os en el Consejo de la Magistratura y sigue cajoneado.<\/p>\n<p class=\"font_tertiary paragraph\">Menos importa una redacci\u00f3n inclusiva risible y ciertos disparates jur\u00eddicos, porque en nuestra materia es dif\u00edcil encontrar verdades absolutas: admitamos que tras obtener el t\u00edtulo, algunas ideas que en la facultad implicaban un aplazo, se convierten en una teor\u00eda y as\u00ed es que hay bibliotecas para respaldar casi todo. Casi, no todo.<\/p>\n<p class=\"font_tertiary paragraph\"><b>Hoy somos un pa\u00eds que est\u00e1 bajo la lona y nadie sabe c\u00f3mo se levantar\u00e1 cuando termine -aunque sea por ley natural- la cuarentena eterna.<\/b><\/p>\n<p class=\"font_tertiary paragraph\">Nuestras idas y venidas econ\u00f3mico-pol\u00edticas son tan r\u00e1pidas que ya hay mucha gente a\u00fan joven que se acuerda y conoce a quienes gobiernan, que no pueden aprovecharse de la ef\u00edmera memoria colectiva y del recambio generacional que hace por ejemplo que Entel sea una sigla ignorada por la mitad de la poblaci\u00f3n.<\/p>\n<p class=\"font_tertiary paragraph\">Ahora hay redes que no pueden apretarse con pautas, amenazas u ofertas tentadoras, que pese a las\u00a0<i>fake news<\/i>, son un maravilloso t\u00e1bano para un periodismo imprescindible, que revele lo que al poder no le gusta que se sepa.<\/p>\n<p class=\"font_tertiary paragraph\">En este entorno,\u00a0<b>pretender que alguien crea que la reforma a la Justicia tiene como objetivo reformar la Justicia es despreciarnos demasiado.<\/b><\/p>\n<p class=\"font_tertiary paragraph\">Es impensable que la Corte se agrande o achique seg\u00fan una misma persona lo decida en cada etapa de su vida. Si hubiese sinceridad en esta intenci\u00f3n, se demostrar\u00eda f\u00e1cilmente: que la ampliaci\u00f3n y las nominaciones de jueces rijan reci\u00e9n en el pr\u00f3ximo gobierno, como ha escrito Mart\u00edn Oyhanarte (h) hace un a\u00f1o.<\/p>\n<p class=\"font_tertiary paragraph\"><b>Es impensable es que la Corte sea multitudinaria y dividida en salas<\/b>, alterando letra, esp\u00edritu y tradici\u00f3n constitucional bicentenaria no solo argentina sino de nuestras fuentes constitucionales.<\/p>\n<p class=\"font_tertiary paragraph\">Es impensable que se inventen masivamente juzgados sin realismo econ\u00f3mico (no hay fondos ni siquiera para algunos ya creados), que para peor no implicar\u00e1n mas eficiencia, porque de dos secretar\u00edas pasar\u00e1n a una y cualquier abogado que ejerce sabe que nada ocurre sin pasar por el secretario, as\u00ed que si hay uno por juzgado, poco se gana duplicando o triplicando jueces\u2026<\/p>\n<p class=\"font_tertiary paragraph\">Salvo un detalle tan obvio como despreciable:\u00a0<b>se ganan vacantes para poner amigos, llamados ahora \u201cjueces militantes\u201d, monstruosidad conceptual que contradice la regla liminar de la judicatura<\/b>, que no es juzgar por la ideolog\u00eda del juez sino por la letra de la ley, como tan bien demostr\u00f3 la recordada Carmen Argibay y muchos otros jueces menos famosos, adem\u00e1s de decenas de autores en todos los pa\u00edses libres del mundo.<\/p>\n<p class=\"font_tertiary paragraph\">Esta creaci\u00f3n de vacantes para colocar amigos militantes, encima, contradice una regla de la l\u00f3gica y de la Corte, aunque\u00a0<b>ni la l\u00f3gica ni la Corte inhiben al kirchnerismo: no se debe ni puede crear un juzgado y designar en \u00e9l a un juez subrogante.<\/b><\/p>\n<p class=\"font_tertiary paragraph\">En fin, mucho se puede decir y mucho se dir\u00e1 de esta nueva manada de elefantes creada por el kirchnerismo para ocultar al \u00fanico elefante que les importa: las causas contra CFK.<\/p>\n<p class=\"font_tertiary paragraph\">Estar\u00e1 bien o mal que lo hagan. Creo que est\u00e1 mal, pero es entendible, ya que es su principal defensa.<\/p>\n<p class=\"font_tertiary paragraph\">Estar\u00e1 bien o mal que la oposici\u00f3n y la gente los dejen hacerlo. Pero si los dejamos, ser\u00e1 inentendible.<\/p>\n<p class=\"font_tertiary paragraph\"><i><b>El autor es abogado y ex integrante del Consejo de la Magistratura del Poder Judicial de la Naci\u00f3n.<\/b><\/i><\/p>\n<p class=\"font_tertiary paragraph\">Fuente: <a href=\"https:\/\/www.infobae.com\/?noredirect\">Infobae.com\u00a0 \u00a0<\/a> \u00a0 \u00a0Alejandro Fargosi<\/p>","protected":false},"excerpt":{"rendered":"<p>&nbsp; Cristina Kirchner\u00a0es la cabeza del kirchnerismo y quien manda. Sin asumir esta premisa, el resto ser\u00eda sarasa. CFK tiene una apasionada relaci\u00f3n con el Poder Judicial y con el mundo del derecho. Estando en el Consejo de la Magistratura (2010-2014) varias veces viv\u00ed la suspensi\u00f3n de reuniones para que sus representantes pudiesen consultarla, en [&hellip;]<\/p>\n","protected":false},"author":9,"featured_media":44545,"comment_status":"open","ping_status":"open","sticky":false,"template":"","format":"standard","meta":{"site-sidebar-layout":"default","site-content-layout":"","ast-site-content-layout":"default","site-content-style":"default","site-sidebar-style":"default","ast-global-header-display":"","ast-banner-title-visibility":"","ast-main-header-display":"","ast-hfb-above-header-display":"","ast-hfb-below-header-display":"","ast-hfb-mobile-header-display":"","site-post-title":"","ast-breadcrumbs-content":"","ast-featured-img":"","footer-sml-layout":"","ast-disable-related-posts":"","theme-transparent-header-meta":"","adv-header-id-meta":"","stick-header-meta":"","header-above-stick-meta":"","header-main-stick-meta":"","header-below-stick-meta":"","astra-migrate-meta-layouts":"default","ast-page-background-enabled":"default","ast-page-background-meta":{"desktop":{"background-color":"","background-image":"","background-repeat":"repeat","background-position":"center center","background-size":"auto","background-attachment":"scroll","background-type":"","background-media":"","overlay-type":"","overlay-color":"","overlay-opacity":"","overlay-gradient":""},"tablet":{"background-color":"","background-image":"","background-repeat":"repeat","background-position":"center center","background-size":"auto","background-attachment":"scroll","background-type":"","background-media":"","overlay-type":"","overlay-color":"","overlay-opacity":"","overlay-gradient":""},"mobile":{"background-color":"","background-image":"","background-repeat":"repeat","background-position":"center center","background-size":"auto","background-attachment":"scroll","background-type":"","background-media":"","overlay-type":"","overlay-color":"","overlay-opacity":"","overlay-gradient":""}},"ast-content-background-meta":{"desktop":{"background-color":"var(--ast-global-color-5)","background-image":"","background-repeat":"repeat","background-position":"center center","background-size":"auto","background-attachment":"scroll","background-type":"","background-media":"","overlay-type":"","overlay-color":"","overlay-opacity":"","overlay-gradient":""},"tablet":{"background-color":"var(--ast-global-color-5)","background-image":"","background-repeat":"repeat","background-position":"center center","background-size":"auto","background-attachment":"scroll","background-type":"","background-media":"","overlay-type":"","overlay-color":"","overlay-opacity":"","overlay-gradient":""},"mobile":{"background-color":"var(--ast-global-color-5)","background-image":"","background-repeat":"repeat","background-position":"center center","background-size":"auto","background-attachment":"scroll","background-type":"","background-media":"","overlay-type":"","overlay-color":"","overlay-opacity":"","overlay-gradient":""}},"footnotes":""},"categories":[12],"tags":[],"class_list":["post-44544","post","type-post","status-publish","format-standard","has-post-thumbnail","hentry","category-opinion"],"spectra_blocks_featured_image_url":{"thumbnail":{"url":"https:\/\/100xd.com.ar\/wp-content\/uploads\/2020\/08\/ale-150x150.jpg","width":150,"height":150},"medium":{"url":"https:\/\/100xd.com.ar\/wp-content\/uploads\/2020\/08\/ale-300x300.jpg","width":300,"height":300},"medium_large":{"url":"https:\/\/100xd.com.ar\/wp-content\/uploads\/2020\/08\/ale.jpg","width":500,"height":500},"large":{"url":"https:\/\/100xd.com.ar\/wp-content\/uploads\/2020\/08\/ale.jpg","width":500,"height":500},"full":{"url":"https:\/\/100xd.com.ar\/wp-content\/uploads\/2020\/08\/ale.jpg","width":500,"height":500}},"spectra_blocks_author_info":{"display_name":"Jorge Alfredo Baret","avatar_url":"https:\/\/secure.gravatar.com\/avatar\/31696f5ca83439b642450ec7d3f82f98451a5efacb414343d5478c982b337f26?s=96&d=mm&r=g","author_link":"https:\/\/100xd.com.ar\/es\/author\/jorge\/","description":"Ingeniero Qu\u00edmico UTN - Director Apoderado de Comunicaciones Auditadas SA. Editor Responsable 100xd.com.ar."},"_links":{"self":[{"href":"https:\/\/100xd.com.ar\/es\/wp-json\/wp\/v2\/posts\/44544","targetHints":{"allow":["GET"]}}],"collection":[{"href":"https:\/\/100xd.com.ar\/es\/wp-json\/wp\/v2\/posts"}],"about":[{"href":"https:\/\/100xd.com.ar\/es\/wp-json\/wp\/v2\/types\/post"}],"author":[{"embeddable":true,"href":"https:\/\/100xd.com.ar\/es\/wp-json\/wp\/v2\/users\/9"}],"replies":[{"embeddable":true,"href":"https:\/\/100xd.com.ar\/es\/wp-json\/wp\/v2\/comments?post=44544"}],"version-history":[{"count":1,"href":"https:\/\/100xd.com.ar\/es\/wp-json\/wp\/v2\/posts\/44544\/revisions"}],"predecessor-version":[{"id":44546,"href":"https:\/\/100xd.com.ar\/es\/wp-json\/wp\/v2\/posts\/44544\/revisions\/44546"}],"wp:featuredmedia":[{"embeddable":true,"href":"https:\/\/100xd.com.ar\/es\/wp-json\/wp\/v2\/media\/44545"}],"wp:attachment":[{"href":"https:\/\/100xd.com.ar\/es\/wp-json\/wp\/v2\/media?parent=44544"}],"wp:term":[{"taxonomy":"category","embeddable":true,"href":"https:\/\/100xd.com.ar\/es\/wp-json\/wp\/v2\/categories?post=44544"},{"taxonomy":"post_tag","embeddable":true,"href":"https:\/\/100xd.com.ar\/es\/wp-json\/wp\/v2\/tags?post=44544"}],"curies":[{"name":"wp","href":"https:\/\/api.w.org\/{rel}","templated":true}]}}