{"id":44433,"date":"2020-07-31T12:48:32","date_gmt":"2020-07-31T15:48:32","guid":{"rendered":"http:\/\/www.100xd.com.ar\/?p=44433"},"modified":"2020-07-31T12:48:38","modified_gmt":"2020-07-31T15:48:38","slug":"nicolas-kreplak-sobre-la-cuarentena-en-amba-no-se-puede-seguir-avanzando-en-las-aperturas","status":"publish","type":"post","link":"https:\/\/100xd.com.ar\/es\/nicolas-kreplak-sobre-la-cuarentena-en-amba-no-se-puede-seguir-avanzando-en-las-aperturas\/","title":{"rendered":"Nicol\u00e1s Kreplak, sobre la cuarentena en AMBA: &#8220;No se puede seguir avanzando en las aperturas&#8221;"},"content":{"rendered":"<p>El viceministro de Salud de la provincia de Buenos Aires, Nicol\u00e1s Kreplak, analiz\u00f3 el aumento de casos positivos de COVID-19, que este jueves se registr\u00f3 un r\u00e9cord de 6377 infectados en todo el pa\u00eds, y asegur\u00f3 que con este escenario &#8220;no se puede abrir para nada la cuarentena&#8221; en el AMBA. &#8220;No estamos bien as\u00ed como estamos porque hoy contamos 153 muertos en el pa\u00eds por esta enfermedad. Con este escenario no se puede abrir para nada la cuarentena, no se puede seguir avanzando en las aperturas. Es posible que se tenga que pensar en un futuro en retroceder si esto contin\u00faa de esta manera. Todos podemos coincidir con que esta cantidad de fallecidos por d\u00eda es preocupante&#8221;, asegur\u00f3 en declaraciones al programa S\u00f3lo una vuelta m\u00e1s, en TN. Nicol\u00e1s Kreplak destac\u00f3 que argentina est\u00e1 atravesando el peor momento de la pandemia &#8220;Este viernes probablemente se haga un an\u00e1lisis de lo que se est\u00e1 viendo en el pa\u00eds, en el interior y en la provincia de Buenos Aires porque se est\u00e1n viendo m\u00e1s brotes y m\u00e1s cantidad de contagios en AMBA y un aumento en la cantidad de muertos que es preocupante&#8221;, dijo en relaci\u00f3n a la conferencia de prensa que dar\u00e1 el presidente Alberto Fern\u00e1ndez. En este marco, Kreplak sostuvo que &#8220;el anuncio va a ir por el lado de que hay que seguir sosteniendo la idea del cuidado de la cuarentena y las medidas de distanciamiento social todo lo m\u00e1ximo posible&#8221;. Y advirti\u00f3 que &#8220;no se puede avanzar en la reactivaci\u00f3n de las medidas pre-pand\u00e9micas porque estamos en el momento de mayor gravedad de la curva de la epidemia hasta ahora&#8221;, &#8220;No se est\u00e1 viendo que estamos en un momento con m\u00e1s cantidad de casos y sobre todo en Latinoam\u00e9rica. Si todos los pa\u00edses del mundo cuando tuvieron sus picos se cuidaron mucho, nosotros no podemos no cuidarnos&#8221;, afirm\u00f3 el funcionario, y remarc\u00f3: &#8220;Ha pasado mucho tiempo, pero hay cosas concretas que no se las puede relativizar&#8221;. Ante la pregunta sobre la ocupaci\u00f3n de camas de terapia intensiva en la actualidad, concluy\u00f3: &#8220;En el \u00e1rea metropolitana bonaerense es del 62%&#8221;. Todo sigue igual: Fern\u00e1ndez, Kicillof y Larreta anunciar\u00e1n una cuarentena &#8220;sin cambios&#8221; para el AMBA Este jueves 30 de julio se registraron 6.377 nuevos casos de coronavirus y 153 muertos en las \u00faltimas 24 horas. De esta manera, suman 185.373 positivos en el pa\u00eds y la cantidad de personas fallecidas es 3.311. La jornada marc\u00f3 un nuevo r\u00e9cord tantos en la cantidad de contagiados como de decesos. Estos n\u00fameros llegaron en medio de la reuni\u00f3n que mantuvieron el presidente Alberto Fern\u00e1ndez, el gobernador bonaerense, Axel Kicillof, y el jefe de Gobierno porte\u00f1o, Horacio Rodr\u00edguez Larreta, en donde discut\u00edan c\u00f3mo sigue la cuarentena. Seg\u00fan pudo saber PERFIL, estuvieron reunidos tres horas de cara al anuncio que se realizar\u00e1 este viernes. En el encuentro, se determin\u00f3 que el AMBA va a seguir igual, no se restringe m\u00e1s ni tampoco va a haber m\u00e1s aperturas. Lo mismo va a suceder en el interior del pa\u00eds.<\/p>\n<p>Fuente:<a href=\"https:\/\/www.perfil.com\/\"> Perfil.com<\/a><\/p>","protected":false},"excerpt":{"rendered":"<p>El viceministro de Salud de la provincia de Buenos Aires, Nicol\u00e1s Kreplak, analiz\u00f3 el aumento de casos positivos de COVID-19, que este jueves se registr\u00f3 un r\u00e9cord de 6377 infectados en todo el pa\u00eds, y asegur\u00f3 que con este escenario &#8220;no se puede abrir para nada la cuarentena&#8221; en el AMBA. &#8220;No estamos bien as\u00ed [&hellip;]<\/p>\n","protected":false},"author":9,"featured_media":44434,"comment_status":"open","ping_status":"open","sticky":false,"template":"","format":"standard","meta":{"site-sidebar-layout":"default","site-content-layout":"","ast-site-content-layout":"default","site-content-style":"default","site-sidebar-style":"default","ast-global-header-display":"","ast-banner-title-visibility":"","ast-main-header-display":"","ast-hfb-above-header-display":"","ast-hfb-below-header-display":"","ast-hfb-mobile-header-display":"","site-post-title":"","ast-breadcrumbs-content":"","ast-featured-img":"","footer-sml-layout":"","ast-disable-related-posts":"","theme-transparent-header-meta":"","adv-header-id-meta":"","stick-header-meta":"","header-above-stick-meta":"","header-main-stick-meta":"","header-below-stick-meta":"","astra-migrate-meta-layouts":"default","ast-page-background-enabled":"default","ast-page-background-meta":{"desktop":{"background-color":"","background-image":"","background-repeat":"repeat","background-position":"center center","background-size":"auto","background-attachment":"scroll","background-type":"","background-media":"","overlay-type":"","overlay-color":"","overlay-opacity":"","overlay-gradient":""},"tablet":{"background-color":"","background-image":"","background-repeat":"repeat","background-position":"center center","background-size":"auto","background-attachment":"scroll","background-type":"","background-media":"","overlay-type":"","overlay-color":"","overlay-opacity":"","overlay-gradient":""},"mobile":{"background-color":"","background-image":"","background-repeat":"repeat","background-position":"center center","background-size":"auto","background-attachment":"scroll","background-type":"","background-media":"","overlay-type":"","overlay-color":"","overlay-opacity":"","overlay-gradient":""}},"ast-content-background-meta":{"desktop":{"background-color":"var(--ast-global-color-5)","background-image":"","background-repeat":"repeat","background-position":"center center","background-size":"auto","background-attachment":"scroll","background-type":"","background-media":"","overlay-type":"","overlay-color":"","overlay-opacity":"","overlay-gradient":""},"tablet":{"background-color":"var(--ast-global-color-5)","background-image":"","background-repeat":"repeat","background-position":"center center","background-size":"auto","background-attachment":"scroll","background-type":"","background-media":"","overlay-type":"","overlay-color":"","overlay-opacity":"","overlay-gradient":""},"mobile":{"background-color":"var(--ast-global-color-5)","background-image":"","background-repeat":"repeat","background-position":"center center","background-size":"auto","background-attachment":"scroll","background-type":"","background-media":"","overlay-type":"","overlay-color":"","overlay-opacity":"","overlay-gradient":""}},"footnotes":""},"categories":[2],"tags":[],"class_list":["post-44433","post","type-post","status-publish","format-standard","has-post-thumbnail","hentry","category-politica"],"spectra_blocks_featured_image_url":{"thumbnail":{"url":"https:\/\/100xd.com.ar\/wp-content\/uploads\/2020\/07\/pandemia3-150x150.jpg","width":150,"height":150},"medium":{"url":"https:\/\/100xd.com.ar\/wp-content\/uploads\/2020\/07\/pandemia3-300x169.jpg","width":300,"height":169},"medium_large":{"url":"https:\/\/100xd.com.ar\/wp-content\/uploads\/2020\/07\/pandemia3.jpg","width":768,"height":432},"large":{"url":"https:\/\/100xd.com.ar\/wp-content\/uploads\/2020\/07\/pandemia3.jpg","width":840,"height":472},"full":{"url":"https:\/\/100xd.com.ar\/wp-content\/uploads\/2020\/07\/pandemia3.jpg","width":840,"height":472}},"spectra_blocks_author_info":{"display_name":"Jorge Alfredo Baret","avatar_url":"https:\/\/secure.gravatar.com\/avatar\/31696f5ca83439b642450ec7d3f82f98451a5efacb414343d5478c982b337f26?s=96&d=mm&r=g","author_link":"https:\/\/100xd.com.ar\/es\/author\/jorge\/","description":"Ingeniero Qu\u00edmico UTN - Director Apoderado de Comunicaciones Auditadas SA. Editor Responsable 100xd.com.ar."},"_links":{"self":[{"href":"https:\/\/100xd.com.ar\/es\/wp-json\/wp\/v2\/posts\/44433","targetHints":{"allow":["GET"]}}],"collection":[{"href":"https:\/\/100xd.com.ar\/es\/wp-json\/wp\/v2\/posts"}],"about":[{"href":"https:\/\/100xd.com.ar\/es\/wp-json\/wp\/v2\/types\/post"}],"author":[{"embeddable":true,"href":"https:\/\/100xd.com.ar\/es\/wp-json\/wp\/v2\/users\/9"}],"replies":[{"embeddable":true,"href":"https:\/\/100xd.com.ar\/es\/wp-json\/wp\/v2\/comments?post=44433"}],"version-history":[{"count":1,"href":"https:\/\/100xd.com.ar\/es\/wp-json\/wp\/v2\/posts\/44433\/revisions"}],"predecessor-version":[{"id":44435,"href":"https:\/\/100xd.com.ar\/es\/wp-json\/wp\/v2\/posts\/44433\/revisions\/44435"}],"wp:featuredmedia":[{"embeddable":true,"href":"https:\/\/100xd.com.ar\/es\/wp-json\/wp\/v2\/media\/44434"}],"wp:attachment":[{"href":"https:\/\/100xd.com.ar\/es\/wp-json\/wp\/v2\/media?parent=44433"}],"wp:term":[{"taxonomy":"category","embeddable":true,"href":"https:\/\/100xd.com.ar\/es\/wp-json\/wp\/v2\/categories?post=44433"},{"taxonomy":"post_tag","embeddable":true,"href":"https:\/\/100xd.com.ar\/es\/wp-json\/wp\/v2\/tags?post=44433"}],"curies":[{"name":"wp","href":"https:\/\/api.w.org\/{rel}","templated":true}]}}