{"id":43649,"date":"2020-07-13T11:18:28","date_gmt":"2020-07-13T14:18:28","guid":{"rendered":"http:\/\/www.100xd.com.ar\/?p=43649"},"modified":"2020-07-13T11:18:34","modified_gmt":"2020-07-13T14:18:34","slug":"los-atp-de-junio-podrian-empezar-a-pagarse-este-jueves-16-de-julio","status":"publish","type":"post","link":"https:\/\/100xd.com.ar\/es\/los-atp-de-junio-podrian-empezar-a-pagarse-este-jueves-16-de-julio\/","title":{"rendered":"Los ATP de junio podr\u00edan empezar a pagarse este jueves 16 de julio"},"content":{"rendered":"<p>Los trabajadores de empresas privadas que hayan solicitado la ayuda estatal para el pago de salarios\u00a0comenzar\u00e1n a percibir el aporte estatal del programa ATP\u00a0esta semana. Claro que en esta oportunidad hubo algunos cambios en cuanto a las empresas que percibir\u00e1n el beneficio y se ajusta al nuevo esquema del ATP 3.\u00a0 La AFIP inform\u00f3 que a fines de la semana anterior termin\u00f3 de procesar la informaci\u00f3n de las empresas que solicitaron la ayuda financiera del Programa de Asistencia de Emergencia al Trabajo y la Producci\u00f3n (ATP) y se espera que en los pr\u00f3ximos d\u00edas Anses complete el procedimiento para concretar los pagos, que podr\u00edan efectuarse el jueves. Se trata del 50 por ciento del salario de junio de trabajadores del sector privado, con un tope de $33.750 o dos sueldos m\u00ednimos, en el marco de las medidas oficiales destinadas a mitigar los perjuicios de la cuarentena. Vale recordar que por cambios realizados en el Programa ATP 3, este mes la ayuda oficial s\u00f3lo abarcar\u00e1 a empresas ubicadas en el AMBA, Chaco y otras zonas puntuales en las que no se flexibilizaron las medidas de aislamiento social luego de que en abril y mayo el Estado abonara la mitad de los sueldos de unos 2,6 millones personas. Fuentes de la AFIP indicaron a la agencia NA que &#8220;termin\u00f3 de procesar la informaci\u00f3n&#8221; y, por ese motivo, ya &#8220;notific\u00f3 a todas las empresas beneficiarias del salario complementario&#8221;. Denuncian que algunos presos perciben la ayuda del Ingreso Familiar de Emergencia De ese modo, se\u00f1alaron que &#8220;ahora resta que Anses realice sus procedimientos para concretar los pagos&#8221;. Como en las ediciones anteriores, el organismo recaudador procesa la informaci\u00f3n y determina a qui\u00e9nes les corresponde el beneficio y tras ello env\u00eda la base de datos a la ANSES para que el tr\u00e1mite siga su curso. Desde el organismo que administra Fernanda Raverta subrayaron que &#8220;tarda cuatro d\u00edas h\u00e1biles el chequeo y cruces con los CBU para el posterior dep\u00f3sito&#8221;. En ese sentido, fuentes del organismo estimaron\u00a0que el pago podr\u00eda realizarse desde el jueves y ratificaron que el sistema es &#8220;igual que todos los meses&#8221;. Cuando se puso en marcha el programa ATP, el denominado salario complementario de abril se acredit\u00f3 en las cuentas de los trabajadores el 7 de mayo y correspondi\u00f3 al cuarto d\u00eda h\u00e1bil. En la segunda oportunidad, por los salarios de mayo, los desembolsos se efectuaron el 11 de junio, noveno d\u00eda h\u00e1bil del mes.\u00a0 Para el tercer dep\u00f3sito, la AFIP habilit\u00f3 el sistema de registro online para el programa el 26 de junio \u00faltimo y fij\u00f3 como tiempo m\u00e1ximo para anotarse el 3 de julio.\u00a0 Con los tiempos m\u00e1s extensos, el tercer pago que se efectuar\u00e1 en los proximos d\u00edas comprender\u00e1 a las empresas ubicadas en el \u00c1rea Metropolitana de Buenos Aires (AMBA), Chaco y otras zonas puntuales en las que no se flexibilizaron las medidas de aislamiento social, producto de ser territorios de alta circulaci\u00f3n del virus. Vale recordar que la medida implementada por el Gobierno para los sueldos de abril y mayo alcanz\u00f3 a unas 2,6 millones personas.<\/p>\n<p>Fuente:<a href=\"https:\/\/www.perfil.com\/\"> Perfil.com<\/a><\/p>","protected":false},"excerpt":{"rendered":"<p>Los trabajadores de empresas privadas que hayan solicitado la ayuda estatal para el pago de salarios\u00a0comenzar\u00e1n a percibir el aporte estatal del programa ATP\u00a0esta semana. Claro que en esta oportunidad hubo algunos cambios en cuanto a las empresas que percibir\u00e1n el beneficio y se ajusta al nuevo esquema del ATP 3.\u00a0 La AFIP inform\u00f3 que [&hellip;]<\/p>\n","protected":false},"author":4,"featured_media":43650,"comment_status":"open","ping_status":"open","sticky":false,"template":"","format":"standard","meta":{"site-sidebar-layout":"default","site-content-layout":"","ast-site-content-layout":"default","site-content-style":"default","site-sidebar-style":"default","ast-global-header-display":"","ast-banner-title-visibility":"","ast-main-header-display":"","ast-hfb-above-header-display":"","ast-hfb-below-header-display":"","ast-hfb-mobile-header-display":"","site-post-title":"","ast-breadcrumbs-content":"","ast-featured-img":"","footer-sml-layout":"","ast-disable-related-posts":"","theme-transparent-header-meta":"","adv-header-id-meta":"","stick-header-meta":"","header-above-stick-meta":"","header-main-stick-meta":"","header-below-stick-meta":"","astra-migrate-meta-layouts":"default","ast-page-background-enabled":"default","ast-page-background-meta":{"desktop":{"background-color":"","background-image":"","background-repeat":"repeat","background-position":"center center","background-size":"auto","background-attachment":"scroll","background-type":"","background-media":"","overlay-type":"","overlay-color":"","overlay-opacity":"","overlay-gradient":""},"tablet":{"background-color":"","background-image":"","background-repeat":"repeat","background-position":"center center","background-size":"auto","background-attachment":"scroll","background-type":"","background-media":"","overlay-type":"","overlay-color":"","overlay-opacity":"","overlay-gradient":""},"mobile":{"background-color":"","background-image":"","background-repeat":"repeat","background-position":"center center","background-size":"auto","background-attachment":"scroll","background-type":"","background-media":"","overlay-type":"","overlay-color":"","overlay-opacity":"","overlay-gradient":""}},"ast-content-background-meta":{"desktop":{"background-color":"var(--ast-global-color-5)","background-image":"","background-repeat":"repeat","background-position":"center center","background-size":"auto","background-attachment":"scroll","background-type":"","background-media":"","overlay-type":"","overlay-color":"","overlay-opacity":"","overlay-gradient":""},"tablet":{"background-color":"var(--ast-global-color-5)","background-image":"","background-repeat":"repeat","background-position":"center center","background-size":"auto","background-attachment":"scroll","background-type":"","background-media":"","overlay-type":"","overlay-color":"","overlay-opacity":"","overlay-gradient":""},"mobile":{"background-color":"var(--ast-global-color-5)","background-image":"","background-repeat":"repeat","background-position":"center center","background-size":"auto","background-attachment":"scroll","background-type":"","background-media":"","overlay-type":"","overlay-color":"","overlay-opacity":"","overlay-gradient":""}},"footnotes":""},"categories":[25],"tags":[],"class_list":["post-43649","post","type-post","status-publish","format-standard","has-post-thumbnail","hentry","category-destacado"],"spectra_blocks_featured_image_url":{"thumbnail":{"url":"https:\/\/100xd.com.ar\/wp-content\/uploads\/2020\/07\/laburo-150x150.jpg","width":150,"height":150},"medium":{"url":"https:\/\/100xd.com.ar\/wp-content\/uploads\/2020\/07\/laburo-300x169.jpg","width":300,"height":169},"medium_large":{"url":"https:\/\/100xd.com.ar\/wp-content\/uploads\/2020\/07\/laburo.jpg","width":768,"height":432},"large":{"url":"https:\/\/100xd.com.ar\/wp-content\/uploads\/2020\/07\/laburo.jpg","width":840,"height":472},"full":{"url":"https:\/\/100xd.com.ar\/wp-content\/uploads\/2020\/07\/laburo.jpg","width":840,"height":472}},"spectra_blocks_author_info":{"display_name":"Facundo Novillo","avatar_url":"https:\/\/secure.gravatar.com\/avatar\/09745bc65ce6bf84291d6515d5f759c04b4fce4f329b8a975a8ac2982b552d3e?s=96&d=mm&r=g","author_link":"https:\/\/100xd.com.ar\/es\/author\/facundo\/","description":""},"_links":{"self":[{"href":"https:\/\/100xd.com.ar\/es\/wp-json\/wp\/v2\/posts\/43649","targetHints":{"allow":["GET"]}}],"collection":[{"href":"https:\/\/100xd.com.ar\/es\/wp-json\/wp\/v2\/posts"}],"about":[{"href":"https:\/\/100xd.com.ar\/es\/wp-json\/wp\/v2\/types\/post"}],"author":[{"embeddable":true,"href":"https:\/\/100xd.com.ar\/es\/wp-json\/wp\/v2\/users\/4"}],"replies":[{"embeddable":true,"href":"https:\/\/100xd.com.ar\/es\/wp-json\/wp\/v2\/comments?post=43649"}],"version-history":[{"count":1,"href":"https:\/\/100xd.com.ar\/es\/wp-json\/wp\/v2\/posts\/43649\/revisions"}],"predecessor-version":[{"id":43651,"href":"https:\/\/100xd.com.ar\/es\/wp-json\/wp\/v2\/posts\/43649\/revisions\/43651"}],"wp:featuredmedia":[{"embeddable":true,"href":"https:\/\/100xd.com.ar\/es\/wp-json\/wp\/v2\/media\/43650"}],"wp:attachment":[{"href":"https:\/\/100xd.com.ar\/es\/wp-json\/wp\/v2\/media?parent=43649"}],"wp:term":[{"taxonomy":"category","embeddable":true,"href":"https:\/\/100xd.com.ar\/es\/wp-json\/wp\/v2\/categories?post=43649"},{"taxonomy":"post_tag","embeddable":true,"href":"https:\/\/100xd.com.ar\/es\/wp-json\/wp\/v2\/tags?post=43649"}],"curies":[{"name":"wp","href":"https:\/\/api.w.org\/{rel}","templated":true}]}}