{"id":43381,"date":"2020-07-06T13:00:04","date_gmt":"2020-07-06T16:00:04","guid":{"rendered":"http:\/\/www.100xd.com.ar\/?p=43381"},"modified":"2020-07-06T13:00:10","modified_gmt":"2020-07-06T16:00:10","slug":"provincia-de-san-juan-mas-de-140-mil-sanjuaninos-ya-recibieron-la-vacuna-contra-la-gripe","status":"publish","type":"post","link":"https:\/\/100xd.com.ar\/es\/provincia-de-san-juan-mas-de-140-mil-sanjuaninos-ya-recibieron-la-vacuna-contra-la-gripe\/","title":{"rendered":"Provincia de San Ju\u00e1n: M\u00e1s de 140 mil sanjuaninos ya recibieron la vacuna contra la gripe"},"content":{"rendered":"<div class=\"itemBody\">\n<div class=\"itemFullText\">\n<p>La gripe o influenza es una enfermedad viral respiratoria que se presenta habitualmente en los meses m\u00e1s fr\u00edos del a\u00f1o. Una de las medidas preventivas es vacunar a la poblaci\u00f3n para evitar complicaciones que pongan en riesgo la vida de ni\u00f1os peque\u00f1os, adultos mayores y personas del grupo de riesgo como los pacientes inmunodeprimidos, diab\u00e9ticos, oncohemat\u00f3logicos, entre otros.<\/p>\n<p>Seg\u00fan datos oficiales, al 29 de junio del a\u00f1o en curso desde el Programa Provincial de Inmunizaciones se han vacunado a 142.835 personas, \u201ccifra que nos pone muy contentos\u201d, dijo la jefa del programa, Lic. Marita Sosa Yang. \u201cTeniendo en cuenta que estamos transitando la pandemia de COVID-19 y las caracter\u00edsticas para llevar la campa\u00f1a de vacunaci\u00f3n fue muy particular\u201d, continu\u00f3 diciendo la profesional.<\/p>\n<p>En un primero momento solo se inmuniz\u00f3 a los adultos mayores y como medida preventiva fue en terreno, es decir que el personal de salud recorri\u00f3 las calles de la provincia para evitar que este grupo no se movilizara hasta los centros de salud y evitar posibles contagios.<\/p>\n<p>Entre los grupos vacunados se puede citar al personal de salud, personal esencial, embarazadas, pu\u00e9rperas, ni\u00f1os de 6 meses a 8 a\u00f1os, personas de 9 a 64 a\u00f1os y el \u00faltimo grupo de m\u00e1s de 64 a\u00f1os.<\/p>\n<p>Este n\u00famero de vacunas ya suministradas \u201cva a seguir aumentando en el tiempo inmediato\u201d, agreg\u00f3 Yang. \u201cHemos tenido un apoyo de las instituciones intermedias como por ejemplo las uniones vecinales, algunos clubes e inclusive de iglesias, estos espacios alternativos favorecen el acercamiento de la poblaci\u00f3n. Muchos ciudadanos est\u00e1n sensibles y con prejuicios por miedo al contagio de coronavirus\u201d, a\u00f1adi\u00f3.<\/p>\n<p>\u201cEstamos muy satisfechos, claro que este resultado tambi\u00e9n es gracias al esfuerzo y dedicaci\u00f3n de todos los equipos de salud\u201d, concluy\u00f3.<\/p>\n<\/div>\n<div class=\"clr\"><\/div>\n<div class=\"itemContentFooter\">\n<p><span class=\"itemDateModified\">Modificado por \u00faltima vez en Domingo, 05 Julio 2020 22:33<\/span><\/p>\n<div class=\"clr\"><\/div>\n<\/div>\n<div class=\"clr\"><\/div>\n<\/div>\n<div class=\"clr\"><\/div>\n<div class=\"itemLinks\">\n<div class=\"itemCategory\"><img decoding=\"async\" src=\"https:\/\/sisanjuan2-imagenysistemas.netdna-ssl.com\/media\/k2\/categories\/10.png\" alt=\"Salud P\u00fablica\" width=\"20px\"  title=\"Provincia de San Ju\u00e1n: M\u00e1s de 140 mil sanjuaninos ya recibieron la vacuna contra la gripe\" \/>\u00a0<a href=\"https:\/\/sisanjuan.gob.ar\/secciones\/salud-publica\">Salud P\u00fablica<\/a><\/div>\n<div class=\"clr\"><\/div>\n<\/div>\n<div class=\"itemNavigation\"><span class=\"itemNavigationTitle\">M\u00e1s en esta categor\u00eda:<\/span>\u00a0<a class=\"itemPrevious\" href=\"https:\/\/sisanjuan.gob.ar\/salud-publica\/2020-07-04\/23675-290-personas-realizaron-el-curso-de-manipulacion-de-alimentos-on-line\">\u00ab Casi 300 personas realizaron el curso de manipulaci\u00f3n de alimentos online<\/a>\u00a0<a class=\"itemNext\" href=\"https:\/\/sisanjuan.gob.ar\/salud-publica\/2020-07-03\/23692-parte-de-salud-publica-sobre-coronavirus-n-117-3-07\">Parte de Salud P\u00fablica sobre coronavirus N\u00ba117 &#8211; 3\/07 \u00bb<\/a><\/div>\n<div class=\"itemBackToTop\"><a class=\"k2Anchor\" href=\"https:\/\/sisanjuan.gob.ar\/salud-publica\/2020-07-05\/23676-gran-satisfaccion-por-la-cantidad-de-personas-vacunadas-en-san-juan#startOfPageId23676\">volver arriba<\/a><\/div>","protected":false},"excerpt":{"rendered":"<p>La gripe o influenza es una enfermedad viral respiratoria que se presenta habitualmente en los meses m\u00e1s fr\u00edos del a\u00f1o. Una de las medidas preventivas es vacunar a la poblaci\u00f3n para evitar complicaciones que pongan en riesgo la vida de ni\u00f1os peque\u00f1os, adultos mayores y personas del grupo de riesgo como los pacientes inmunodeprimidos, diab\u00e9ticos, [&hellip;]<\/p>\n","protected":false},"author":4,"featured_media":43382,"comment_status":"open","ping_status":"open","sticky":false,"template":"","format":"standard","meta":{"site-sidebar-layout":"default","site-content-layout":"","ast-site-content-layout":"default","site-content-style":"default","site-sidebar-style":"default","ast-global-header-display":"","ast-banner-title-visibility":"","ast-main-header-display":"","ast-hfb-above-header-display":"","ast-hfb-below-header-display":"","ast-hfb-mobile-header-display":"","site-post-title":"","ast-breadcrumbs-content":"","ast-featured-img":"","footer-sml-layout":"","ast-disable-related-posts":"","theme-transparent-header-meta":"","adv-header-id-meta":"","stick-header-meta":"","header-above-stick-meta":"","header-main-stick-meta":"","header-below-stick-meta":"","astra-migrate-meta-layouts":"default","ast-page-background-enabled":"default","ast-page-background-meta":{"desktop":{"background-color":"","background-image":"","background-repeat":"repeat","background-position":"center center","background-size":"auto","background-attachment":"scroll","background-type":"","background-media":"","overlay-type":"","overlay-color":"","overlay-opacity":"","overlay-gradient":""},"tablet":{"background-color":"","background-image":"","background-repeat":"repeat","background-position":"center center","background-size":"auto","background-attachment":"scroll","background-type":"","background-media":"","overlay-type":"","overlay-color":"","overlay-opacity":"","overlay-gradient":""},"mobile":{"background-color":"","background-image":"","background-repeat":"repeat","background-position":"center center","background-size":"auto","background-attachment":"scroll","background-type":"","background-media":"","overlay-type":"","overlay-color":"","overlay-opacity":"","overlay-gradient":""}},"ast-content-background-meta":{"desktop":{"background-color":"var(--ast-global-color-5)","background-image":"","background-repeat":"repeat","background-position":"center center","background-size":"auto","background-attachment":"scroll","background-type":"","background-media":"","overlay-type":"","overlay-color":"","overlay-opacity":"","overlay-gradient":""},"tablet":{"background-color":"var(--ast-global-color-5)","background-image":"","background-repeat":"repeat","background-position":"center center","background-size":"auto","background-attachment":"scroll","background-type":"","background-media":"","overlay-type":"","overlay-color":"","overlay-opacity":"","overlay-gradient":""},"mobile":{"background-color":"var(--ast-global-color-5)","background-image":"","background-repeat":"repeat","background-position":"center center","background-size":"auto","background-attachment":"scroll","background-type":"","background-media":"","overlay-type":"","overlay-color":"","overlay-opacity":"","overlay-gradient":""}},"footnotes":""},"categories":[8,4],"tags":[],"class_list":["post-43381","post","type-post","status-publish","format-standard","has-post-thumbnail","hentry","category-el-mundo","category-sociedad"],"spectra_blocks_featured_image_url":{"thumbnail":{"url":"https:\/\/100xd.com.ar\/wp-content\/uploads\/2020\/07\/juan2-150x150.jpg","width":150,"height":150},"medium":{"url":"https:\/\/100xd.com.ar\/wp-content\/uploads\/2020\/07\/juan2-300x169.jpg","width":300,"height":169},"medium_large":{"url":"https:\/\/100xd.com.ar\/wp-content\/uploads\/2020\/07\/juan2.jpg","width":768,"height":433},"large":{"url":"https:\/\/100xd.com.ar\/wp-content\/uploads\/2020\/07\/juan2.jpg","width":782,"height":441},"full":{"url":"https:\/\/100xd.com.ar\/wp-content\/uploads\/2020\/07\/juan2.jpg","width":782,"height":441}},"spectra_blocks_author_info":{"display_name":"Facundo Novillo","avatar_url":"https:\/\/secure.gravatar.com\/avatar\/09745bc65ce6bf84291d6515d5f759c04b4fce4f329b8a975a8ac2982b552d3e?s=96&d=mm&r=g","author_link":"https:\/\/100xd.com.ar\/es\/author\/facundo\/","description":""},"_links":{"self":[{"href":"https:\/\/100xd.com.ar\/es\/wp-json\/wp\/v2\/posts\/43381","targetHints":{"allow":["GET"]}}],"collection":[{"href":"https:\/\/100xd.com.ar\/es\/wp-json\/wp\/v2\/posts"}],"about":[{"href":"https:\/\/100xd.com.ar\/es\/wp-json\/wp\/v2\/types\/post"}],"author":[{"embeddable":true,"href":"https:\/\/100xd.com.ar\/es\/wp-json\/wp\/v2\/users\/4"}],"replies":[{"embeddable":true,"href":"https:\/\/100xd.com.ar\/es\/wp-json\/wp\/v2\/comments?post=43381"}],"version-history":[{"count":2,"href":"https:\/\/100xd.com.ar\/es\/wp-json\/wp\/v2\/posts\/43381\/revisions"}],"predecessor-version":[{"id":43384,"href":"https:\/\/100xd.com.ar\/es\/wp-json\/wp\/v2\/posts\/43381\/revisions\/43384"}],"wp:featuredmedia":[{"embeddable":true,"href":"https:\/\/100xd.com.ar\/es\/wp-json\/wp\/v2\/media\/43382"}],"wp:attachment":[{"href":"https:\/\/100xd.com.ar\/es\/wp-json\/wp\/v2\/media?parent=43381"}],"wp:term":[{"taxonomy":"category","embeddable":true,"href":"https:\/\/100xd.com.ar\/es\/wp-json\/wp\/v2\/categories?post=43381"},{"taxonomy":"post_tag","embeddable":true,"href":"https:\/\/100xd.com.ar\/es\/wp-json\/wp\/v2\/tags?post=43381"}],"curies":[{"name":"wp","href":"https:\/\/api.w.org\/{rel}","templated":true}]}}