{"id":4293,"date":"2015-07-07T11:37:46","date_gmt":"2015-07-07T14:37:46","guid":{"rendered":"http:\/\/www.100xd.com.ar\/?p=4293"},"modified":"2015-07-07T11:47:05","modified_gmt":"2015-07-07T14:47:05","slug":"cristina-kirchner-encabezara-la-ultima-cena-de-camaraderia-de-las-ffaa","status":"publish","type":"post","link":"https:\/\/100xd.com.ar\/es\/cristina-kirchner-encabezara-la-ultima-cena-de-camaraderia-de-las-ffaa\/","title":{"rendered":"Cristina Kirchner encabezar\u00e1 la \u00faltima cena de camarader\u00eda de las FFAA"},"content":{"rendered":"<p>La ceremonia se llevar\u00e1 a cabo a las 20 en el sal\u00f3n General Jos\u00e9 de San Mart\u00edn del edificio Libertador, sede del Ministerio de Defensa y las jefaturas del Estado Mayor Conjunto y del Ej\u00e9rcito.<\/p>\n<p>Asistir\u00e1n a la comida el titular de la cartera castrense, Agust\u00edn Rossi; y los jefes del Estado Mayor Conjunto, general Luis Mar\u00eda Carena; del Ej\u00e9rcito, general Ricardo Cudom; de la Armada, almirante Gast\u00f3n Erice; y de la Fuerzas A\u00e9rea, brigadier Mario Callejo.<\/p>\n<p>Tambi\u00e9n estar\u00e1n presentes 250 jefes y oficiales superiores en actividad y en situaci\u00f3n de retiro.\u00a0Durante el trascurso de la ceremonia, la Presidenta, en su car\u00e1cter de comandante en jefe de las Fuerzas Armadas, dirigir\u00e1 un mensaje a los integrantes de las instituciones castrenses.<\/p>\n<p>(T\u00e9lam)<\/p>","protected":false},"excerpt":{"rendered":"<p>La ceremonia se llevar\u00e1 a cabo a las 20 en el sal\u00f3n General Jos\u00e9 de San Mart\u00edn del edificio Libertador, sede del Ministerio de Defensa y las jefaturas del Estado Mayor Conjunto y del Ej\u00e9rcito. Asistir\u00e1n a la comida el titular de la cartera castrense, Agust\u00edn Rossi; y los jefes del Estado Mayor Conjunto, general [&hellip;]<\/p>\n","protected":false},"author":4,"featured_media":0,"comment_status":"open","ping_status":"open","sticky":false,"template":"","format":"standard","meta":{"site-sidebar-layout":"default","site-content-layout":"","ast-site-content-layout":"default","site-content-style":"default","site-sidebar-style":"default","ast-global-header-display":"","ast-banner-title-visibility":"","ast-main-header-display":"","ast-hfb-above-header-display":"","ast-hfb-below-header-display":"","ast-hfb-mobile-header-display":"","site-post-title":"","ast-breadcrumbs-content":"","ast-featured-img":"","footer-sml-layout":"","ast-disable-related-posts":"","theme-transparent-header-meta":"","adv-header-id-meta":"","stick-header-meta":"","header-above-stick-meta":"","header-main-stick-meta":"","header-below-stick-meta":"","astra-migrate-meta-layouts":"default","ast-page-background-enabled":"default","ast-page-background-meta":{"desktop":{"background-color":"","background-image":"","background-repeat":"repeat","background-position":"center center","background-size":"auto","background-attachment":"scroll","background-type":"","background-media":"","overlay-type":"","overlay-color":"","overlay-opacity":"","overlay-gradient":""},"tablet":{"background-color":"","background-image":"","background-repeat":"repeat","background-position":"center center","background-size":"auto","background-attachment":"scroll","background-type":"","background-media":"","overlay-type":"","overlay-color":"","overlay-opacity":"","overlay-gradient":""},"mobile":{"background-color":"","background-image":"","background-repeat":"repeat","background-position":"center center","background-size":"auto","background-attachment":"scroll","background-type":"","background-media":"","overlay-type":"","overlay-color":"","overlay-opacity":"","overlay-gradient":""}},"ast-content-background-meta":{"desktop":{"background-color":"var(--ast-global-color-5)","background-image":"","background-repeat":"repeat","background-position":"center center","background-size":"auto","background-attachment":"scroll","background-type":"","background-media":"","overlay-type":"","overlay-color":"","overlay-opacity":"","overlay-gradient":""},"tablet":{"background-color":"var(--ast-global-color-5)","background-image":"","background-repeat":"repeat","background-position":"center center","background-size":"auto","background-attachment":"scroll","background-type":"","background-media":"","overlay-type":"","overlay-color":"","overlay-opacity":"","overlay-gradient":""},"mobile":{"background-color":"var(--ast-global-color-5)","background-image":"","background-repeat":"repeat","background-position":"center center","background-size":"auto","background-attachment":"scroll","background-type":"","background-media":"","overlay-type":"","overlay-color":"","overlay-opacity":"","overlay-gradient":""}},"footnotes":""},"categories":[2],"tags":[172,493,1362],"class_list":["post-4293","post","type-post","status-publish","format-standard","hentry","category-politica","tag-cfk","tag-cristina-fernandez-de-kirchner","tag-fuerzas-armadas"],"spectra_blocks_featured_image_url":null,"spectra_blocks_author_info":{"display_name":"Facundo Novillo","avatar_url":"https:\/\/secure.gravatar.com\/avatar\/09745bc65ce6bf84291d6515d5f759c04b4fce4f329b8a975a8ac2982b552d3e?s=96&d=mm&r=g","author_link":"https:\/\/100xd.com.ar\/es\/author\/facundo\/","description":""},"_links":{"self":[{"href":"https:\/\/100xd.com.ar\/es\/wp-json\/wp\/v2\/posts\/4293","targetHints":{"allow":["GET"]}}],"collection":[{"href":"https:\/\/100xd.com.ar\/es\/wp-json\/wp\/v2\/posts"}],"about":[{"href":"https:\/\/100xd.com.ar\/es\/wp-json\/wp\/v2\/types\/post"}],"author":[{"embeddable":true,"href":"https:\/\/100xd.com.ar\/es\/wp-json\/wp\/v2\/users\/4"}],"replies":[{"embeddable":true,"href":"https:\/\/100xd.com.ar\/es\/wp-json\/wp\/v2\/comments?post=4293"}],"version-history":[{"count":1,"href":"https:\/\/100xd.com.ar\/es\/wp-json\/wp\/v2\/posts\/4293\/revisions"}],"predecessor-version":[{"id":4295,"href":"https:\/\/100xd.com.ar\/es\/wp-json\/wp\/v2\/posts\/4293\/revisions\/4295"}],"wp:attachment":[{"href":"https:\/\/100xd.com.ar\/es\/wp-json\/wp\/v2\/media?parent=4293"}],"wp:term":[{"taxonomy":"category","embeddable":true,"href":"https:\/\/100xd.com.ar\/es\/wp-json\/wp\/v2\/categories?post=4293"},{"taxonomy":"post_tag","embeddable":true,"href":"https:\/\/100xd.com.ar\/es\/wp-json\/wp\/v2\/tags?post=4293"}],"curies":[{"name":"wp","href":"https:\/\/api.w.org\/{rel}","templated":true}]}}