{"id":42913,"date":"2020-06-27T12:32:52","date_gmt":"2020-06-27T15:32:52","guid":{"rendered":"http:\/\/www.100xd.com.ar\/?p=42913"},"modified":"2020-06-27T12:33:01","modified_gmt":"2020-06-27T15:33:01","slug":"en-el-ojo-del-huracan","status":"publish","type":"post","link":"https:\/\/100xd.com.ar\/es\/en-el-ojo-del-huracan\/","title":{"rendered":"En el ojo del hurac\u00e1n"},"content":{"rendered":"<div class=\"row pb-content-type-text\">\n<div class=\"col-xs-12 col-print-12\">\n<p class=\"element element-paragraph\"><b>No se hagan ilusiones, no hay manera de poner fecha oficial al levantamiento de la cuarentena<\/b>. Nadie se aventura a hablar de una fecha de corte, de un luminoso d\u00eda despu\u00e9s. Hay que incorporar esa idea.<\/p>\n<\/div>\n<\/div>\n<div class=\"row pb-content-type-text\">\n<div class=\"col-xs-12 col-print-12\">\n<p class=\"element element-paragraph\">El esquema que se presenta supone gestionar cierres y aperturas alternadas. Una suerte de fuelle que ajusta y descomprime. Un inspirar y exhalar desacompasado e imprevisible que administrar\u00e1n los que gobiernan con el term\u00f3metro en una mano y los algoritmos y la big data en la otra.<\/p>\n<\/div>\n<\/div>\n<div class=\"row pb-content-type-text\">\n<div class=\"col-xs-12 col-print-12\">\n<p class=\"element element-paragraph\">La nueva normalidad tal cual ya se vive en algunos pa\u00edses del norte tarda en llegar a nuestras pampas y, cuando llegue, en cualquier caso ser\u00e1 agobiante.<\/p>\n<\/div>\n<\/div>\n<div class=\"row pb-content-type-text\">\n<div class=\"col-xs-12 col-print-12\">\n<p class=\"element element-paragraph\">Hay muchas preguntas y pocas respuestas. O, lo que es peor,\u00a0<b>hay varias respuestas posibles para cada pregunta<\/b>. O sea, nadie dispone de certeza alguna. Todo dato es transitorio y provisional. Pura experiencia sobre la marcha. Se trabaja fuerte sobre el ensayo y el error.<\/p>\n<\/div>\n<\/div>\n<div class=\"row pb-content-type-text\">\n<div id=\"\" class=\"wrapper clearfix pb-feature pb-layout-item pb-f-ads-dfp left-align\"><\/div>\n<div class=\"col-xs-12 col-print-12\">\n<p class=\"element element-paragraph\">\u00bfHay que pegar el volantazo cuando el iceberg aparece en el radar o jugar al l\u00edmite tomando riesgo? \u00bfC\u00f3mo se calcula el R0? \u00bfPromediando el AMBA o discriminando entre Ciudad y Provincia? \u00bfLos runners, son suicidas unabombers o solo estamos evaluando desde el prejuicio social? \u00bfEl virus se contagia por contacto en superficie o solo vive en los fluidos que se aerolizan? \u00bfCu\u00e1nto dura inmunidad del que se recupera se mantiene en el tiempo? Son debates que hoy aparecen irrelevantes frente a la gravedad de los n\u00fameros y recurso absolutamente finito de un sistema sanitario que amenaza con saturarse.<\/p>\n<\/div>\n<\/div>\n<div class=\"row pb-content-type-text\">\n<div class=\"col-xs-12 col-print-12\">\n<p class=\"element element-paragraph\"><b>\u00bfY esto, hasta cu\u00e1ndo? Hasta la vacuna, hasta que haya un tratamiento, hasta que el virus se debilite, hasta que quede inmune el reba\u00f1o, hasta que mueran todo los que tengan que morir, hasta el hartazgo<\/b>. Dif\u00edcil saberlo. No hay plan de salida a la vista de la cuarentena porque estamos en una encerrona que excede el confinamiento obligatorio.<\/p>\n<\/div>\n<\/div>\n<div class=\"row pb-content-type-text\">\n<div class=\"col-xs-12 col-print-12\">\n<p class=\"element element-paragraph\">Todos tienen raz\u00f3n. La cuarentena resulta insoportable y la econom\u00eda sigue deterior\u00e1ndose pero no hay otra manera conocida de frenar el avance del virus. Solo se sabe que, tras alcanzar el pico, la bajada es m\u00e1s r\u00e1pida.<\/p>\n<\/div>\n<\/div>\n<div class=\"row pb-content-type-text\">\n<div class=\"col-xs-12 col-print-12\">\n<p class=\"element element-paragraph\"><b>El esperado anuncio de este viernes tuvo el tono de la gravedad de la hora. El Presidente apareci\u00f3 firme y reflexivo. No prometi\u00f3 nada que no se pueda cumplir.<\/b><\/p>\n<\/div>\n<\/div>\n<div class=\"row pb-content-type-text\">\n<div class=\"col-xs-12 col-print-12\">\n<p class=\"element element-paragraph\">Ni Alberto Fern\u00e1ndez, ni Axel Kicillof, ni Horacio Rodr\u00edguez Larreta hablaron de un \u201c\u00faltimo esfuerzo\u201d.<\/p>\n<\/div>\n<\/div>\n<div class=\"row pb-content-type-text\">\n<div class=\"col-xs-12 col-print-12\">\n<p class=\"element element-paragraph\">\u201cHicimos tanto esfuerzo, otro esfuerzo vale la pena\u201d, dijo el Presidente.\u00a0<b>Es otro esfuerzo m\u00e1s, probablemente no sea el \u00faltimo.<\/b><\/p>\n<\/div>\n<\/div>\n<div class=\"row pb-content-type-text\">\n<div class=\"col-xs-12 col-print-12\">\n<p class=\"element element-paragraph\">En el mejor de los escenarios no habr\u00e1 levantamiento sino desescalada. No hay plan B para enfrentar el anunciado colapso del sistema de salud. Ese panorama que se ve venir sobre el recrudecimiento exponencial del n\u00famero de casos. Lo que cuenta es el n\u00famero de camas UTI ocupadas. Los muertos no son n\u00fameros. Tienen nombre, apellido e historia personal.<\/p>\n<\/div>\n<\/div>\n<div class=\"row pb-content-type-text\">\n<div class=\"col-xs-12 col-print-12\">\n<p class=\"element element-paragraph\">Los que gobiernan se enfrentan a algo demasiado nuevo y desconocido.\u00a0<b>Tienen que admitir que no saben, que no pueden, que no les alcanza, que no est\u00e1n en condiciones de garantizar nada y que adem\u00e1s son f\u00edsica y personalmente vulnerables<\/b>. El poder no los preserva de la enfermedad, es m\u00e1s puede que los exponga muy especialmente.<\/p>\n<\/div>\n<\/div>\n<div class=\"row pb-content-type-text\">\n<div class=\"col-xs-12 col-print-12\">\n<p class=\"element element-paragraph\">Lo que viene hacia adelante es pura adversidad. Este es el diagn\u00f3stico de los dirigentes con los que se habla cualquiera sea el espacio pol\u00edtico al que pertenezcan. Adversidad sanitaria y derrumbe inexorable de la econom\u00eda.<\/p>\n<\/div>\n<\/div>\n<div class=\"row pb-content-type-text\">\n<div class=\"col-xs-12 col-print-12\">\n<p class=\"element element-paragraph\">En lo inmediato habr\u00e1 que resolver dilemas \u00e9ticos para los que no estamos preparados. De la epidemiolog\u00eda a la bio\u00e9tica.<\/p>\n<\/div>\n<\/div>\n<div class=\"row pb-content-type-text\">\n<div class=\"col-xs-12 col-print-12\">\n<p class=\"element element-paragraph\">El camino a la \u201cnueva normal\u201d forzar\u00e1 a debates impensados. A los protocolos relacionados con a quienes se les dar\u00e1 prioridad de acceso a los cuidados intensivos cuando estos se acaben, se suman los relacionados con el suministro de tratamientos todav\u00eda en etapa experimental y desde ya absolutamente finitos como el relacionado con el plasma.<\/p>\n<\/div>\n<\/div>\n<div class=\"row pb-content-type-text\">\n<div class=\"col-xs-12 col-print-12\">\n<p class=\"element element-paragraph\">Otro asunto que tarde o temprano se impone discutir es la fastidiosa cuesti\u00f3n de si quienes se negativizan tras pasar por el COVID tendr\u00e1n credenciales para moverse con ventajas en el mundo del trabajo.\u00a0<b>\u00bfEn qu\u00e9 situaci\u00f3n quedar\u00e1n frente a lo que se viene los adultos mayores y los que padecen comorbilidades? \u00bfSe abre un escenario de discriminaci\u00f3n con ciudadanos de primera y de segunda?<\/b><\/p>\n<\/div>\n<\/div>\n<div class=\"row pb-content-type-text\">\n<div class=\"col-xs-12 col-print-12\">\n<p class=\"element element-paragraph\">Otro asunto es el escenario pol\u00edtico y econ\u00f3mico que se desplegar\u00e1 cuando arranque la apertura en alguna de sus formas.<\/p>\n<\/div>\n<\/div>\n<div class=\"row pb-content-type-text\">\n<div class=\"col-xs-12 col-print-12\">\n<p class=\"element element-paragraph\"><b>En el oficialismo se fantasea con la construcci\u00f3n una \u201c\u00e9pica post pandemia\u201d.<\/b><\/p>\n<\/div>\n<\/div>\n<div class=\"row pb-content-type-text\">\n<div class=\"col-xs-12 col-print-12\">\n<p class=\"element element-paragraph\">Desde un sector del Frente de todos, no obstante, imaginan que esta batalla sin cuartel contra el virus har\u00e1 estragos en la econom\u00eda pero ser\u00e1 exitosa en relaci\u00f3n a lo sanitario y, lo que es m\u00e1s valioso e importante, dejar\u00e1 el \u201ccapital humano\u201d a salvo fortaleciendo la figura presidencial. Consultados acerca de cu\u00e1les ser\u00e1n los ejes de esa \u00e9pica, la respuesta se hace esperar.<\/p>\n<\/div>\n<\/div>\n<div class=\"row pb-content-type-text\">\n<div class=\"col-xs-12 col-print-12\">\n<p class=\"element element-paragraph\">Quienes pintan este escenario no venden solo optimismo. Por el contrario, advierten que la ca\u00edda de la econom\u00eda ser\u00e1 a\u00fan mayor que la que pronostica el FMI del 9,9%. La ubican cercana al 13%. Son los mismos que aseguran que resolver el tema de la deuda dar\u00e1 aire hacia adelante.<\/p>\n<\/div>\n<\/div>\n<div class=\"row pb-content-type-text\">\n<div class=\"col-xs-12 col-print-12\">\n<p class=\"element element-paragraph\">\u201cEstamos muy cerquita de cerrar&#8230; estamos discutiendo en los bordes&#8230;Estamos tirando los \u00faltimos tiros\u201d, conf\u00edan en que la negociaci\u00f3n llegar\u00e1 a buen t\u00e9rmino. Consultados sobre el caso Vicentin dicen estar en condiciones de encontrar una salida\u00a0<i>market friendly<\/i>\u00a0sobre la base del modelo YPF.<\/p>\n<\/div>\n<\/div>\n<div class=\"row pb-content-type-text\">\n<div class=\"col-xs-12 col-print-12\">\n<p class=\"element element-paragraph\">\u201cEl AMBA hoy es Wuhan\u201d, bajan de manera dram\u00e1tica. Pero se preparan para la llegada del d\u00eda despu\u00e9s.<\/p>\n<\/div>\n<\/div>\n<div class=\"row pb-content-type-text\">\n<div class=\"col-xs-12 col-print-12\">\n<p class=\"element element-paragraph\">Los sectores m\u00e1s moderados de la oposici\u00f3n pol\u00edtica consideran que la post pandemia demandar\u00e1 de acuerdos y consensos muy fuertes y sin exclusiones.\u00a0<b>Opinan que cuando el oficialismo se mete en la grieta y fogonea desde ah\u00ed, la gente reacciona<\/b>. Observan que hay una muy baja tolerancia social a los comportamientos extremos. Admiten que en las dos fuerzas mayoritarias hay polos radicalizados y que el \u201cvamos por todo\u201d no logra fluir.<\/p>\n<\/div>\n<\/div>\n<div class=\"row pb-content-type-text\">\n<div class=\"col-xs-12 col-print-12\">\n<p class=\"element element-paragraph\">Conscientes de que lo que se ve hacia adelante es \u201cpura p\u00e9rdida\u201d, de que nada de lo que viene es bueno,\u00a0<b>son varios los referentes de Juntos por el Cambio que se predisponen a alinearse a la par del Gobierno.<\/b><\/p>\n<\/div>\n<\/div>\n<div class=\"row pb-content-type-text\">\n<div class=\"col-xs-12 col-print-12\">\n<p class=\"element element-paragraph\">Los que tienen esta mirada creen que el 41% que vot\u00f3 la oposici\u00f3n no se expres\u00f3 a favor de Mauricio Macri sino en contra de CFK y que ese sentimiento est\u00e1 consolidado y resiste el avance las \u201cideas locas\u201d que fatigan desde el Instituto Patria y sus adyacencias.<\/p>\n<\/div>\n<\/div>\n<div class=\"row pb-content-type-text\">\n<div class=\"col-xs-12 col-print-12\">\n<p class=\"element element-paragraph\">En este sector, que intenta reordenar desde el centro de Juntos por el Cambio, se tiene el convencimiento que mientras haya muertos en el parte diario no hay espacio para hacer especulaciones pol\u00edticas.\u00a0<b>Que no da, que hay que acompa\u00f1ar y bancar.<\/b><\/p>\n<\/div>\n<\/div>\n<div class=\"row pb-content-type-text\">\n<div class=\"col-xs-12 col-print-12\">\n<p class=\"element element-paragraph\">Opinan que hay que salir cuanto antes de la grieta y que las mayores dificultades pol\u00edticas que hoy enfrenta Alberto Fern\u00e1ndez provienen del interior de su propio espacio.<\/p>\n<\/div>\n<\/div>\n<div class=\"row pb-content-type-text\">\n<div class=\"col-xs-12 col-print-12\">\n<p class=\"element element-paragraph\">Convencidos de que hoy se gobierna sobre la incertidumbre de lo desconocido y que para afianzarse en el liderazgo hay que aceptar la vulnerabilidad que trajo la pandemia.<\/p>\n<\/div>\n<\/div>\n<div class=\"row pb-content-type-text\">\n<div class=\"col-xs-12 col-print-12\">\n<p class=\"element element-paragraph\">\u201cNo hay plan en el Gobierno porque el plan de Alberto Fern\u00e1ndez es distinto al que tiene Cristina Fern\u00e1ndez de Kirchner\u201d. Es una mirada, claro, desde un espacio de la oposici\u00f3n que advierte que mientras el Presidente carga con las duras decisiones que impone el avance de la pandemia, el kirchnerismo avanza sobre el esquema de poder, donde ya controlan el Poder Legislativo, parte del Poder Judicial o organismos clave como la ANSES, La AFI, la AFIP, la UIF y el PAMI.<\/p>\n<\/div>\n<\/div>\n<div class=\"row pb-content-type-text\">\n<div class=\"col-xs-12 col-print-12\">\n<p class=\"element element-paragraph\">Desde el sector industrial se coincide muy fuerte en algo: solo se sale hacia adelante sobre la base de acuerdos fuertes y construcci\u00f3n de consensos. Todos juntos.<\/p>\n<\/div>\n<\/div>\n<div class=\"row pb-content-type-text\">\n<div class=\"col-xs-12 col-print-12\">\n<p class=\"element element-paragraph\">\u201cVicentin es un error que no se puede repetir\u201d, dicen por lo bajo los m\u00e1s recatados. Se perdi\u00f3 mucha credibilidad con tanta ida y vuelta sobre una cuesti\u00f3n tan sensible. \u201cLos empresarios nos pasamos el 80% de nuestro tiempo explicando la Argentina\u201d, comentan. Esperan con ansiedad se resuelva el tema de la deuda. Por el momento son cautos. Solo unos pocos d\u00edas pasaron entre la reuni\u00f3n que los pesos pesados de la industria y el empresariado tuvieron con el Presidente y el anuncio de la expropiaci\u00f3n que por el momento no lleg\u00f3 a ser.<\/p>\n<\/div>\n<\/div>\n<div class=\"row pb-content-type-text\">\n<div class=\"col-xs-12 col-print-12\">\n<p class=\"element element-paragraph\">\u201cHoy tenemos que estar m\u00e1s unidos que nunca. Hemos dejado a un costado toda diferencia pol\u00edtica: Les pido que nos ayuden\u201d, dijo Alberto Fern\u00e1ndez al anunciar las restricciones que se vienen.\u00a0<b>El virus est\u00e1 imponiendo su rigor y la clase pol\u00edtica reconoce sus limitaciones.<\/b><\/p>\n<p class=\"element element-paragraph\">Fuente: <a href=\"https:\/\/www.infobae.com\/?noredirect\">Infobae.com<\/a>\u00a0 \u00a0 \u00a0M\u00f3nica Gutierrez<\/p>\n<\/div>\n<\/div>","protected":false},"excerpt":{"rendered":"<p>No se hagan ilusiones, no hay manera de poner fecha oficial al levantamiento de la cuarentena. Nadie se aventura a hablar de una fecha de corte, de un luminoso d\u00eda despu\u00e9s. Hay que incorporar esa idea. El esquema que se presenta supone gestionar cierres y aperturas alternadas. Una suerte de fuelle que ajusta y descomprime. [&hellip;]<\/p>\n","protected":false},"author":4,"featured_media":42914,"comment_status":"open","ping_status":"open","sticky":false,"template":"","format":"standard","meta":{"site-sidebar-layout":"default","site-content-layout":"","ast-site-content-layout":"default","site-content-style":"default","site-sidebar-style":"default","ast-global-header-display":"","ast-banner-title-visibility":"","ast-main-header-display":"","ast-hfb-above-header-display":"","ast-hfb-below-header-display":"","ast-hfb-mobile-header-display":"","site-post-title":"","ast-breadcrumbs-content":"","ast-featured-img":"","footer-sml-layout":"","ast-disable-related-posts":"","theme-transparent-header-meta":"","adv-header-id-meta":"","stick-header-meta":"","header-above-stick-meta":"","header-main-stick-meta":"","header-below-stick-meta":"","astra-migrate-meta-layouts":"default","ast-page-background-enabled":"default","ast-page-background-meta":{"desktop":{"background-color":"","background-image":"","background-repeat":"repeat","background-position":"center center","background-size":"auto","background-attachment":"scroll","background-type":"","background-media":"","overlay-type":"","overlay-color":"","overlay-opacity":"","overlay-gradient":""},"tablet":{"background-color":"","background-image":"","background-repeat":"repeat","background-position":"center center","background-size":"auto","background-attachment":"scroll","background-type":"","background-media":"","overlay-type":"","overlay-color":"","overlay-opacity":"","overlay-gradient":""},"mobile":{"background-color":"","background-image":"","background-repeat":"repeat","background-position":"center center","background-size":"auto","background-attachment":"scroll","background-type":"","background-media":"","overlay-type":"","overlay-color":"","overlay-opacity":"","overlay-gradient":""}},"ast-content-background-meta":{"desktop":{"background-color":"var(--ast-global-color-5)","background-image":"","background-repeat":"repeat","background-position":"center center","background-size":"auto","background-attachment":"scroll","background-type":"","background-media":"","overlay-type":"","overlay-color":"","overlay-opacity":"","overlay-gradient":""},"tablet":{"background-color":"var(--ast-global-color-5)","background-image":"","background-repeat":"repeat","background-position":"center center","background-size":"auto","background-attachment":"scroll","background-type":"","background-media":"","overlay-type":"","overlay-color":"","overlay-opacity":"","overlay-gradient":""},"mobile":{"background-color":"var(--ast-global-color-5)","background-image":"","background-repeat":"repeat","background-position":"center center","background-size":"auto","background-attachment":"scroll","background-type":"","background-media":"","overlay-type":"","overlay-color":"","overlay-opacity":"","overlay-gradient":""}},"footnotes":""},"categories":[12],"tags":[],"class_list":["post-42913","post","type-post","status-publish","format-standard","has-post-thumbnail","hentry","category-opinion"],"spectra_blocks_featured_image_url":{"thumbnail":{"url":"https:\/\/100xd.com.ar\/wp-content\/uploads\/2020\/06\/moni-150x150.jpg","width":150,"height":150},"medium":{"url":"https:\/\/100xd.com.ar\/wp-content\/uploads\/2020\/06\/moni-300x169.jpg","width":300,"height":169},"medium_large":{"url":"https:\/\/100xd.com.ar\/wp-content\/uploads\/2020\/06\/moni.jpg","width":768,"height":432},"large":{"url":"https:\/\/100xd.com.ar\/wp-content\/uploads\/2020\/06\/moni.jpg","width":1004,"height":565},"full":{"url":"https:\/\/100xd.com.ar\/wp-content\/uploads\/2020\/06\/moni.jpg","width":1004,"height":565}},"spectra_blocks_author_info":{"display_name":"Facundo Novillo","avatar_url":"https:\/\/secure.gravatar.com\/avatar\/09745bc65ce6bf84291d6515d5f759c04b4fce4f329b8a975a8ac2982b552d3e?s=96&d=mm&r=g","author_link":"https:\/\/100xd.com.ar\/es\/author\/facundo\/","description":""},"_links":{"self":[{"href":"https:\/\/100xd.com.ar\/es\/wp-json\/wp\/v2\/posts\/42913","targetHints":{"allow":["GET"]}}],"collection":[{"href":"https:\/\/100xd.com.ar\/es\/wp-json\/wp\/v2\/posts"}],"about":[{"href":"https:\/\/100xd.com.ar\/es\/wp-json\/wp\/v2\/types\/post"}],"author":[{"embeddable":true,"href":"https:\/\/100xd.com.ar\/es\/wp-json\/wp\/v2\/users\/4"}],"replies":[{"embeddable":true,"href":"https:\/\/100xd.com.ar\/es\/wp-json\/wp\/v2\/comments?post=42913"}],"version-history":[{"count":1,"href":"https:\/\/100xd.com.ar\/es\/wp-json\/wp\/v2\/posts\/42913\/revisions"}],"predecessor-version":[{"id":42915,"href":"https:\/\/100xd.com.ar\/es\/wp-json\/wp\/v2\/posts\/42913\/revisions\/42915"}],"wp:featuredmedia":[{"embeddable":true,"href":"https:\/\/100xd.com.ar\/es\/wp-json\/wp\/v2\/media\/42914"}],"wp:attachment":[{"href":"https:\/\/100xd.com.ar\/es\/wp-json\/wp\/v2\/media?parent=42913"}],"wp:term":[{"taxonomy":"category","embeddable":true,"href":"https:\/\/100xd.com.ar\/es\/wp-json\/wp\/v2\/categories?post=42913"},{"taxonomy":"post_tag","embeddable":true,"href":"https:\/\/100xd.com.ar\/es\/wp-json\/wp\/v2\/tags?post=42913"}],"curies":[{"name":"wp","href":"https:\/\/api.w.org\/{rel}","templated":true}]}}