{"id":42736,"date":"2020-06-24T12:43:15","date_gmt":"2020-06-24T15:43:15","guid":{"rendered":"http:\/\/www.100xd.com.ar\/?p=42736"},"modified":"2020-06-24T12:43:21","modified_gmt":"2020-06-24T15:43:21","slug":"colapso-de-sistema-y-movilidad-las-claves-del-parte-de-los-virologos-a-kicillof","status":"publish","type":"post","link":"https:\/\/100xd.com.ar\/es\/colapso-de-sistema-y-movilidad-las-claves-del-parte-de-los-virologos-a-kicillof\/","title":{"rendered":"Colapso de sistema y movilidad, las claves del parte de los vir\u00f3logos a Kicillof"},"content":{"rendered":"<p>El gobernador de la Provincia de\u00a0Buenos Aires, Axel Kicillof, encabez\u00f3 este martes 23 de junio en La Plata por videoconferencia la reuni\u00f3n peri\u00f3dica del comit\u00e9 de expertos de la provincia, en la que ratific\u00f3 que se debe &#8220;dar un paso hacia una medida m\u00e1s restrictiva&#8221; de la cuarentena en la zona metropolitana. Los expertos aseguran que, de seguir as\u00ed, podr\u00eda haber un colapso del sistema de salud en cuatro semanas y pidieron reducir dr\u00e1sticamente la movilidad por 15 d\u00edas. &#8220;No es un fracaso volver a una fase 1&#8221;, expresan. &#8220;Estos casi 100 d\u00edas de cuarentena sirvieron para que hoy tengamos este nivel de contagios a\u00fan controlable. Lo que hicimos hasta ac\u00e1 vali\u00f3 la pena, dar un paso hacia una medida m\u00e1s restrictiva para cuidar la salud de todos y todas no significa una derrota&#8221;, resalt\u00f3 Kicillof. Durante el encuentro, el gobernador escuch\u00f3 el an\u00e1lisis por parte de los expertos y se evaluaron las medidas de mayor restricci\u00f3n que se est\u00e1n considerando para el AMBA, en un contexto de crecimiento de los casos y de la circulaci\u00f3n viral. Kreplak: &#8220;Si no hacemos nada para evitar los contagios, en 30 d\u00edas colapsa el sistema de salud provincial&#8221; &#8220;Estamos teniendo un crecimiento clar\u00edsimo de los contagios y de la utilizaci\u00f3n de los recursos sanitarios. Estamos de acuerdo, junto al Gobierno Nacional y de la Ciudad de Buenos Aires, en que si esto se sostiene tendremos que avanzar hacia un aislamiento m\u00e1s r\u00edgido&#8221;, explic\u00f3 Kicillof. Por su parte, el ministro de Salud provincial, Daniel Goll\u00e1n, destac\u00f3: &#8220;Mientras el nivel de contagio y expansi\u00f3n del virus siga con esta tendencia en el AMBA, es un peligro latente para toda la provincia&#8221;. El funcionario afirm\u00f3 que es importante poner los esfuerzos en tres ejes: la disminuci\u00f3n de la circulaci\u00f3n y la movilidad en el \u00e1rea metropolitana; continuar con los operativos del Plan Detectar (que ya se realizaron en 19 municipios a 243 mil personas); y la gesti\u00f3n de nuevas camas y equipamiento para el sistema sanitario bonaerense. &#8220;Los expertos coincidieron en la necesidad de avanzar hacia medidas m\u00e1s restrictivas para frenar la movilidad en el \u00e1rea metropolitana, y de seguir generando conciencia colectiva con informaci\u00f3n clara sobre la necesidad de cumplir estrictamente con las normas de aislamiento y distanciamiento social&#8221;, indic\u00f3 la Provincia. Habr\u00e1 una cuarentena restrictiva de 15 d\u00edas para el AMBA En di\u00e1logo con TN, el vir\u00f3logo que forma\u00a0parte del comit\u00e9 de expertos,\u00a0Juan Manuel Carballeda, asegur\u00f3 que &#8220;estamos ante un aumento de casos muy graves que nos podr\u00eda llevar a un colapso del sistema de salud en, aproximadamente, cuatro semanas si seguimos as\u00ed&#8221;. &#8220;Hay una correlaci\u00f3n entre el aumento de la movilidad y los contagios, es necesario reducir dr\u00e1sticamente esta movilidad lo antes posible. Es importante mencionar que estas medidas no son por tiempo indeterminada, van a ser por cierta cantidad de tiempo. Reduciendo esta movilidad por 15 d\u00edas ah\u00ed vamos a empezar a ver esta ca\u00edda en los casos&#8221;, se\u00f1al\u00f3. En esa l\u00ednea, sigui\u00f3: &#8220;Vemos im\u00e1genes donde no se cumple el distanciamiento. En particular en el transporte p\u00fablico. Aconsejar\u00eda reducir lo m\u00e1s posible la movilidad, todo lo que se puede, y generar m\u00e1s rastreos de contactos y la detecci\u00f3n temprana de los focos. Generar un sistema de rastreos de contactos para detectar r\u00e1pidamente los focos y ah\u00ed s\u00ed ir volviendo a la movilidad&#8221;. &#8220;No es un fracaso volver a una fase 1. En muchos pa\u00edses se ha vuelto para atr\u00e1s&#8221;, concluy\u00f3 el especialista.<\/p>\n<p>Fuente:<a href=\"https:\/\/www.perfil.com\/\"> Perfil.com<\/a><\/p>","protected":false},"excerpt":{"rendered":"<p>El gobernador de la Provincia de\u00a0Buenos Aires, Axel Kicillof, encabez\u00f3 este martes 23 de junio en La Plata por videoconferencia la reuni\u00f3n peri\u00f3dica del comit\u00e9 de expertos de la provincia, en la que ratific\u00f3 que se debe &#8220;dar un paso hacia una medida m\u00e1s restrictiva&#8221; de la cuarentena en la zona metropolitana. Los expertos aseguran [&hellip;]<\/p>\n","protected":false},"author":4,"featured_media":42737,"comment_status":"open","ping_status":"open","sticky":false,"template":"","format":"standard","meta":{"site-sidebar-layout":"default","site-content-layout":"","ast-site-content-layout":"default","site-content-style":"default","site-sidebar-style":"default","ast-global-header-display":"","ast-banner-title-visibility":"","ast-main-header-display":"","ast-hfb-above-header-display":"","ast-hfb-below-header-display":"","ast-hfb-mobile-header-display":"","site-post-title":"","ast-breadcrumbs-content":"","ast-featured-img":"","footer-sml-layout":"","ast-disable-related-posts":"","theme-transparent-header-meta":"","adv-header-id-meta":"","stick-header-meta":"","header-above-stick-meta":"","header-main-stick-meta":"","header-below-stick-meta":"","astra-migrate-meta-layouts":"default","ast-page-background-enabled":"default","ast-page-background-meta":{"desktop":{"background-color":"","background-image":"","background-repeat":"repeat","background-position":"center center","background-size":"auto","background-attachment":"scroll","background-type":"","background-media":"","overlay-type":"","overlay-color":"","overlay-opacity":"","overlay-gradient":""},"tablet":{"background-color":"","background-image":"","background-repeat":"repeat","background-position":"center center","background-size":"auto","background-attachment":"scroll","background-type":"","background-media":"","overlay-type":"","overlay-color":"","overlay-opacity":"","overlay-gradient":""},"mobile":{"background-color":"","background-image":"","background-repeat":"repeat","background-position":"center center","background-size":"auto","background-attachment":"scroll","background-type":"","background-media":"","overlay-type":"","overlay-color":"","overlay-opacity":"","overlay-gradient":""}},"ast-content-background-meta":{"desktop":{"background-color":"var(--ast-global-color-5)","background-image":"","background-repeat":"repeat","background-position":"center center","background-size":"auto","background-attachment":"scroll","background-type":"","background-media":"","overlay-type":"","overlay-color":"","overlay-opacity":"","overlay-gradient":""},"tablet":{"background-color":"var(--ast-global-color-5)","background-image":"","background-repeat":"repeat","background-position":"center center","background-size":"auto","background-attachment":"scroll","background-type":"","background-media":"","overlay-type":"","overlay-color":"","overlay-opacity":"","overlay-gradient":""},"mobile":{"background-color":"var(--ast-global-color-5)","background-image":"","background-repeat":"repeat","background-position":"center center","background-size":"auto","background-attachment":"scroll","background-type":"","background-media":"","overlay-type":"","overlay-color":"","overlay-opacity":"","overlay-gradient":""}},"footnotes":""},"categories":[25],"tags":[],"class_list":["post-42736","post","type-post","status-publish","format-standard","has-post-thumbnail","hentry","category-destacado"],"spectra_blocks_featured_image_url":{"thumbnail":{"url":"https:\/\/100xd.com.ar\/wp-content\/uploads\/2020\/06\/eneno-150x150.jpg","width":150,"height":150},"medium":{"url":"https:\/\/100xd.com.ar\/wp-content\/uploads\/2020\/06\/eneno-300x169.jpg","width":300,"height":169},"medium_large":{"url":"https:\/\/100xd.com.ar\/wp-content\/uploads\/2020\/06\/eneno.jpg","width":768,"height":432},"large":{"url":"https:\/\/100xd.com.ar\/wp-content\/uploads\/2020\/06\/eneno.jpg","width":840,"height":472},"full":{"url":"https:\/\/100xd.com.ar\/wp-content\/uploads\/2020\/06\/eneno.jpg","width":840,"height":472}},"spectra_blocks_author_info":{"display_name":"Facundo Novillo","avatar_url":"https:\/\/secure.gravatar.com\/avatar\/09745bc65ce6bf84291d6515d5f759c04b4fce4f329b8a975a8ac2982b552d3e?s=96&d=mm&r=g","author_link":"https:\/\/100xd.com.ar\/es\/author\/facundo\/","description":""},"_links":{"self":[{"href":"https:\/\/100xd.com.ar\/es\/wp-json\/wp\/v2\/posts\/42736","targetHints":{"allow":["GET"]}}],"collection":[{"href":"https:\/\/100xd.com.ar\/es\/wp-json\/wp\/v2\/posts"}],"about":[{"href":"https:\/\/100xd.com.ar\/es\/wp-json\/wp\/v2\/types\/post"}],"author":[{"embeddable":true,"href":"https:\/\/100xd.com.ar\/es\/wp-json\/wp\/v2\/users\/4"}],"replies":[{"embeddable":true,"href":"https:\/\/100xd.com.ar\/es\/wp-json\/wp\/v2\/comments?post=42736"}],"version-history":[{"count":1,"href":"https:\/\/100xd.com.ar\/es\/wp-json\/wp\/v2\/posts\/42736\/revisions"}],"predecessor-version":[{"id":42738,"href":"https:\/\/100xd.com.ar\/es\/wp-json\/wp\/v2\/posts\/42736\/revisions\/42738"}],"wp:featuredmedia":[{"embeddable":true,"href":"https:\/\/100xd.com.ar\/es\/wp-json\/wp\/v2\/media\/42737"}],"wp:attachment":[{"href":"https:\/\/100xd.com.ar\/es\/wp-json\/wp\/v2\/media?parent=42736"}],"wp:term":[{"taxonomy":"category","embeddable":true,"href":"https:\/\/100xd.com.ar\/es\/wp-json\/wp\/v2\/categories?post=42736"},{"taxonomy":"post_tag","embeddable":true,"href":"https:\/\/100xd.com.ar\/es\/wp-json\/wp\/v2\/tags?post=42736"}],"curies":[{"name":"wp","href":"https:\/\/api.w.org\/{rel}","templated":true}]}}