{"id":42267,"date":"2020-06-13T15:20:13","date_gmt":"2020-06-13T18:20:13","guid":{"rendered":"http:\/\/www.100xd.com.ar\/?p=42267"},"modified":"2020-06-13T15:24:47","modified_gmt":"2020-06-13T18:24:47","slug":"provincia-de-san-juan-el-gobernador-unac-recibio-a-referentes-de-gremios-de-la-salud","status":"publish","type":"post","link":"https:\/\/100xd.com.ar\/es\/provincia-de-san-juan-el-gobernador-unac-recibio-a-referentes-de-gremios-de-la-salud\/","title":{"rendered":"Provincia de San Ju\u00e1n: El gobernador U\u00f1ac recibi\u00f3 a referentes de gremios de la salud"},"content":{"rendered":"<p>El gobernador de San Juan, Sergio U\u00f1ac, acompa\u00f1ado por la ministra de Salud, Alejandra Venerando y el vicegobernador Roberto Gattoni, recibi\u00f3 este jueves a los representantes gremiales Alfredo Duarte, de ATSA; Silvia Otto, de ASPROSA; Daniel Sanna, del Sindicato M\u00e9dico; Adriana Manzur, de la Asociaci\u00f3n Sanjuanina de Infectolog\u00eda; Walter Videla, de la Comisi\u00f3n de Enfermeros y analizaron la situaci\u00f3n sanitaria en la provincia.<\/p>\n<p>Al t\u00e9rmino del encuentro, la ministra Venerando detall\u00f3 que la convocatoria del gobernador a los sectores gremiales &#8220;obedece a la necesidad de trabajar de manera conjunta y articulada, teniendo en cuenta todas las miradas y los puntos de vista sobre la pandemia, no solo en el abordaje de la misma sino tambi\u00e9n en el cuidado de los trabajadores de la salud\u201d.<\/p>\n<p>La titular de la cartera sanitaria se refiri\u00f3 seguidamente a las reuniones que llevar\u00e1n a cabo para trabajar en marco del Programa Nacional de Cuidado de Trabajadoras y Trabajadores de la Salud: &#8220;Adem\u00e1s de los sectores presentes hoy tambi\u00e9n est\u00e1n involucradas todas las asociaciones cient\u00edficas que integran el Comit\u00e9 de expertos en Covid-19 de la provincia, como as\u00ed tambi\u00e9n algunos colegios que agrupan a bioqu\u00edmicos, odont\u00f3logos, psic\u00f3logos, kinesi\u00f3logos y trabajadores sociales, entre otros. Todos los sectores son importantes para desarrollar tareas en beneficio de la salud de todos&#8221;.<\/p>\n<p>Por su parte, Alfredo Duarte se\u00f1al\u00f3: \u201cEl gobernador nos ha convocado para trabajar en forma articulada ante la situaci\u00f3n que estamos atravesando con la pandemia, que es muy preocupante. Los trabajadores de la salud vamos continuar haciendo todos los aportes necesarios para que esta pandemia tenga la menor incidencia posible en San Juan\u201d.<\/p>","protected":false},"excerpt":{"rendered":"<p>El gobernador de San Juan, Sergio U\u00f1ac, acompa\u00f1ado por la ministra de Salud, Alejandra Venerando y el vicegobernador Roberto Gattoni, recibi\u00f3 este jueves a los representantes gremiales Alfredo Duarte, de ATSA; Silvia Otto, de ASPROSA; Daniel Sanna, del Sindicato M\u00e9dico; Adriana Manzur, de la Asociaci\u00f3n Sanjuanina de Infectolog\u00eda; Walter Videla, de la Comisi\u00f3n de Enfermeros [&hellip;]<\/p>\n","protected":false},"author":4,"featured_media":42268,"comment_status":"open","ping_status":"open","sticky":false,"template":"","format":"standard","meta":{"site-sidebar-layout":"default","site-content-layout":"","ast-site-content-layout":"default","site-content-style":"default","site-sidebar-style":"default","ast-global-header-display":"","ast-banner-title-visibility":"","ast-main-header-display":"","ast-hfb-above-header-display":"","ast-hfb-below-header-display":"","ast-hfb-mobile-header-display":"","site-post-title":"","ast-breadcrumbs-content":"","ast-featured-img":"","footer-sml-layout":"","ast-disable-related-posts":"","theme-transparent-header-meta":"","adv-header-id-meta":"","stick-header-meta":"","header-above-stick-meta":"","header-main-stick-meta":"","header-below-stick-meta":"","astra-migrate-meta-layouts":"default","ast-page-background-enabled":"default","ast-page-background-meta":{"desktop":{"background-color":"","background-image":"","background-repeat":"repeat","background-position":"center center","background-size":"auto","background-attachment":"scroll","background-type":"","background-media":"","overlay-type":"","overlay-color":"","overlay-opacity":"","overlay-gradient":""},"tablet":{"background-color":"","background-image":"","background-repeat":"repeat","background-position":"center center","background-size":"auto","background-attachment":"scroll","background-type":"","background-media":"","overlay-type":"","overlay-color":"","overlay-opacity":"","overlay-gradient":""},"mobile":{"background-color":"","background-image":"","background-repeat":"repeat","background-position":"center center","background-size":"auto","background-attachment":"scroll","background-type":"","background-media":"","overlay-type":"","overlay-color":"","overlay-opacity":"","overlay-gradient":""}},"ast-content-background-meta":{"desktop":{"background-color":"var(--ast-global-color-5)","background-image":"","background-repeat":"repeat","background-position":"center center","background-size":"auto","background-attachment":"scroll","background-type":"","background-media":"","overlay-type":"","overlay-color":"","overlay-opacity":"","overlay-gradient":""},"tablet":{"background-color":"var(--ast-global-color-5)","background-image":"","background-repeat":"repeat","background-position":"center center","background-size":"auto","background-attachment":"scroll","background-type":"","background-media":"","overlay-type":"","overlay-color":"","overlay-opacity":"","overlay-gradient":""},"mobile":{"background-color":"var(--ast-global-color-5)","background-image":"","background-repeat":"repeat","background-position":"center center","background-size":"auto","background-attachment":"scroll","background-type":"","background-media":"","overlay-type":"","overlay-color":"","overlay-opacity":"","overlay-gradient":""}},"footnotes":""},"categories":[8,4],"tags":[],"class_list":["post-42267","post","type-post","status-publish","format-standard","has-post-thumbnail","hentry","category-el-mundo","category-sociedad"],"spectra_blocks_featured_image_url":{"thumbnail":{"url":"https:\/\/100xd.com.ar\/wp-content\/uploads\/2020\/06\/juan4-150x150.jpg","width":150,"height":150},"medium":{"url":"https:\/\/100xd.com.ar\/wp-content\/uploads\/2020\/06\/juan4-300x169.jpg","width":300,"height":169},"medium_large":{"url":"https:\/\/100xd.com.ar\/wp-content\/uploads\/2020\/06\/juan4.jpg","width":768,"height":432},"large":{"url":"https:\/\/100xd.com.ar\/wp-content\/uploads\/2020\/06\/juan4.jpg","width":782,"height":440},"full":{"url":"https:\/\/100xd.com.ar\/wp-content\/uploads\/2020\/06\/juan4.jpg","width":782,"height":440}},"spectra_blocks_author_info":{"display_name":"Facundo Novillo","avatar_url":"https:\/\/secure.gravatar.com\/avatar\/09745bc65ce6bf84291d6515d5f759c04b4fce4f329b8a975a8ac2982b552d3e?s=96&d=mm&r=g","author_link":"https:\/\/100xd.com.ar\/es\/author\/facundo\/","description":""},"_links":{"self":[{"href":"https:\/\/100xd.com.ar\/es\/wp-json\/wp\/v2\/posts\/42267","targetHints":{"allow":["GET"]}}],"collection":[{"href":"https:\/\/100xd.com.ar\/es\/wp-json\/wp\/v2\/posts"}],"about":[{"href":"https:\/\/100xd.com.ar\/es\/wp-json\/wp\/v2\/types\/post"}],"author":[{"embeddable":true,"href":"https:\/\/100xd.com.ar\/es\/wp-json\/wp\/v2\/users\/4"}],"replies":[{"embeddable":true,"href":"https:\/\/100xd.com.ar\/es\/wp-json\/wp\/v2\/comments?post=42267"}],"version-history":[{"count":1,"href":"https:\/\/100xd.com.ar\/es\/wp-json\/wp\/v2\/posts\/42267\/revisions"}],"predecessor-version":[{"id":42269,"href":"https:\/\/100xd.com.ar\/es\/wp-json\/wp\/v2\/posts\/42267\/revisions\/42269"}],"wp:featuredmedia":[{"embeddable":true,"href":"https:\/\/100xd.com.ar\/es\/wp-json\/wp\/v2\/media\/42268"}],"wp:attachment":[{"href":"https:\/\/100xd.com.ar\/es\/wp-json\/wp\/v2\/media?parent=42267"}],"wp:term":[{"taxonomy":"category","embeddable":true,"href":"https:\/\/100xd.com.ar\/es\/wp-json\/wp\/v2\/categories?post=42267"},{"taxonomy":"post_tag","embeddable":true,"href":"https:\/\/100xd.com.ar\/es\/wp-json\/wp\/v2\/tags?post=42267"}],"curies":[{"name":"wp","href":"https:\/\/api.w.org\/{rel}","templated":true}]}}