{"id":42092,"date":"2020-06-10T12:24:21","date_gmt":"2020-06-10T15:24:21","guid":{"rendered":"http:\/\/www.100xd.com.ar\/?p=42092"},"modified":"2020-06-10T12:24:28","modified_gmt":"2020-06-10T15:24:28","slug":"cuales-son-las-46-empresas-que-tienen-al-estado-como-uno-de-sus-duenos-a-traves-de-la-anses","status":"publish","type":"post","link":"https:\/\/100xd.com.ar\/es\/cuales-son-las-46-empresas-que-tienen-al-estado-como-uno-de-sus-duenos-a-traves-de-la-anses\/","title":{"rendered":"Cu\u00e1les son las 46 empresas que tienen al Estado como uno de sus due\u00f1os a trav\u00e9s de la Anses"},"content":{"rendered":"<div class=\"row pb-content-type-text\">\n<div class=\"col-xs-12 col-print-12\">\n<p class=\"element element-paragraph\">La irrupci\u00f3n del Estado nacional en el manejo de una empresa privada,\u00a0<a href=\"https:\/\/www.infobae.com\/politica\/2020\/06\/09\/alberto-fernandez-la-intervencion-de-vicentin-fue-una-decision-mia-no-de-cristina-kirchner\/\" target=\"_blank\">ahora en Vicentin bajo el argumento de ponerse frente a un largo proceso de incumplimiento de pagos a acreedores<\/a>, tanto del sector productivo, como financiero, principalmente el Banco de la Naci\u00f3n Argentina, o para participar activamente en las decisiones del directorio en la Asamblea de Accionistas, no es nuevo.<\/p>\n<\/div>\n<\/div>\n<div class=\"row pb-content-type-text\">\n<div class=\"col-xs-12 col-print-12\">\n<p class=\"element element-paragraph\">Un informe del Ministerio de Econom\u00eda en tiempos del\u00a0<mark class=\"hl_yellow\"><b>gobierno de facto de 1976-1983\u00a0<\/b><\/mark>daba cuenta:<mark class=\"hl_yellow\"><b>\u00a0\u201cEl Estado hab\u00eda crecido desordenadamente sin que existiera un relevamiento integral de las empresas de las cuales era propietario o administrador&#8221;<\/b><\/mark>. El trabajo para el Consejo Empresario Argentino, y que posteriormente se complet\u00f3 y perfeccion\u00f3 mediante un informe que redact\u00f3 la Comisi\u00f3n Interministerial de Privatizaci\u00f3n de Empresas, daba cuenta de un listado de \u201c<mark class=\"hl_yellow\"><b>m\u00e1s 382 en las cuales el Estado Nacional, a trav\u00e9s del Banco Nacional de Desarrollo y de la Caja Nacional de Ahorro y Seguro, pose\u00eda participaciones accionarias que variaban entre menos del 1 % y casi el 40 % del capital total<\/b><\/mark>\u201d.<\/p>\n<\/div>\n<\/div>\n<div class=\"row pb-content-type-text\">\n<div class=\"col-xs-12 col-print-12\">\n<p class=\"element element-paragraph\">Despu\u00e9s de un proceso de licitaci\u00f3n de las tenencias accionarias del Banade y la CNAyS, y del proceso de privatizaciones de los 80 y 90, en 2008 el Estado Nacional<a href=\"https:\/\/www.infobae.com\/economia\/2020\/06\/08\/vicentin-se-suma-al-grupo-de-empresas-estatizadas-durante-los-gobiernos-de-nestor-y-cristina-kirchner\/\" target=\"_blank\">\u00a0vuelve a tomar una participaci\u00f3n activa en el capital privado,<\/a>\u00a0bajo la presidencia de<a href=\"https:\/\/www.infobae.com\/2008\/12\/09\/419666-gobierno-oficializo-el-fin-del-sistema-afjp\/#:~:text=r%C3%A9gimen%20de%20capitalizaci%C3%B3n%20entr%C3%B3%20en,promulgada%20el%204%20de%20diciembre.\" target=\"_blank\"><b>\u00a0Cristina Fern\u00e1ndez de Kirchner, al disponer el fin de las AFJP<\/b><\/a>\u00a0y apropiarse de los ahorros de los trabajadores, en su mayor parte del sector privado, parte de los cuales estaban invertidos en acciones que cotizaban en Bolsa, o que hab\u00edan emitido Obligaciones Negociables.<\/p>\n<\/div>\n<\/div>\n<div class=\"row pb-content-type-blockquote\">\n<div class=\"col-xs-12\">\n<blockquote class=\"element element-blockquote\"><p>\u00a0<b>El Fondo de Garant\u00eda de Sustentabilidad registraba al 23 de abril de 2020 inversiones por un total $2,52 billones, equivalente a unos USD 38.000 millones al cambio mayorista, del cual 8,7% correspond\u00eda a tenencias de acciones de 46 empresas<\/b><\/p><\/blockquote>\n<\/div>\n<\/div>\n<div class=\"row pb-content-type-text\">\n<div id=\"\" class=\"wrapper clearfix pb-feature pb-layout-item pb-f-ads-dfp left-align\"><\/div>\n<div class=\"col-xs-12 col-print-12\">\n<p class=\"element element-paragraph\">Y tambi\u00e9n a trav\u00e9s de estatizaciones directas, como fueron\u00a0<mark class=\"hl_yellow\"><b>previamente las del Correo Argentino en 2003; AySA 2006; Tandanor 2007;\u00a0<\/b><\/mark><a href=\"https:\/\/www.infobae.com\/2008\/08\/22\/398807-los-diputados-aprobaron-la-nacionalizacion-aerolineas\/\" target=\"_blank\"><mark class=\"hl_yellow\"><b>Aerol\u00edneas Argentina 2008<\/b><\/mark><\/a><mark class=\"hl_yellow\"><b>; Fadea (<\/b><\/mark><a href=\"https:\/\/www.infobae.com\/2008\/12\/11\/420135-garre-anuncia-estatizacion-una-fabrica-aviones\/\" target=\"_blank\"><mark class=\"hl_yellow\"><b>F\u00e1brica Argentina de Aviones<\/b><\/mark><\/a><mark class=\"hl_yellow\"><b>) 2008;\u00a0<\/b><\/mark><a href=\"https:\/\/www.infobae.com\/2008\/11\/05\/413446-el-belgrano-cargas-vuelve-al-estado-partir-febrero\/\" target=\"_blank\"><mark class=\"hl_yellow\"><b>Belgrano Cargas 2009<\/b><\/mark><\/a>;\u00a0<a href=\"https:\/\/www.infobae.com\/2012\/04\/17\/1048522-la-expropiacion-ypf-los-ojos-del-mundo\/\" target=\"_blank\"><mark class=\"hl_yellow\"><b>YPF 2012<\/b><\/mark><\/a>; y ahora se sumar\u00eda Vicentin, si lo aprueba el Congreso.<\/p>\n<\/div>\n<\/div>\n<div class=\"row pb-content-type-text\">\n<div class=\"col-xs-12 col-print-12\">\n<p class=\"element element-paragraph\">Actualmente, seg\u00fan el \u00faltimo informe de la Anses sobre la composici\u00f3n del Fondo de Garant\u00eda de Sustentabilidad, que al 23 de abril de 2020 estaba valuado en $2,52 billones, equivalente a unos USD 38.000 millones al cambio mayorista, un 8,7% correspond\u00eda a tenencias de acciones de 46 empresas.<\/p>\n<\/div>\n<\/div>\n<div class=\"row pb-content-type-text\">\n<div class=\"col-xs-12 col-print-12\">\n<p class=\"element element-paragraph\"><mark class=\"hl_yellow\"><b>Por rama de actividad la tenencia de acciones privadas en poder del FGS se desagrega en 27% sector bancario; 23% telecomunicaciones; 22% energ\u00e9tico; 14% siderurgia; 6% bienes ra\u00edces; 5% alimentos; resto (constructoras, automotrices, entre otras) 3 por ciento.<\/b><\/mark><\/p>\n<\/div>\n<\/div>\n<div class=\"row pb-content-type-text\">\n<div class=\"col-xs-12 col-print-12\">\n<p class=\"element element-paragraph\">Cabe notar que el\u00a0<a href=\"https:\/\/www.infobae.com\/economia\/2019\/12\/10\/fernandez-oficializo-que-no-habra-presupuesto-2020-hasta-que-se-negocie-la-deuda\/\" target=\"_blank\">Presupuesto 2020, no lleg\u00f3 a tratarse en el recinto del Congreso Nacional porque fue elaborado por el gobierno saliente de Cambiemos<\/a>,\u00a0<mark class=\"hl_yellow\"><b>registraba 32 empresas y sociedades con mayor\u00eda estatal<\/b><\/mark>, entre las que se cuentan en condici\u00f3n de sociedades an\u00f3nimas: Integraci\u00f3n Energ\u00e9tica Argentina, Aerol\u00edneas Argentinas y Austral L\u00edneas A\u00e9reas-Cielos del Sur, Correo Oficial de la Rep\u00fablica Argentina, Nucleoel\u00e9ctrica Argentina, etc., con ingresos aprobados por $549.263 millones y un resultado financiero deficitario en $3.662 millones, m\u00e1s YPF, AySA. F\u00e1brica Argentina de Aviones (Fadea) y otras.<\/p>\n<\/div>\n<\/div>\n<div class=\"row pb-content-type-text\">\n<div class=\"col-xs-12 col-print-12\">\n<p class=\"element element-paragraph\">Ahora en perspectiva, el escenario cambi\u00f3 con la intervenci\u00f3n y propuesta de expropiaci\u00f3n de\u00a0<a href=\"https:\/\/www.infobae.com\/economia\/2020\/06\/09\/kulfas-la-idea-es-que-vicentin-le-de-mas-previsibilidad-a-la-oferta-de-alimentos-en-la-argentina-y-tambien-mas-previsibilidad-en-el-mercado-de-cambios\/\" target=\"_blank\">Vicentin, \u201ccon la idea de que le d\u00e9 m\u00e1s previsibilidad a la oferta de alimentos en la Argentina y tambi\u00e9n m\u00e1s previsibilidad en el mercado de cambios\u201d<\/a>, seg\u00fan sintetiz\u00f3 el ministro de Desarrollo Econ\u00f3mico, Mat\u00edas Kulfas.<\/p>\n<\/div>\n<\/div>\n<div class=\"row pb-content-type-text\">\n<div class=\"col-xs-12 col-print-12\">\n<p class=\"element element-paragraph\"><mark class=\"hl_orange\"><b>Perspectiva de m\u00e1s participaci\u00f3n en el sector privado<\/b><\/mark><\/p>\n<\/div>\n<\/div>\n<div class=\"row pb-content-type-text\">\n<div class=\"col-xs-12 col-print-12\">\n<p class=\"element element-paragraph\">Y es posible que luego de superado el cr\u00edtico escenario provocado por la llegada de la pandemia del COVID-19 y la cuarentena ahora extendida hasta el 28 de junio ese proceso contin\u00fae, aunque en lo que respecta a la Anses por decisi\u00f3n de diversificaci\u00f3n del portafolio.<\/p>\n<\/div>\n<\/div>\n<div class=\"row pb-content-type-image\">\n<figure class=\"element element-image col-xs-12\">\n<div class=\"single-image\">\n<div class=\"shares\"><\/div>\n<p><img decoding=\"async\" id=\"NOT6MPGF7MCTTPZXPE25J2ZWYQ\" class=\"image-lazy\" src=\"https:\/\/www.infobae.com\/new-resizer\/KWekegiBLba20bnod5OqHHoy3Nk=\/750x0\/filters:quality(100)\/cloudfront-us-east-1.images.arcpublishing.com\/infobae\/NOT6MPGF7MCTTPZXPE25J2ZWYQ.jpg\" alt=\"NOT6MPGF7MCTTPZXPE25J2ZWYQ\" width=\"750\" height=\"510.00000000000006\" data-url=\"https:\/\/www.infobae.com\/economia\/2020\/06\/10\/cuales-son-las-46-empresas-que-tienen-al-estado-como-uno-de-sus-duenos-a-traves-de-la-anses\/%23NOT6MPGF7MCTTPZXPE25J2ZWYQ\" data-original=\"https:\/\/www.infobae.com\/new-resizer\/KWekegiBLba20bnod5OqHHoy3Nk=\/750x0\/filters:quality(100)\/cloudfront-us-east-1.images.arcpublishing.com\/infobae\/NOT6MPGF7MCTTPZXPE25J2ZWYQ.jpg\"  title=\"Cu\u00e1les son las 46 empresas que tienen al Estado como uno de sus due\u00f1os a trav\u00e9s de la Anses\" \/><\/p>\n<\/div><figcaption class=\"\"><span class=\"credit\">&#8220;Incrementar la participaci\u00f3n de inversiones privadas en la cartera del FGS es un objetivo de car\u00e1cter permanente de la actual administraci\u00f3n&#8221;, sostiene el \u00faltimo informe de la Anses (Reuters)<\/span><\/figcaption><\/figure>\n<\/div>\n<div class=\"row pb-content-type-text\">\n<div class=\"col-xs-12 col-print-12\">\n<p class=\"element element-paragraph\">Al menos eso es lo que se desprende del<mark class=\"hl_yellow\"><b>\u00a0\u00faltimo informe mensual del organismo, el cual detalla: \u201cel margen para inversiones en el sector privado se encuentra actualmente limitado dado que existen pocas emisiones para financiamiento de empresas en el mercado local<\/b><\/mark>, m\u00e1xime si se tiene en cuenta la necesidad de financiamiento que requiere el sector p\u00fablico en este contexto tan adverso que ha combinado una recesi\u00f3n econ\u00f3mica de m\u00e1s de dos a\u00f1os con la crisis desatada por el COVID-19 y que ha ralentizado la econom\u00eda a nivel mundial, con la negociaci\u00f3n de la reestructuraci\u00f3n de la deuda p\u00fablica nacional\u201d.<\/p>\n<\/div>\n<\/div>\n<div class=\"row pb-content-type-blockquote\">\n<div class=\"col-xs-12\">\n<blockquote class=\"element element-blockquote\"><p>\u00a0<b>El FGS ha demostrado voluntad de inversi\u00f3n en el sector productivo, habiendo retomando las inversiones en el inciso l) que fueron ralentizadas durante la gesti\u00f3n anterior<\/b><\/p><\/blockquote>\n<\/div>\n<\/div>\n<div class=\"row pb-content-type-text\">\n<div class=\"col-xs-12 col-print-12\">\n<p class=\"element element-paragraph\">Y concluye el informe de Anses: \u201ca pesar de lo anteriormente expuesto el FGS ha demostrado voluntad de inversi\u00f3n en el sector productivo, habiendo retomado las inversiones en el inciso l) que fueron ralentizadas durante la gesti\u00f3n anterior. Incrementar la participaci\u00f3n de este tipo de inversiones en la cartera del FGS es un objetivo de car\u00e1cter permanente de la actual administraci\u00f3n&#8221;.<\/p>\n<\/div>\n<\/div>\n<div class=\"row pb-content-type-text\">\n<div class=\"col-xs-12 col-print-12\">\n<p class=\"element element-paragraph\">Cabe notar que seg\u00fan el \u00faltimo informe del FGS correspondiente a abril,<mark class=\"hl_yellow\"><b>\u00a0la cartera que administra de $2,42 billones era equivalente a 7,6 meses del pago total de la Anses de jubilaciones, pensiones, AUH, otras asignaciones familiares y pol\u00edticas ad hoc a la pandemia del COVID-19 y poco m\u00e1s de un a\u00f1o del presupuesto del organismo excluido el mayor gasto derivado de la emergencia sanitaria<\/b><\/mark>.<\/p>\n<p class=\"element element-paragraph\">Fuente:<a href=\"https:\/\/www.infobae.com\/?noredirect\"> Infobae.com<\/a><\/p>\n<\/div>\n<\/div>","protected":false},"excerpt":{"rendered":"<p>La irrupci\u00f3n del Estado nacional en el manejo de una empresa privada,\u00a0ahora en Vicentin bajo el argumento de ponerse frente a un largo proceso de incumplimiento de pagos a acreedores, tanto del sector productivo, como financiero, principalmente el Banco de la Naci\u00f3n Argentina, o para participar activamente en las decisiones del directorio en la Asamblea [&hellip;]<\/p>\n","protected":false},"author":4,"featured_media":42093,"comment_status":"open","ping_status":"open","sticky":false,"template":"","format":"standard","meta":{"site-sidebar-layout":"default","site-content-layout":"","ast-site-content-layout":"default","site-content-style":"default","site-sidebar-style":"default","ast-global-header-display":"","ast-banner-title-visibility":"","ast-main-header-display":"","ast-hfb-above-header-display":"","ast-hfb-below-header-display":"","ast-hfb-mobile-header-display":"","site-post-title":"","ast-breadcrumbs-content":"","ast-featured-img":"","footer-sml-layout":"","ast-disable-related-posts":"","theme-transparent-header-meta":"","adv-header-id-meta":"","stick-header-meta":"","header-above-stick-meta":"","header-main-stick-meta":"","header-below-stick-meta":"","astra-migrate-meta-layouts":"default","ast-page-background-enabled":"default","ast-page-background-meta":{"desktop":{"background-color":"","background-image":"","background-repeat":"repeat","background-position":"center center","background-size":"auto","background-attachment":"scroll","background-type":"","background-media":"","overlay-type":"","overlay-color":"","overlay-opacity":"","overlay-gradient":""},"tablet":{"background-color":"","background-image":"","background-repeat":"repeat","background-position":"center center","background-size":"auto","background-attachment":"scroll","background-type":"","background-media":"","overlay-type":"","overlay-color":"","overlay-opacity":"","overlay-gradient":""},"mobile":{"background-color":"","background-image":"","background-repeat":"repeat","background-position":"center center","background-size":"auto","background-attachment":"scroll","background-type":"","background-media":"","overlay-type":"","overlay-color":"","overlay-opacity":"","overlay-gradient":""}},"ast-content-background-meta":{"desktop":{"background-color":"var(--ast-global-color-5)","background-image":"","background-repeat":"repeat","background-position":"center center","background-size":"auto","background-attachment":"scroll","background-type":"","background-media":"","overlay-type":"","overlay-color":"","overlay-opacity":"","overlay-gradient":""},"tablet":{"background-color":"var(--ast-global-color-5)","background-image":"","background-repeat":"repeat","background-position":"center center","background-size":"auto","background-attachment":"scroll","background-type":"","background-media":"","overlay-type":"","overlay-color":"","overlay-opacity":"","overlay-gradient":""},"mobile":{"background-color":"var(--ast-global-color-5)","background-image":"","background-repeat":"repeat","background-position":"center center","background-size":"auto","background-attachment":"scroll","background-type":"","background-media":"","overlay-type":"","overlay-color":"","overlay-opacity":"","overlay-gradient":""}},"footnotes":""},"categories":[2],"tags":[],"class_list":["post-42092","post","type-post","status-publish","format-standard","has-post-thumbnail","hentry","category-politica"],"spectra_blocks_featured_image_url":{"thumbnail":{"url":"https:\/\/100xd.com.ar\/wp-content\/uploads\/2020\/06\/anses2-150x150.jpg","width":150,"height":150},"medium":{"url":"https:\/\/100xd.com.ar\/wp-content\/uploads\/2020\/06\/anses2-300x169.jpg","width":300,"height":169},"medium_large":{"url":"https:\/\/100xd.com.ar\/wp-content\/uploads\/2020\/06\/anses2.jpg","width":768,"height":432},"large":{"url":"https:\/\/100xd.com.ar\/wp-content\/uploads\/2020\/06\/anses2-1024x576.jpg","width":1024,"height":576},"full":{"url":"https:\/\/100xd.com.ar\/wp-content\/uploads\/2020\/06\/anses2.jpg","width":1920,"height":1080}},"spectra_blocks_author_info":{"display_name":"Facundo Novillo","avatar_url":"https:\/\/secure.gravatar.com\/avatar\/09745bc65ce6bf84291d6515d5f759c04b4fce4f329b8a975a8ac2982b552d3e?s=96&d=mm&r=g","author_link":"https:\/\/100xd.com.ar\/es\/author\/facundo\/","description":""},"_links":{"self":[{"href":"https:\/\/100xd.com.ar\/es\/wp-json\/wp\/v2\/posts\/42092","targetHints":{"allow":["GET"]}}],"collection":[{"href":"https:\/\/100xd.com.ar\/es\/wp-json\/wp\/v2\/posts"}],"about":[{"href":"https:\/\/100xd.com.ar\/es\/wp-json\/wp\/v2\/types\/post"}],"author":[{"embeddable":true,"href":"https:\/\/100xd.com.ar\/es\/wp-json\/wp\/v2\/users\/4"}],"replies":[{"embeddable":true,"href":"https:\/\/100xd.com.ar\/es\/wp-json\/wp\/v2\/comments?post=42092"}],"version-history":[{"count":2,"href":"https:\/\/100xd.com.ar\/es\/wp-json\/wp\/v2\/posts\/42092\/revisions"}],"predecessor-version":[{"id":42095,"href":"https:\/\/100xd.com.ar\/es\/wp-json\/wp\/v2\/posts\/42092\/revisions\/42095"}],"wp:featuredmedia":[{"embeddable":true,"href":"https:\/\/100xd.com.ar\/es\/wp-json\/wp\/v2\/media\/42093"}],"wp:attachment":[{"href":"https:\/\/100xd.com.ar\/es\/wp-json\/wp\/v2\/media?parent=42092"}],"wp:term":[{"taxonomy":"category","embeddable":true,"href":"https:\/\/100xd.com.ar\/es\/wp-json\/wp\/v2\/categories?post=42092"},{"taxonomy":"post_tag","embeddable":true,"href":"https:\/\/100xd.com.ar\/es\/wp-json\/wp\/v2\/tags?post=42092"}],"curies":[{"name":"wp","href":"https:\/\/api.w.org\/{rel}","templated":true}]}}