{"id":40794,"date":"2020-05-12T12:59:19","date_gmt":"2020-05-12T15:59:19","guid":{"rendered":"http:\/\/www.100xd.com.ar\/?p=40794"},"modified":"2020-05-12T12:59:25","modified_gmt":"2020-05-12T15:59:25","slug":"el-gobierno-sueco-le-contesto-a-alberto-fernandez-pasara-el-tiempo-para-saber-que-modelo-funciona-mejor","status":"publish","type":"post","link":"https:\/\/100xd.com.ar\/es\/el-gobierno-sueco-le-contesto-a-alberto-fernandez-pasara-el-tiempo-para-saber-que-modelo-funciona-mejor\/","title":{"rendered":"El gobierno sueco le contest\u00f3 a Alberto Fern\u00e1ndez: \u201cPasar\u00e1 el tiempo para saber qu\u00e9 modelo funciona mejor&#8221;"},"content":{"rendered":"<div class=\"row pb-content-type-text\">\n<div class=\"col-xs-12 col-print-12\">\n<p class=\"element element-paragraph\">El gobierno de Suecia se tom\u00f3 tres d\u00edas para responder a los cuestionamientos que hizo el viernes pasado el presidente Alberto Fern\u00e1ndez sobre el modelo elegido all\u00ed para enfrentar la pandemia del COVID-19. En un tono diplom\u00e1tico, plante\u00f3: \u201c<mark class=\"hl_yellow\"><b>Es dif\u00edcil hacer comparaciones directas entre las medidas de contenci\u00f3n que han adoptado diferentes pa\u00edses<\/b><\/mark>\u201d. Y aclar\u00f3 que el objetivo de las pol\u00edticas adoptadas es el mismo que en otras regiones: &#8220;<mark class=\"hl_yellow\"><b>Salvar vidas y proteger la salud p\u00fablica<\/b><\/mark>\u201d. No obstante, subray\u00f3: &#8220;<mark class=\"hl_yellow\"><b>Pasar\u00e1 tiempo antes de que sepamos qu\u00e9 modelos funcionan mejor.<\/b><\/mark><\/p>\n<\/div>\n<\/div>\n<div class=\"row pb-content-type-text\">\n<div class=\"col-xs-12 col-print-12\">\n<p class=\"element element-paragraph\">Ante las consultas de\u00a0<b>Infobae<\/b>, el embajador\u00a0<b>Anders Carlsson\u00a0<\/b>reconoci\u00f3 que a partir de las declaraciones del jefe de Estado argentino aumentaron las consultas y el inter\u00e9s sobre el modelo planteado en Suecia para combatir el coronavirus. Sin embargo, evit\u00f3 confrontar y se limit\u00f3 a difundir un comunicado oficial sobre el tema.<\/p>\n<\/div>\n<\/div>\n<div class=\"row pb-content-type-text\">\n<div class=\"col-xs-12 col-print-12\">\n<p class=\"element element-paragraph\">El viernes pasado, al anunciar la extensi\u00f3n de la cuarentena, el mandatario argentino contest\u00f3 las cr\u00edticas de quienes le piden que siga el modelo sueco y compar\u00f3 cifras sobre cantidad de contagios y muertes, sensiblemente mayores en el pa\u00eds europeo. \u201c<b>La verdad que lo que veo es que Suecia, con 10 millones de habitantes, cuenta 3.175 muertos por el virus. Es menos de la cuarta parte de lo que la Argentina tiene. Si seguimos el ejemplo de Suecia, tendr\u00edamos 13 mil muertos<\/b>\u201d, dijo molesto.<\/p>\n<\/div>\n<\/div>\n<div class=\"row pb-content-type-text\">\n<div class=\"col-xs-12 col-print-12\">\n<p class=\"element element-paragraph\"><a href=\"https:\/\/www.infobae.com\/economia\/2020\/05\/09\/suecia-y-el-coronavirus-cual-es-la-estrategia-a-la-que-se-refirio-alberto-fernandez-y-como-afecto-a-la-economia\/\" target=\"_blank\">Suecia aplic\u00f3 un modelo de contenci\u00f3n en el cual intent\u00f3 mantener la econom\u00eda lo m\u00e1s abierta posible<\/a>. Este lunes, en el comunicado difundido por la embajada, difundi\u00f3 algunos detalles del modelo empleado. \u201cLas medidas consisten en una combinaci\u00f3n de legislaci\u00f3n y recomendaciones. El Gobierno de Suecia ha impuesto el cierre de fronteras, suspensi\u00f3n de clases en escuelas secundarias, prohibici\u00f3n de visitas a geri\u00e1tricos y eventos de m\u00e1s de 50 personas. Instamos a que las personas que presentan s\u00edntomas de Covid-19 no vayan a trabajar, lo cual es posible a trav\u00e9s de un seguro de salud extendido.\u00a0<mark class=\"hl_yellow\"><b>Las medidas de Suecia difieren de otros pa\u00edses solamente en tres aspectos: nosotros no hemos impuesto un aislamiento social, preventivo y obligatorio, no hemos impuesto el cese de la actividad comercial a algunas empresas y no hemos cerrado jardines de infantes ni escuelas primarias<\/b><\/mark><b>\u201d,\u00a0<\/b>se detall\u00f3.<\/p>\n<\/div>\n<\/div>\n<div class=\"row pb-content-type-text\">\n<div id=\"\" class=\"wrapper clearfix pb-feature pb-layout-item pb-f-ads-dfp left-align\"><\/div>\n<div class=\"col-xs-12 col-print-12\">\n<p class=\"element element-paragraph\"><mark class=\"hl_yellow\"><b>Y resalt\u00f3: \u201cSuecia tiene tasas de mortalidad por Covid-19 m\u00e1s altas que algunos otros pa\u00edses que han impuesto la cuarentena, y m\u00e1s bajas que otros que tambi\u00e9n han impuesto la cuarentena\u201d.<\/b><\/mark><\/p>\n<\/div>\n<\/div>\n<div class=\"row pb-content-type-text\">\n<div class=\"col-xs-12 col-print-12\">\n<p class=\"element element-paragraph\">La\u00a0<a href=\"https:\/\/www.infobae.com\/politica\/2020\/05\/11\/suecia-es-un-ejemplo-de-terror-en-argentina-el-analisis-de-la-prensa-sueca-tras-los-dichos-de-alberto-fernandez\/\" target=\"_blank\">prensa en Suecia tambi\u00e9n tom\u00f3 con sorpresa las cr\u00edticas de Fern\u00e1ndez<\/a>\u00a0al modelo para enfrentar la pandemia. \u201cSuecia es un ejemplo de terror en Argentina\u201d, titularon. El embajador Carlsson dijo que no hablar\u00e1 m\u00e1s del tema y que su respuesta se limita a lo que plante\u00f3 el gobierno sueco en el comunicado.<\/p>\n<\/div>\n<\/div>\n<div class=\"row pb-content-type-image\">\n<figure class=\"element element-image col-xs-12\">\n<div class=\"single-image\">\n<div class=\"shares\"><\/div>\n<p><img decoding=\"async\" id=\"5Y4GML4VWVC2RGRUCC5WXXMQTM\" class=\"image-lazy\" src=\"https:\/\/www.infobae.com\/new-resizer\/r1hrb1aDrC4YzV3a14b3-K4Filk=\/750x0\/filters:quality(100)\/cloudfront-us-east-1.images.arcpublishing.com\/infobae\/5Y4GML4VWVC2RGRUCC5WXXMQTM.jpeg\" alt=\"5Y4GML4VWVC2RGRUCC5WXXMQTM\" width=\"750\" height=\"499.51171875\" data-url=\"https:\/\/www.infobae.com\/politica\/2020\/05\/11\/suecia-le-contesto-a-alberto-fernandez-nuestro-objetivo-es-salvar-vidas-y-proteger-la-salud-publica\/%235Y4GML4VWVC2RGRUCC5WXXMQTM\" data-original=\"https:\/\/www.infobae.com\/new-resizer\/r1hrb1aDrC4YzV3a14b3-K4Filk=\/750x0\/filters:quality(100)\/cloudfront-us-east-1.images.arcpublishing.com\/infobae\/5Y4GML4VWVC2RGRUCC5WXXMQTM.jpeg\"  title=\"El gobierno sueco le contest\u00f3 a Alberto Fern\u00e1ndez: \u201cPasar\u00e1 el tiempo para saber qu\u00e9 modelo funciona mejor&quot;\" \/><\/p>\n<\/div><figcaption class=\"\"><\/figcaption><\/figure>\n<\/div>\n<div class=\"row pb-content-type-text\">\n<div class=\"col-xs-12 col-print-12\">\n<p class=\"element element-paragraph\"><mark class=\"hl_yellow\"><b>\u201cLa vida en Suecia no contin\u00faa como de costumbre\u201d,\u00a0<\/b><\/mark>se\u00f1al\u00f3 el comunicado pero a modo de advertencia hacia aquellos que mencionaban que se hab\u00eda actuado para mejorar la econom\u00eda, el gobierno sueco fue taxativo y autocr\u00edtico en ello: \u201c<mark class=\"hl_yellow\"><b>La econom\u00eda sueca se vio fuertemente afectada por la pandemia y se espera un ascenso dram\u00e1tico del desempleo\u201d.<\/b><\/mark><\/p>\n<\/div>\n<\/div>\n<div class=\"row pb-content-type-text\">\n<div class=\"col-xs-12 col-print-12\">\n<p class=\"element element-paragraph\">Una parte importante de las medidas de prevenci\u00f3n de Suecia consiste en proporcionar a los ciudadanos informaci\u00f3n confiable que los ayude a asumir la responsabilidad de su propia salud. \u201cLa base de esto es la confianza mutua entre las autoridades estatales y los ciudadanos que se ha ido construyendo a trav\u00e9s del tiempo\u201d, dijo el comunicado de la embajada sueca. A modo de ejemplo, la administraci\u00f3n de las vacunas del calendario infantil sueco es opcional y ha alcanzado una cobertura de vacunaci\u00f3n del 97% entre los ni\u00f1os de Suecia.<\/p>\n<\/div>\n<\/div>\n<div class=\"row pb-content-type-text\">\n<div class=\"col-xs-12 col-print-12\">\n<p class=\"element element-paragraph\"><mark class=\"hl_yellow\">La decisi\u00f3n de mantener abiertos sectores de la sociedad est\u00e1 basada en consideraciones de salud p\u00fablica en lugar de intereses econ\u00f3micos, explicaron. Y la decisi\u00f3n de mantener las escuelas abiertas tiene, seg\u00fan el gobierno sueco, \u201cefectos positivos en la salud infantil y permitir que las personas trabajen es positivo para la salud p\u00fablica. Estas medidas tambi\u00e9n fortalecen la igualdad de g\u00e9nero\u201d.<\/mark><\/p>\n<\/div>\n<\/div>\n<div class=\"row pb-content-type-text\">\n<div class=\"col-xs-12 col-print-12\">\n<p class=\"element element-paragraph\">Ante todas estas explicaciones y en funci\u00f3n de la comparaci\u00f3n con duras cr\u00edticas al modelo sueco que dio el presidente de la Argentina, el gobierno sueco fue tajante en su respuesta: \u201cen esta situaci\u00f3n, es dif\u00edcil hacer comparaciones directas entre las medidas de contenci\u00f3n que han adoptado diferentes pa\u00edses. Suecia tiene tasas de mortalidad por COVID-19 m\u00e1s altas que algunos otros pa\u00edses que han impuesto la cuarentena, y m\u00e1s bajas que otros que tambi\u00e9n han impuesto la cuarentena\u201d.<\/p>\n<\/div>\n<\/div>\n<div class=\"row pb-content-type-text\">\n<div class=\"col-xs-12 col-print-12\">\n<p class=\"element element-paragraph\"><mark class=\"hl_yellow\"><b>Seg\u00fan los \u00faltimos datos oficiales, en Suecia hay 26.322 casos de contagio de COVID-19 y 3.225 muertos por esa enfermedad. Muy por encima de ello hay pa\u00edses como B\u00e9lgica que ya tiene 8.600 muertos, el Reino Unido 31.930 o Estados Unidos que lleva contabilizados m\u00e1s de 79.000 fallecidos.<\/b><\/mark><\/p>\n<\/div>\n<\/div>\n<div class=\"row pb-content-type-text\">\n<div class=\"col-xs-12 col-print-12\">\n<p class=\"element element-paragraph\">No solo esto. Tambi\u00e9n aclar\u00f3 que \u201cesta es una nueva enfermedad y pasar\u00e1 tiempo antes de que sepamos qu\u00e9 modelos funcionan mejor\u201d. Y a modo de ejemplo dijeron que en Suecia hay una necesidad de proteger los geri\u00e1tricos de manera m\u00e1s efectiva.<\/p>\n<p class=\"element element-paragraph\">Fuente:<a href=\"https:\/\/www.infobae.com\/?noredirect\"> Infobae.com<\/a><\/p>\n<\/div>\n<\/div>","protected":false},"excerpt":{"rendered":"<p>El gobierno de Suecia se tom\u00f3 tres d\u00edas para responder a los cuestionamientos que hizo el viernes pasado el presidente Alberto Fern\u00e1ndez sobre el modelo elegido all\u00ed para enfrentar la pandemia del COVID-19. En un tono diplom\u00e1tico, plante\u00f3: \u201cEs dif\u00edcil hacer comparaciones directas entre las medidas de contenci\u00f3n que han adoptado diferentes pa\u00edses\u201d. Y aclar\u00f3 [&hellip;]<\/p>\n","protected":false},"author":4,"featured_media":40795,"comment_status":"open","ping_status":"open","sticky":false,"template":"","format":"standard","meta":{"site-sidebar-layout":"default","site-content-layout":"","ast-site-content-layout":"default","site-content-style":"default","site-sidebar-style":"default","ast-global-header-display":"","ast-banner-title-visibility":"","ast-main-header-display":"","ast-hfb-above-header-display":"","ast-hfb-below-header-display":"","ast-hfb-mobile-header-display":"","site-post-title":"","ast-breadcrumbs-content":"","ast-featured-img":"","footer-sml-layout":"","ast-disable-related-posts":"","theme-transparent-header-meta":"","adv-header-id-meta":"","stick-header-meta":"","header-above-stick-meta":"","header-main-stick-meta":"","header-below-stick-meta":"","astra-migrate-meta-layouts":"default","ast-page-background-enabled":"default","ast-page-background-meta":{"desktop":{"background-color":"","background-image":"","background-repeat":"repeat","background-position":"center center","background-size":"auto","background-attachment":"scroll","background-type":"","background-media":"","overlay-type":"","overlay-color":"","overlay-opacity":"","overlay-gradient":""},"tablet":{"background-color":"","background-image":"","background-repeat":"repeat","background-position":"center center","background-size":"auto","background-attachment":"scroll","background-type":"","background-media":"","overlay-type":"","overlay-color":"","overlay-opacity":"","overlay-gradient":""},"mobile":{"background-color":"","background-image":"","background-repeat":"repeat","background-position":"center center","background-size":"auto","background-attachment":"scroll","background-type":"","background-media":"","overlay-type":"","overlay-color":"","overlay-opacity":"","overlay-gradient":""}},"ast-content-background-meta":{"desktop":{"background-color":"var(--ast-global-color-5)","background-image":"","background-repeat":"repeat","background-position":"center center","background-size":"auto","background-attachment":"scroll","background-type":"","background-media":"","overlay-type":"","overlay-color":"","overlay-opacity":"","overlay-gradient":""},"tablet":{"background-color":"var(--ast-global-color-5)","background-image":"","background-repeat":"repeat","background-position":"center center","background-size":"auto","background-attachment":"scroll","background-type":"","background-media":"","overlay-type":"","overlay-color":"","overlay-opacity":"","overlay-gradient":""},"mobile":{"background-color":"var(--ast-global-color-5)","background-image":"","background-repeat":"repeat","background-position":"center center","background-size":"auto","background-attachment":"scroll","background-type":"","background-media":"","overlay-type":"","overlay-color":"","overlay-opacity":"","overlay-gradient":""}},"footnotes":""},"categories":[2],"tags":[],"class_list":["post-40794","post","type-post","status-publish","format-standard","has-post-thumbnail","hentry","category-politica"],"spectra_blocks_featured_image_url":{"thumbnail":{"url":"https:\/\/100xd.com.ar\/wp-content\/uploads\/2020\/05\/suecia-150x150.jpg","width":150,"height":150},"medium":{"url":"https:\/\/100xd.com.ar\/wp-content\/uploads\/2020\/05\/suecia-300x200.jpg","width":300,"height":200},"medium_large":{"url":"https:\/\/100xd.com.ar\/wp-content\/uploads\/2020\/05\/suecia.jpg","width":768,"height":512},"large":{"url":"https:\/\/100xd.com.ar\/wp-content\/uploads\/2020\/05\/suecia-1024x682.jpg","width":1024,"height":682},"full":{"url":"https:\/\/100xd.com.ar\/wp-content\/uploads\/2020\/05\/suecia.jpg","width":1400,"height":933}},"spectra_blocks_author_info":{"display_name":"Facundo Novillo","avatar_url":"https:\/\/secure.gravatar.com\/avatar\/09745bc65ce6bf84291d6515d5f759c04b4fce4f329b8a975a8ac2982b552d3e?s=96&d=mm&r=g","author_link":"https:\/\/100xd.com.ar\/es\/author\/facundo\/","description":""},"_links":{"self":[{"href":"https:\/\/100xd.com.ar\/es\/wp-json\/wp\/v2\/posts\/40794","targetHints":{"allow":["GET"]}}],"collection":[{"href":"https:\/\/100xd.com.ar\/es\/wp-json\/wp\/v2\/posts"}],"about":[{"href":"https:\/\/100xd.com.ar\/es\/wp-json\/wp\/v2\/types\/post"}],"author":[{"embeddable":true,"href":"https:\/\/100xd.com.ar\/es\/wp-json\/wp\/v2\/users\/4"}],"replies":[{"embeddable":true,"href":"https:\/\/100xd.com.ar\/es\/wp-json\/wp\/v2\/comments?post=40794"}],"version-history":[{"count":2,"href":"https:\/\/100xd.com.ar\/es\/wp-json\/wp\/v2\/posts\/40794\/revisions"}],"predecessor-version":[{"id":40797,"href":"https:\/\/100xd.com.ar\/es\/wp-json\/wp\/v2\/posts\/40794\/revisions\/40797"}],"wp:featuredmedia":[{"embeddable":true,"href":"https:\/\/100xd.com.ar\/es\/wp-json\/wp\/v2\/media\/40795"}],"wp:attachment":[{"href":"https:\/\/100xd.com.ar\/es\/wp-json\/wp\/v2\/media?parent=40794"}],"wp:term":[{"taxonomy":"category","embeddable":true,"href":"https:\/\/100xd.com.ar\/es\/wp-json\/wp\/v2\/categories?post=40794"},{"taxonomy":"post_tag","embeddable":true,"href":"https:\/\/100xd.com.ar\/es\/wp-json\/wp\/v2\/tags?post=40794"}],"curies":[{"name":"wp","href":"https:\/\/api.w.org\/{rel}","templated":true}]}}