{"id":40742,"date":"2020-05-11T12:22:08","date_gmt":"2020-05-11T15:22:08","guid":{"rendered":"http:\/\/www.100xd.com.ar\/?p=40742"},"modified":"2020-05-11T12:22:15","modified_gmt":"2020-05-11T15:22:15","slug":"la-vacuna-argentina","status":"publish","type":"post","link":"https:\/\/100xd.com.ar\/es\/la-vacuna-argentina\/","title":{"rendered":"La &#8216;vacuna&#8217; argentina"},"content":{"rendered":"<p>La grieta del siglo XXI le sirvi\u00f3 al kirchnerismo para construir su identidad y al macrismo para sacar provecho de ello. Pero la grieta que les sirvi\u00f3 para crecer ven\u00eda inoculada con el virus de la derrota. Grieta y desarrollo son antag\u00f3nicos. Hay sociedades que progresaron con fuertes controversias internas, pero no hay sociedad desarrollada que haya llegado a serlo estando quebrada entre bandos irreconciliables que suponen que el otro es el mal y que su asunci\u00f3n implicar\u00e1, siempre, un giro de 180\u00b0 en las pol\u00edticas de Estado. La grieta de los \u00faltimos ocho a\u00f1os coincidi\u00f3 con cinco a\u00f1os de crisis econ\u00f3mica: dos durante el segundo mandato de Cristina y tres de los cuatro de Macri. Reci\u00e9n cuando estemos definitivamente fuera del foso podremos cuantificar cu\u00e1nto de la ca\u00edda del Producto Bruto argentino durante los a\u00f1os pico de la grieta se debi\u00f3, no solo a pol\u00edticas econ\u00f3micas erradas, sino tambi\u00e9n a esa enfermedad social que tornaba inviable la generaci\u00f3n de nuevos negocios, nuevas inversiones y nuevas ideas.\u00a0 Nadie planea a largo plazo en un pa\u00eds dividido entre facciones. De la campa\u00f1a a la pandemia. Alberto Fern\u00e1ndez no hubiera llegado al poder si esa fosa continuaba tan profunda.\u00a0 Gan\u00f3 porque una porci\u00f3n importante de quienes no hubieran votado a Cristina ni a Macri crey\u00f3 en su campa\u00f1a antigrieta y lo corporiz\u00f3 como expresi\u00f3n de una tercera v\u00eda. Y porque el juego de la antinomia permanente hab\u00eda entrado en modo caricatura y el clima de \u00e9poca era otro. De ah\u00ed a que Fern\u00e1ndez cumpliera con las expectativas de esa nueva mayor\u00eda hab\u00eda un trecho tan grande como el que en la pol\u00edtica argentina suele existir entre los dichos y los hechos.\u00a0 La pandemia se convirti\u00f3 en una prueba temprana de qu\u00e9 tan sincero fue aquel relato de campa\u00f1a. Bregar porque no trepe la curva de contagios es tan vital como impedir\u00a0 ue vuelva a crecer la curva de la grieta Durante la \u00faltima pr\u00f3rroga de la cuarentena, el Presidente volvi\u00f3 a mostrarse junto a Horacio Rodr\u00edguez Larreta y Axel Kicillof, y este viernes les dio voz a ambos. Parec\u00edan una s\u00edntesis de una pol\u00edtica de consenso: Alberto Fern\u00e1ndez representando a una de las patas de la alianza oficialista, el gobernador como expresi\u00f3n del cristinismo duro y el jefe de Gobierno como l\u00edder del ala pol\u00edtica del PRO que siempre se opuso a la estrategia agrietada de Macri. No estaban presentes, pero se podr\u00edan haber sumado, los radicales como el juje\u00f1o Gerardo Morales (hist\u00f3rico antagonista del kirchnerismo), pragm\u00e1ticos de la gobernabilidad. La grieta todav\u00eda sangra. Pero la grieta es una herida en proceso de cicatrizaci\u00f3n: todav\u00eda sangra cuando se la presiona. En la misma conferencia del viernes, el Presidente la emprendi\u00f3 contra los \u201cpillos\u201d que dicen \u201cque lo m\u00e1s importante es la econom\u00eda\u201d y que no le \u201cvan a torcer el brazo\u201d. Contrapuso nuevamente salud y econom\u00eda, al sostener que priorizando la salud salvar\u00e1 vidas.\u00a0 Es cierto que le ser\u00eda dif\u00edcil reconocer en p\u00fablico que por la dram\u00e1tica crisis econ\u00f3mica causada por la obligada cuarentena tambi\u00e9n morir\u00e1n personas, pero su actitud confrontativa coloca a los que advierten eso dentro de un supuesto bando de personas desalmadas. No existen tales bandos.\u00a0 La cuarentena puede haber sido y seguir siendo una medida necesaria para acotar el n\u00famero de v\u00edctimas por el virus, pero al mismo tiempo es la causante de un congelamiento econ\u00f3mico que, como en todas las grandes recesiones de la humanidad, tambi\u00e9n causar\u00e1 v\u00edctimas. La cuarentena evita v\u00edctimas y causa v\u00edctimas, aunque hoy la tendencia m\u00e1s aceptada en el mundo es que salvar\u00eda a m\u00e1s personas de las que perjudicar\u00eda. Kicillof tambi\u00e9n agreg\u00f3 lo suyo al reforzar que existen dos bandos: \u201cEstamos los que nos hacemos cargo del problema y del otro lado los que critican por Twitter\u201d. \u00bfEs razonable darles esa entidad a los que puedan criticar desde las redes sociales o es la advertencia de una herida que amenaza con reabrirse en cualquier momento? Cuidar de que no trepe la curva de contagios es tan importante como impedir que crezca la curva de la grieta. En las \u00faltimas semanas hubo atisbos de una reca\u00edda social.\u00a0 Otra vez, los medios, algunos dirigentes y ciertos sectores sociales encontraron excusas para transformar debates l\u00f3gicos en peleas despiadadas: la pol\u00e9mica por la liberaci\u00f3n o no de presos, las ventajas y desventajas de aplicar un impuesto a la riqueza, la llegada de m\u00e9dicos cubanos, los sueldos de los pol\u00edticos, las sesiones legislativas presenciales o virtuales, salir o seguir con la cuarentena. \u00a0 La otra curva de contagios. La virulencia de esos enfrentamientos todav\u00eda no prende demasiado en una mayor\u00eda harta de a\u00f1os de peleas est\u00e9riles, pero la sensibilidad de esta cuarentena permiti\u00f3 cacerolazos de todo tipo, incluso en \u201ccontra del comunismo\u201d. \u00a0 Si la curva de contagios por la grieta volviera a crecer, de nuevo la primera afectada ser\u00eda la econom\u00eda. El d\u00eda que comenz\u00f3 la cuarentena, las empresas que pudieron seguir produciendo representaban el 43% de la masa salarial de los trabajadores formales. Cerca del ministro Mat\u00edas Kulfas estiman que, con las flexibilidades anunciadas, a partir de este lunes ese porcentaje llegar\u00e1 al 50%, y que antes de fin de mes las f\u00e1bricas e industrias activas representar\u00e1n el 70% de los empleos nacionales. Del 30% restante (actividades deportivas, espect\u00e1culos, esparcimiento, gastronom\u00eda, turismo, etc.) nadie se atreve a precisar cu\u00e1ndo retomar\u00e1n su rutina. El Ministerio de Producci\u00f3n es uno de los focos de tensi\u00f3n entre quienes quieren mantener o no la cuarentena.\u00a0 La grieta es una herida en proceso de cicatrizaci\u00f3n:\u00a0Fern\u00e1ndez y Kicillof\u00a0deben cuidarse de no hacerla sangrar de nuevo La agenda de Kulfas est\u00e1 repleta de entrevistas con empresarios que le piden reanudar sus actividades para poder pagar sueldos. Mientras que quienes le piden no relajar el aislamiento son los intendentes del Conurbano, sin distinci\u00f3n de pertenencia partidaria. El ministro analiza el pedido de mil empresas que presentaron protocolos sanitarios y laborales para reabrir. Se estudia caso por caso: c\u00f3mo ser\u00eda la separaci\u00f3n entre trabajador y trabajador, los controles de ingresos, la distancia entre los domicilios de los empleados y la empresa y c\u00f3mo ser\u00eda el traslado. Hasta ahora, se explica que de los m\u00e1s de 5.600 infectados, solo uno tuvo lugar en una f\u00e1brica. Se espera que estas semanas de concientizaci\u00f3n logren que la reanudaci\u00f3n del trabajo vaya acompa\u00f1ada de las adecuadas medidas de prevenci\u00f3n sanitaria.\u00a0 Ant\u00eddotos. El impulso antigrieta pareci\u00f3 sintetizarse la semana pasada tambi\u00e9n en las solicitadas de apoyo de gobernadores, intendentes y economistas de distintas tendencias a la propuesta del Gobierno a los bonistas. M\u00e1s all\u00e1 del mayor o menor acierto que la oferta pueda tener, marca un hecho at\u00edpico en el marco de este tipo de negociaciones en las que el lobby de los fondos acreedores suele jugar fuerte.\u00a0 Hay dudas de cu\u00e1nto efecto verdadero puede causar esta muestra de apoyo general a la oferta oficial, pero hay coincidencias en que lo contrario complicar\u00eda todav\u00eda m\u00e1s la posici\u00f3n argentina. Falta para que el mundo desarrolle una vacuna contra el coronavirus. Pero la Argentina tiene la oportunidad de encontrar, en medio de esta pandemia, una vacuna social para prevenir esa enfermedad llamada grieta que ya caus\u00f3 demasiadas v\u00edctimas.<\/p>\n<p>Fuente:<a href=\"https:\/\/www.perfil.com\/\"> Perfil.com\u00a0<\/a> \u00a0 Gustavo Gonzales<\/p>","protected":false},"excerpt":{"rendered":"<p>La grieta del siglo XXI le sirvi\u00f3 al kirchnerismo para construir su identidad y al macrismo para sacar provecho de ello. Pero la grieta que les sirvi\u00f3 para crecer ven\u00eda inoculada con el virus de la derrota. Grieta y desarrollo son antag\u00f3nicos. Hay sociedades que progresaron con fuertes controversias internas, pero no hay sociedad desarrollada [&hellip;]<\/p>\n","protected":false},"author":4,"featured_media":40743,"comment_status":"open","ping_status":"open","sticky":false,"template":"","format":"standard","meta":{"site-sidebar-layout":"default","site-content-layout":"","ast-site-content-layout":"default","site-content-style":"default","site-sidebar-style":"default","ast-global-header-display":"","ast-banner-title-visibility":"","ast-main-header-display":"","ast-hfb-above-header-display":"","ast-hfb-below-header-display":"","ast-hfb-mobile-header-display":"","site-post-title":"","ast-breadcrumbs-content":"","ast-featured-img":"","footer-sml-layout":"","ast-disable-related-posts":"","theme-transparent-header-meta":"","adv-header-id-meta":"","stick-header-meta":"","header-above-stick-meta":"","header-main-stick-meta":"","header-below-stick-meta":"","astra-migrate-meta-layouts":"default","ast-page-background-enabled":"default","ast-page-background-meta":{"desktop":{"background-color":"","background-image":"","background-repeat":"repeat","background-position":"center center","background-size":"auto","background-attachment":"scroll","background-type":"","background-media":"","overlay-type":"","overlay-color":"","overlay-opacity":"","overlay-gradient":""},"tablet":{"background-color":"","background-image":"","background-repeat":"repeat","background-position":"center center","background-size":"auto","background-attachment":"scroll","background-type":"","background-media":"","overlay-type":"","overlay-color":"","overlay-opacity":"","overlay-gradient":""},"mobile":{"background-color":"","background-image":"","background-repeat":"repeat","background-position":"center center","background-size":"auto","background-attachment":"scroll","background-type":"","background-media":"","overlay-type":"","overlay-color":"","overlay-opacity":"","overlay-gradient":""}},"ast-content-background-meta":{"desktop":{"background-color":"var(--ast-global-color-5)","background-image":"","background-repeat":"repeat","background-position":"center center","background-size":"auto","background-attachment":"scroll","background-type":"","background-media":"","overlay-type":"","overlay-color":"","overlay-opacity":"","overlay-gradient":""},"tablet":{"background-color":"var(--ast-global-color-5)","background-image":"","background-repeat":"repeat","background-position":"center center","background-size":"auto","background-attachment":"scroll","background-type":"","background-media":"","overlay-type":"","overlay-color":"","overlay-opacity":"","overlay-gradient":""},"mobile":{"background-color":"var(--ast-global-color-5)","background-image":"","background-repeat":"repeat","background-position":"center center","background-size":"auto","background-attachment":"scroll","background-type":"","background-media":"","overlay-type":"","overlay-color":"","overlay-opacity":"","overlay-gradient":""}},"footnotes":""},"categories":[12],"tags":[],"class_list":["post-40742","post","type-post","status-publish","format-standard","has-post-thumbnail","hentry","category-opinion"],"spectra_blocks_featured_image_url":{"thumbnail":{"url":"https:\/\/100xd.com.ar\/wp-content\/uploads\/2020\/05\/gustavo.jpg","width":100,"height":100},"medium":{"url":"https:\/\/100xd.com.ar\/wp-content\/uploads\/2020\/05\/gustavo.jpg","width":100,"height":100},"medium_large":{"url":"https:\/\/100xd.com.ar\/wp-content\/uploads\/2020\/05\/gustavo.jpg","width":100,"height":100},"large":{"url":"https:\/\/100xd.com.ar\/wp-content\/uploads\/2020\/05\/gustavo.jpg","width":100,"height":100},"full":{"url":"https:\/\/100xd.com.ar\/wp-content\/uploads\/2020\/05\/gustavo.jpg","width":100,"height":100}},"spectra_blocks_author_info":{"display_name":"Facundo Novillo","avatar_url":"https:\/\/secure.gravatar.com\/avatar\/09745bc65ce6bf84291d6515d5f759c04b4fce4f329b8a975a8ac2982b552d3e?s=96&d=mm&r=g","author_link":"https:\/\/100xd.com.ar\/es\/author\/facundo\/","description":""},"_links":{"self":[{"href":"https:\/\/100xd.com.ar\/es\/wp-json\/wp\/v2\/posts\/40742","targetHints":{"allow":["GET"]}}],"collection":[{"href":"https:\/\/100xd.com.ar\/es\/wp-json\/wp\/v2\/posts"}],"about":[{"href":"https:\/\/100xd.com.ar\/es\/wp-json\/wp\/v2\/types\/post"}],"author":[{"embeddable":true,"href":"https:\/\/100xd.com.ar\/es\/wp-json\/wp\/v2\/users\/4"}],"replies":[{"embeddable":true,"href":"https:\/\/100xd.com.ar\/es\/wp-json\/wp\/v2\/comments?post=40742"}],"version-history":[{"count":1,"href":"https:\/\/100xd.com.ar\/es\/wp-json\/wp\/v2\/posts\/40742\/revisions"}],"predecessor-version":[{"id":40744,"href":"https:\/\/100xd.com.ar\/es\/wp-json\/wp\/v2\/posts\/40742\/revisions\/40744"}],"wp:featuredmedia":[{"embeddable":true,"href":"https:\/\/100xd.com.ar\/es\/wp-json\/wp\/v2\/media\/40743"}],"wp:attachment":[{"href":"https:\/\/100xd.com.ar\/es\/wp-json\/wp\/v2\/media?parent=40742"}],"wp:term":[{"taxonomy":"category","embeddable":true,"href":"https:\/\/100xd.com.ar\/es\/wp-json\/wp\/v2\/categories?post=40742"},{"taxonomy":"post_tag","embeddable":true,"href":"https:\/\/100xd.com.ar\/es\/wp-json\/wp\/v2\/tags?post=40742"}],"curies":[{"name":"wp","href":"https:\/\/api.w.org\/{rel}","templated":true}]}}