{"id":39253,"date":"2020-04-02T12:58:32","date_gmt":"2020-04-02T15:58:32","guid":{"rendered":"http:\/\/www.100xd.com.ar\/?p=39253"},"modified":"2020-04-02T12:58:32","modified_gmt":"2020-04-02T15:58:32","slug":"coronavirus-el-aislamiento-politico-de-jair-bolsonaro","status":"publish","type":"post","link":"https:\/\/100xd.com.ar\/es\/coronavirus-el-aislamiento-politico-de-jair-bolsonaro\/","title":{"rendered":"Coronavirus: el &#8220;aislamiento pol\u00edtico&#8221; de Jair Bolsonaro"},"content":{"rendered":"<p>A contramano de otros l\u00edderes de ultra-derecha en el mundo, Jair Bolsonaro\u00a0insiste con una estrategia de inmolaci\u00f3n pol\u00edtica. La crisis generada por la pandemia de coronovirus\u00a0profundiz\u00f3 el desgaste del Presidente brasile\u00f1o, que se opuso a la implementaci\u00f3n de una pol\u00edtica de aislamiento social recomendada por la OMS\u00a0y por la comunidad cient\u00edfica mundial. Y al desde\u00f1ar las consecuencias sociales de la pandemia, y a ir y venir con sus dichos y acusaciones contra quienes lo critican, perdi\u00f3 la capacidad de liderazgo pol\u00edtico para llevar a cabo un giro m\u00e1s restrictivo en t\u00e9rminos democr\u00e1ticos. En variadas ocasiones, antes y despu\u00e9s de ser electo, Bolsonaro defendi\u00f3 la dictadura militar y se aventur\u00f3 en amenazas expresas contra la prensa y contra el Congreso y el Poder Judicial, lo que encendi\u00f3 las alertas de los sectores democr\u00e1ticos de la ciudadan\u00eda, en todo el espectro ideol\u00f3gico. Sin embargo, sus cr\u00edticas constantes al Legislativo, que le costaron frecuentes trabas para la aprobaci\u00f3n de sus proyectos, ven\u00edan siendo \u201cperdonadas\u201d en favor del avance de una agenda econ\u00f3mica reformista. Con un presidente capaz de ofrecer reformas econ\u00f3micas y con el fuerte apoyo de los militares, las posibilidades de una radicalizaci\u00f3n autoritaria eran m\u00e1s cercanas. Argentina, Brasil y Chile entrar\u00e1n en recesi\u00f3n por el coronavirus, seg\u00fan S&amp;P Sin embargo, la pandemia, al desestabilizar a\u00fan m\u00e1s el tablero econ\u00f3mico brasile\u00f1o, llev\u00f3 a Bolsonaro (y a su entorno familiar) a abandonar cualquier tipo de racionalidad pol\u00edtica. Si en un primer momento sigui\u00f3 los pasos de Donald Trump y Boris Johnson, negando la seriedad del problema de salud global, ahora se qued\u00f3 solo. Mientras el mundo pide cautela y se suma al aislamiento social, el ex capit\u00e1n insiste en llamar a la epidemia del coronavirus \u201cgripecita\u201d o \u201crefriado leve\u201d y en destacar la importancia de mantener la actividad econ\u00f3mica y a la gente en las calles. Como \u00e9l mismo dice, el presidente crey\u00f3 que, como enviado de Dios, pod\u00eda todo. No pudo todo, pero s\u00ed logr\u00f3 algo ins\u00f3lito: despert\u00f3 la ira de la mayor\u00eda de los gobernadores y alcaldes al entrometerse en sus decisiones de acatar las recomendaciones de la OMS. La agenda econ\u00f3mica era el pie m\u00e1s estable y fuerte de su gobierno. Al debilitarse, inevitablemente lo perjudica, principalmente, en t\u00e9rminos de apoyos pol\u00edticos. Es por eso que sigue defendiendo, con manotazos de ahogado, su posici\u00f3n e insiste en la teor\u00eda del complot medi\u00e1tico contra su gobierno. En este nuevo escenario, en el que la oposici\u00f3n que era leve se endurece, la entrada de los gobernadores y alcaldes a las filas opositoras es un mal presagio en lo que se refiere a su legitimidad como l\u00edder del Ejecutivo nacional. En este sentido, en este momento las \u00ednfulas autoritarias de Jair Bolsonaro, tienen, felizmente, menos posibilidades de hacerse realidad.<\/p>\n<p>Fuente:<a href=\"https:\/\/www.perfil.com\/\"> Perfil.com<\/a><\/p>","protected":false},"excerpt":{"rendered":"<p>A contramano de otros l\u00edderes de ultra-derecha en el mundo, Jair Bolsonaro\u00a0insiste con una estrategia de inmolaci\u00f3n pol\u00edtica. La crisis generada por la pandemia de coronovirus\u00a0profundiz\u00f3 el desgaste del Presidente brasile\u00f1o, que se opuso a la implementaci\u00f3n de una pol\u00edtica de aislamiento social recomendada por la OMS\u00a0y por la comunidad cient\u00edfica mundial. Y al desde\u00f1ar [&hellip;]<\/p>\n","protected":false},"author":4,"featured_media":39254,"comment_status":"open","ping_status":"open","sticky":false,"template":"","format":"standard","meta":{"site-sidebar-layout":"default","site-content-layout":"","ast-site-content-layout":"default","site-content-style":"default","site-sidebar-style":"default","ast-global-header-display":"","ast-banner-title-visibility":"","ast-main-header-display":"","ast-hfb-above-header-display":"","ast-hfb-below-header-display":"","ast-hfb-mobile-header-display":"","site-post-title":"","ast-breadcrumbs-content":"","ast-featured-img":"","footer-sml-layout":"","ast-disable-related-posts":"","theme-transparent-header-meta":"","adv-header-id-meta":"","stick-header-meta":"","header-above-stick-meta":"","header-main-stick-meta":"","header-below-stick-meta":"","astra-migrate-meta-layouts":"default","ast-page-background-enabled":"default","ast-page-background-meta":{"desktop":{"background-color":"","background-image":"","background-repeat":"repeat","background-position":"center center","background-size":"auto","background-attachment":"scroll","background-type":"","background-media":"","overlay-type":"","overlay-color":"","overlay-opacity":"","overlay-gradient":""},"tablet":{"background-color":"","background-image":"","background-repeat":"repeat","background-position":"center center","background-size":"auto","background-attachment":"scroll","background-type":"","background-media":"","overlay-type":"","overlay-color":"","overlay-opacity":"","overlay-gradient":""},"mobile":{"background-color":"","background-image":"","background-repeat":"repeat","background-position":"center center","background-size":"auto","background-attachment":"scroll","background-type":"","background-media":"","overlay-type":"","overlay-color":"","overlay-opacity":"","overlay-gradient":""}},"ast-content-background-meta":{"desktop":{"background-color":"var(--ast-global-color-5)","background-image":"","background-repeat":"repeat","background-position":"center center","background-size":"auto","background-attachment":"scroll","background-type":"","background-media":"","overlay-type":"","overlay-color":"","overlay-opacity":"","overlay-gradient":""},"tablet":{"background-color":"var(--ast-global-color-5)","background-image":"","background-repeat":"repeat","background-position":"center center","background-size":"auto","background-attachment":"scroll","background-type":"","background-media":"","overlay-type":"","overlay-color":"","overlay-opacity":"","overlay-gradient":""},"mobile":{"background-color":"var(--ast-global-color-5)","background-image":"","background-repeat":"repeat","background-position":"center center","background-size":"auto","background-attachment":"scroll","background-type":"","background-media":"","overlay-type":"","overlay-color":"","overlay-opacity":"","overlay-gradient":""}},"footnotes":""},"categories":[2],"tags":[],"class_list":["post-39253","post","type-post","status-publish","format-standard","has-post-thumbnail","hentry","category-politica"],"spectra_blocks_featured_image_url":{"thumbnail":{"url":"https:\/\/100xd.com.ar\/wp-content\/uploads\/2020\/04\/abrasil-150x150.jpg","width":150,"height":150},"medium":{"url":"https:\/\/100xd.com.ar\/wp-content\/uploads\/2020\/04\/abrasil-300x169.jpg","width":300,"height":169},"medium_large":{"url":"https:\/\/100xd.com.ar\/wp-content\/uploads\/2020\/04\/abrasil.jpg","width":768,"height":432},"large":{"url":"https:\/\/100xd.com.ar\/wp-content\/uploads\/2020\/04\/abrasil.jpg","width":840,"height":472},"full":{"url":"https:\/\/100xd.com.ar\/wp-content\/uploads\/2020\/04\/abrasil.jpg","width":840,"height":472}},"spectra_blocks_author_info":{"display_name":"Facundo Novillo","avatar_url":"https:\/\/secure.gravatar.com\/avatar\/09745bc65ce6bf84291d6515d5f759c04b4fce4f329b8a975a8ac2982b552d3e?s=96&d=mm&r=g","author_link":"https:\/\/100xd.com.ar\/es\/author\/facundo\/","description":""},"_links":{"self":[{"href":"https:\/\/100xd.com.ar\/es\/wp-json\/wp\/v2\/posts\/39253","targetHints":{"allow":["GET"]}}],"collection":[{"href":"https:\/\/100xd.com.ar\/es\/wp-json\/wp\/v2\/posts"}],"about":[{"href":"https:\/\/100xd.com.ar\/es\/wp-json\/wp\/v2\/types\/post"}],"author":[{"embeddable":true,"href":"https:\/\/100xd.com.ar\/es\/wp-json\/wp\/v2\/users\/4"}],"replies":[{"embeddable":true,"href":"https:\/\/100xd.com.ar\/es\/wp-json\/wp\/v2\/comments?post=39253"}],"version-history":[{"count":1,"href":"https:\/\/100xd.com.ar\/es\/wp-json\/wp\/v2\/posts\/39253\/revisions"}],"predecessor-version":[{"id":39255,"href":"https:\/\/100xd.com.ar\/es\/wp-json\/wp\/v2\/posts\/39253\/revisions\/39255"}],"wp:featuredmedia":[{"embeddable":true,"href":"https:\/\/100xd.com.ar\/es\/wp-json\/wp\/v2\/media\/39254"}],"wp:attachment":[{"href":"https:\/\/100xd.com.ar\/es\/wp-json\/wp\/v2\/media?parent=39253"}],"wp:term":[{"taxonomy":"category","embeddable":true,"href":"https:\/\/100xd.com.ar\/es\/wp-json\/wp\/v2\/categories?post=39253"},{"taxonomy":"post_tag","embeddable":true,"href":"https:\/\/100xd.com.ar\/es\/wp-json\/wp\/v2\/tags?post=39253"}],"curies":[{"name":"wp","href":"https:\/\/api.w.org\/{rel}","templated":true}]}}