{"id":38353,"date":"2020-02-19T14:08:55","date_gmt":"2020-02-19T17:08:55","guid":{"rendered":"http:\/\/www.100xd.com.ar\/?p=38353"},"modified":"2020-02-19T14:14:52","modified_gmt":"2020-02-19T17:14:52","slug":"losardo-defendio-la-reforma-las-jubilaciones-de-los-jueces-generan-un-deficit-de-9-200-millones","status":"publish","type":"post","link":"https:\/\/100xd.com.ar\/es\/losardo-defendio-la-reforma-las-jubilaciones-de-los-jueces-generan-un-deficit-de-9-200-millones\/","title":{"rendered":"Losardo defendi\u00f3 la reforma: \u201cLas jubilaciones de los jueces generan un d\u00e9ficit de $9.200 millones&#8221;"},"content":{"rendered":"<div class=\"row pb-content-type-text\">\n<div class=\"col-xs-12 col-print-12\">\n<p class=\"element element-paragraph\">La ministra de Justicia,\u00a0<b>Marcela Losardo<\/b>, defendi\u00f3 el proyecto de ley que gir\u00f3 el gobierno nacional al Congreso para modificar el r\u00e9gimen especial de jubilaci\u00f3n que tienen los jueces y respondi\u00f3 algunas cr\u00edticas puntuales.<\/p>\n<\/div>\n<\/div>\n<div class=\"row pb-content-type-text\">\n<div class=\"col-xs-12 col-print-12\">\n<p class=\"element element-paragraph\">Uno de los principales puntos de fricci\u00f3n radica en el cambio del c\u00e1lculo que se realizar\u00e1 para determinar el haber inicial, que ser\u00e1 el equivalente al 82% del promedio de las \u00faltimas 120 remuneraciones actualizadas (actualmente es el 82% del sueldo correspondiente al \u00faltimo cargo ocupado).<\/p>\n<\/div>\n<\/div>\n<div class=\"row pb-content-type-text\">\n<div class=\"col-xs-12 col-print-12\">\n<p class=\"element element-paragraph\">\u201c<mark class=\"hl_yellow\"><b>Esto significa que se van a tomar los \u00faltimos 120 salarios de los cargos que ocuparon y quiere decir que si yo fui durante cinco a\u00f1os juez de primera instancia y durante cinco a\u00f1os camarista, no es lo mismo que si estuve durante los \u00faltimos 10 a\u00f1os como camarista. Por eso se hace un promedio que luego se va a actualizar al momento de que se jubilan, por lo tanto a m\u00ed no me parece tan tremendo<\/b><\/mark>\u201d, asegur\u00f3 Losardo en di\u00e1logo con Luis Novaresio en r<i>adio La Red.<\/i><\/p>\n<\/div>\n<\/div>\n<div class=\"row pb-content-type-text\">\n<div class=\"col-xs-12 col-print-12\">\n<p class=\"element element-paragraph\">Si bien este punto podr\u00eda provocar un descenso de los haberes con respecto a lo que prev\u00e9 la ley actual, la funcionaria dio un ejemplo que grafica la situaci\u00f3n de privilegio que tienen los integrantes del Poder Judicial con respecto a otros trabajadores: \u201c<mark class=\"hl_yellow\"><b>Quiz\u00e1s un juez que se jubilaba con un haber de $770 mil ahora lo va a hacer con uno de $720 mil<\/b><\/mark>\u201d. Adem\u00e1s, inform\u00f3 que la mesa que determinar\u00e1 c\u00f3mo se realizar\u00e1 la actualizaci\u00f3n de haberes se reunir\u00e1 luego de que se sancione la ley, por lo que ese debate continuar\u00e1 abierto incluso luego de que cambie el sistema.<\/p>\n<\/div>\n<\/div>\n<div class=\"row pb-content-type-text\">\n<div id=\"\" class=\"wrapper clearfix pb-feature pb-layout-item pb-f-ads-dfp left-align\"><\/div>\n<div class=\"col-xs-12 col-print-12\">\n<p class=\"element element-paragraph\">Para acceder al beneficio, el proyecto establece el requisito de haber prestado como m\u00ednimo 10 a\u00f1os de servicios continuos o 15 discontinuos. Tambi\u00e9n iguala la edad m\u00ednima de retiro en 65 a\u00f1os para hombres y mujeres, punto que fue objetado.<\/p>\n<\/div>\n<\/div>\n<div class=\"row pb-content-type-text\">\n<div class=\"col-xs-12 col-print-12\">\n<p class=\"element element-paragraph\">\u201c<mark class=\"hl_yellow\"><b>No entiendo por qu\u00e9 ac\u00e1 algunos hablan de un tema de g\u00e9nero si justamente estamos luchando por la igualdad y creo que a los 65 a\u00f1os podemos trabajar. Ac\u00e1 estamos reformando el sistema judicial y una persona puede elegir si jubilarse a los 65 o a los 70, cuando quieran<\/b><\/mark>\u201d, desarroll\u00f3.<\/p>\n<\/div>\n<\/div>\n<div class=\"row pb-content-type-text\">\n<div class=\"col-xs-12 col-print-12\">\n<p class=\"element element-paragraph\">La ministra dijo que no esperan que haya una ola de magistrados que apuren su retiro para iniciar los tr\u00e1mites antes del cambio de r\u00e9gimen ni que tampoco est\u00e1n impulsando esa posibilidad. \u201cEste proyecto busca reducir las inequidades en el sistema previsional\u201d, analiz\u00f3 y explic\u00f3: \u201c<mark class=\"hl_yellow\"><b>Era imposible sostener el r\u00e9gimen c\u00f3mo est\u00e1, con un d\u00e9ficit de $9.200 millones por a\u00f1o que se cubre con el resto de las jubilaciones de $14 mil<\/b><\/mark>\u201d.<\/p>\n<\/div>\n<\/div>\n<div class=\"row pb-content-type-text\">\n<div class=\"col-xs-12 col-print-12\">\n<p class=\"element element-paragraph\">El presidente Alberto Fern\u00e1ndez anunci\u00f3 el viernes pasado un aumento en las jubilaciones mientras se discute una nueva f\u00f3rmula de movilidad. Paralelamente, gir\u00f3\u00a0<a href=\"https:\/\/www.infobae.com\/politica\/2020\/02\/14\/el-gobierno-envio-al-congreso-el-proyecto-para-modificar-las-jubilaciones-de-privilegio\/\" target=\"_blank\">un proyecto para modificar las jubilaciones de privilegio que perciben funcionarios del Poder Judicial y del Servicio Exterior<\/a>. En un comunicado conjunto, l<a href=\"https:\/\/www.infobae.com\/politica\/2020\/02\/17\/jueces-y-fiscales-aseguraron-que-el-proyecto-para-reformar-las-jubilaciones-de-privilegio-viola-fallos-de-la-corte-suprema\/\" target=\"_blank\">a Asociaci\u00f3n de Magistrados y la de Fiscales expusieron su rechazo.<\/a><\/p>\n<\/div>\n<\/div>\n<div class=\"row pb-content-type-image\">\n<figure class=\"element element-image col-xs-12\">\n<div class=\"single-image\">\n<div class=\"shares\"><\/div>\n<p><img decoding=\"async\" id=\"UG5XXKNWBJD7NHELF4H2I6OQCM\" class=\"image-lazy\" src=\"https:\/\/www.infobae.com\/new-resizer\/skMJ2eKIVkVhfaLsjHAJtnUR9jo=\/750x0\/filters:quality(100)\/arc-anglerfish-arc2-prod-infobae.s3.amazonaws.com\/public\/UG5XXKNWBJD7NHELF4H2I6OQCM.jpg\" alt=\"El proyecto gener\u00f3 discrepancias en el Palacio de Tribunales y en Comodoro Py\" width=\"750\" height=\"421.875\" data-url=\"https:\/\/www.infobae.com\/politica\/2020\/02\/19\/losardo-defendio-la-reforma-las-jubilaciones-de-los-jueces-generan-un-deficit-de-9200-millones\/%23UG5XXKNWBJD7NHELF4H2I6OQCM\" data-original=\"https:\/\/www.infobae.com\/new-resizer\/skMJ2eKIVkVhfaLsjHAJtnUR9jo=\/750x0\/filters:quality(100)\/arc-anglerfish-arc2-prod-infobae.s3.amazonaws.com\/public\/UG5XXKNWBJD7NHELF4H2I6OQCM.jpg\"  title=\"Losardo defendi\u00f3 la reforma: \u201cLas jubilaciones de los jueces generan un d\u00e9ficit de $9.200 millones&quot;\" \/><\/p>\n<\/div><figcaption class=\"\"><span class=\"credit\">El proyecto gener\u00f3 discrepancias en el Palacio de Tribunales y en Comodoro Py<\/span><\/figcaption><\/figure>\n<\/div>\n<div class=\"row pb-content-type-text\">\n<div class=\"col-xs-12 col-print-12\">\n<p class=\"element element-paragraph\"><mark class=\"hl_orange\"><b>Los nuevos jueces<\/b><\/mark><\/p>\n<\/div>\n<\/div>\n<div class=\"row pb-content-type-text\">\n<div class=\"col-xs-12 col-print-12\">\n<p class=\"element element-paragraph\">Losardo reconoci\u00f3 que est\u00e1n revisando los pliegos que envi\u00f3 el gobierno de Mauricio Macri para nombrar jueces en cargos vacantes, no obstante neg\u00f3 la existencia de una lista negra. \u201c<b>Queremos ver qui\u00e9nes son y puede ser que se saquen a unos y se pongan a otros siempre y cuando no ofrezcan la calidad que se necesita<\/b>\u201d, plante\u00f3.<\/p>\n<\/div>\n<\/div>\n<div class=\"row pb-content-type-text\">\n<div class=\"col-xs-12 col-print-12\">\n<p class=\"element element-paragraph\">Finalmente, rechaz\u00f3 la posibilidad de endurecer penas para evitar hechos violentos como el ataque a Fernando B\u00e1ez Sosa porque las escalas actuales son adecuadas, el problema es que en muchos casos no se aplican correctamente.<\/p>\n<p class=\"element element-paragraph\">Fuente:<a href=\"https:\/\/www.infobae.com\/?noredirect\"> Infobae.com<\/a><\/p>\n<\/div>\n<\/div>","protected":false},"excerpt":{"rendered":"<p>La ministra de Justicia,\u00a0Marcela Losardo, defendi\u00f3 el proyecto de ley que gir\u00f3 el gobierno nacional al Congreso para modificar el r\u00e9gimen especial de jubilaci\u00f3n que tienen los jueces y respondi\u00f3 algunas cr\u00edticas puntuales. Uno de los principales puntos de fricci\u00f3n radica en el cambio del c\u00e1lculo que se realizar\u00e1 para determinar el haber inicial, que [&hellip;]<\/p>\n","protected":false},"author":4,"featured_media":38354,"comment_status":"open","ping_status":"open","sticky":false,"template":"","format":"standard","meta":{"site-sidebar-layout":"default","site-content-layout":"","ast-site-content-layout":"default","site-content-style":"default","site-sidebar-style":"default","ast-global-header-display":"","ast-banner-title-visibility":"","ast-main-header-display":"","ast-hfb-above-header-display":"","ast-hfb-below-header-display":"","ast-hfb-mobile-header-display":"","site-post-title":"","ast-breadcrumbs-content":"","ast-featured-img":"","footer-sml-layout":"","ast-disable-related-posts":"","theme-transparent-header-meta":"","adv-header-id-meta":"","stick-header-meta":"","header-above-stick-meta":"","header-main-stick-meta":"","header-below-stick-meta":"","astra-migrate-meta-layouts":"default","ast-page-background-enabled":"default","ast-page-background-meta":{"desktop":{"background-color":"","background-image":"","background-repeat":"repeat","background-position":"center center","background-size":"auto","background-attachment":"scroll","background-type":"","background-media":"","overlay-type":"","overlay-color":"","overlay-opacity":"","overlay-gradient":""},"tablet":{"background-color":"","background-image":"","background-repeat":"repeat","background-position":"center center","background-size":"auto","background-attachment":"scroll","background-type":"","background-media":"","overlay-type":"","overlay-color":"","overlay-opacity":"","overlay-gradient":""},"mobile":{"background-color":"","background-image":"","background-repeat":"repeat","background-position":"center center","background-size":"auto","background-attachment":"scroll","background-type":"","background-media":"","overlay-type":"","overlay-color":"","overlay-opacity":"","overlay-gradient":""}},"ast-content-background-meta":{"desktop":{"background-color":"var(--ast-global-color-5)","background-image":"","background-repeat":"repeat","background-position":"center center","background-size":"auto","background-attachment":"scroll","background-type":"","background-media":"","overlay-type":"","overlay-color":"","overlay-opacity":"","overlay-gradient":""},"tablet":{"background-color":"var(--ast-global-color-5)","background-image":"","background-repeat":"repeat","background-position":"center center","background-size":"auto","background-attachment":"scroll","background-type":"","background-media":"","overlay-type":"","overlay-color":"","overlay-opacity":"","overlay-gradient":""},"mobile":{"background-color":"var(--ast-global-color-5)","background-image":"","background-repeat":"repeat","background-position":"center center","background-size":"auto","background-attachment":"scroll","background-type":"","background-media":"","overlay-type":"","overlay-color":"","overlay-opacity":"","overlay-gradient":""}},"footnotes":""},"categories":[25],"tags":[],"class_list":["post-38353","post","type-post","status-publish","format-standard","has-post-thumbnail","hentry","category-destacado"],"spectra_blocks_featured_image_url":{"thumbnail":{"url":"https:\/\/100xd.com.ar\/wp-content\/uploads\/2020\/02\/justicia-150x150.jpg","width":150,"height":150},"medium":{"url":"https:\/\/100xd.com.ar\/wp-content\/uploads\/2020\/02\/justicia-300x169.jpg","width":300,"height":169},"medium_large":{"url":"https:\/\/100xd.com.ar\/wp-content\/uploads\/2020\/02\/justicia.jpg","width":768,"height":432},"large":{"url":"https:\/\/100xd.com.ar\/wp-content\/uploads\/2020\/02\/justicia-1024x576.jpg","width":1024,"height":576},"full":{"url":"https:\/\/100xd.com.ar\/wp-content\/uploads\/2020\/02\/justicia.jpg","width":1920,"height":1080}},"spectra_blocks_author_info":{"display_name":"Facundo Novillo","avatar_url":"https:\/\/secure.gravatar.com\/avatar\/09745bc65ce6bf84291d6515d5f759c04b4fce4f329b8a975a8ac2982b552d3e?s=96&d=mm&r=g","author_link":"https:\/\/100xd.com.ar\/es\/author\/facundo\/","description":""},"_links":{"self":[{"href":"https:\/\/100xd.com.ar\/es\/wp-json\/wp\/v2\/posts\/38353","targetHints":{"allow":["GET"]}}],"collection":[{"href":"https:\/\/100xd.com.ar\/es\/wp-json\/wp\/v2\/posts"}],"about":[{"href":"https:\/\/100xd.com.ar\/es\/wp-json\/wp\/v2\/types\/post"}],"author":[{"embeddable":true,"href":"https:\/\/100xd.com.ar\/es\/wp-json\/wp\/v2\/users\/4"}],"replies":[{"embeddable":true,"href":"https:\/\/100xd.com.ar\/es\/wp-json\/wp\/v2\/comments?post=38353"}],"version-history":[{"count":2,"href":"https:\/\/100xd.com.ar\/es\/wp-json\/wp\/v2\/posts\/38353\/revisions"}],"predecessor-version":[{"id":38356,"href":"https:\/\/100xd.com.ar\/es\/wp-json\/wp\/v2\/posts\/38353\/revisions\/38356"}],"wp:featuredmedia":[{"embeddable":true,"href":"https:\/\/100xd.com.ar\/es\/wp-json\/wp\/v2\/media\/38354"}],"wp:attachment":[{"href":"https:\/\/100xd.com.ar\/es\/wp-json\/wp\/v2\/media?parent=38353"}],"wp:term":[{"taxonomy":"category","embeddable":true,"href":"https:\/\/100xd.com.ar\/es\/wp-json\/wp\/v2\/categories?post=38353"},{"taxonomy":"post_tag","embeddable":true,"href":"https:\/\/100xd.com.ar\/es\/wp-json\/wp\/v2\/tags?post=38353"}],"curies":[{"name":"wp","href":"https:\/\/api.w.org\/{rel}","templated":true}]}}