{"id":36551,"date":"2019-10-31T12:46:02","date_gmt":"2019-10-31T15:46:02","guid":{"rendered":"http:\/\/www.100xd.com.ar\/?p=36551"},"modified":"2019-10-31T12:49:19","modified_gmt":"2019-10-31T15:49:19","slug":"el-dificil-y-rapido-camino-de-oficialismo-a-oposicion-transicion-y-disputas-domesticas","status":"publish","type":"post","link":"https:\/\/100xd.com.ar\/es\/el-dificil-y-rapido-camino-de-oficialismo-a-oposicion-transicion-y-disputas-domesticas\/","title":{"rendered":"El dif\u00edcil y r\u00e1pido camino de oficialismo a oposici\u00f3n: transici\u00f3n y disputas dom\u00e9sticas"},"content":{"rendered":"<div class=\"row pb-content-type-text\">\n<div class=\"col-xs-12 col-print-12\">\n<p class=\"element element-paragraph\">La s\u00edntesis de las tareas que enfrenta el oficialismo mientras se va despidiendo del poder est\u00e1 impuesta por el calendario y por una especie de revitalizado tono pol\u00edtico:\u00a0<b>garantizar una transici\u00f3n ordenada y resolver las internas \u2013funcionales y de fondo- para la vuelta al llano<\/b>. Buena parte de ese doble objetivo tiene fecha marcada. De aqu\u00ed al 10 de diciembre, entonces, Mauricio Macri y su equipo deber\u00e1n ir piloteando el proceso de traspaso de gesti\u00f3n con Alberto Fern\u00e1ndez y sus delegados. Restan apenas cuarenta d\u00edas:\u00a0<b>las tratativas en uno y otro frente ya arrancaron y empiezan a ser intensas<\/b>.<\/p>\n<\/div>\n<\/div>\n<div class=\"row pb-content-type-text\">\n<div class=\"col-xs-12 col-print-12\">\n<p class=\"element element-paragraph\">La transici\u00f3n comenz\u00f3 a ser encaminada por los canales habituales, tambi\u00e9n informales, entre el oficialismo que se va y el oficialismo que viene.\u00a0<b>Tiene expresi\u00f3n hasta ahora en medidas duras para contener el d\u00f3lar y las reservas, aunque ya se extiende al \u00e1mbito del Congreso<\/b>. No faltan tensiones, incluida alguna conversaci\u00f3n desde la Casa Rosada con allegados a Fern\u00e1ndez, para rechazar el juego de sospechas sobre irregularidades en el recuento de votos, que ahora cambi\u00f3 de vereda y circula por las baldosas del peronismo-kirchnerismo.<b>\u00a0De todos modos, ese tema est\u00e1 seguir\u00e1 latiendo hasta que en diez o quince d\u00edas quede cerrado el escrutinio definitivo<\/b>.<\/p>\n<\/div>\n<\/div>\n<div class=\"row pb-content-type-text\">\n<div class=\"col-xs-12 col-print-12\">\n<p class=\"element element-paragraph\">La interna no ofrece plazos muy largos, al menos en sus primeros cap\u00edtulos pr\u00e1cticos. Pero la discusi\u00f3n m\u00e1s profunda a resolver por los socios de Cambiemos \u2013pocos usan la denominaci\u00f3n Juntos por el Cambio- es, en rigor, una materia pendiente de toda la gesti\u00f3n de gobierno que ahora vuelve a ser planteada en la perspectiva de asumir como oposici\u00f3n:<b>\u00a0su conformaci\u00f3n m\u00e1s org\u00e1nica como coalici\u00f3n o frente pol\u00edtico y no s\u00f3lo electoral<\/b>.<\/p>\n<\/div>\n<\/div>\n<div class=\"row pb-content-type-text\">\n<div class=\"col-xs-12 col-print-12\">\n<p class=\"element element-paragraph\">Los comicios del domingo pasado -y antes, las significativas marchas de los \u00faltimos treinta d\u00edas de campa\u00f1a- modificaron las perspectivas de esta discusi\u00f3n.\u00a0<b>Despu\u00e9s del golpe tremendo de las PASO, la perspectiva de una derrota abrumadora en octubre generaba dudas sobre la propia existencia de Cambiemos y sobre la relaci\u00f3n, para algunos casi satelital, con un peronismo arrasador<\/b>. El resultado del domingo en 40 puntos y un poco antes los actos del \u201cS\u00ed, se puede\u201d repusieron la idea de un armado pol\u00edtico m\u00e1s consistente, con reconocimiento de la \u201cdemanda social de responsabilidad\u201d frente al gobierno que viene, y a la vez como \u201ccontenci\u00f3n\u201d de la franja social expresada por el voto propio. As\u00ed lo resumen.<\/p>\n<\/div>\n<\/div>\n<div class=\"row pb-content-type-image\">\n<div id=\"\" class=\"wrapper clearfix pb-feature pb-layout-item pb-f-ads-dfp left-align\"><\/div>\n<figure class=\"element element-image col-xs-12\">\n<div class=\"single-image\">\n<div class=\"shares\"><\/div>\n<p><img decoding=\"async\" id=\"JA7ITZBMXRBIDJZ7N2NDXQFJU4\" class=\"image-lazy\" src=\"https:\/\/www.infobae.com\/new-resizer\/XrX6FrmOOINpFQkDaF6JOQfmAoM=\/750x0\/filters:quality(100)\/arc-anglerfish-arc2-prod-infobae.s3.amazonaws.com\/public\/JA7ITZBMXRBIDJZ7N2NDXQFJU4.jpg\" alt=\"Macri en una de las marchas del \" width=\"750\" height=\"421.2174348697395\" data-url=\"https:\/\/www.infobae.com\/politica\/2019\/10\/31\/el-dificil-y-rapido-camino-de-oficialismo-a-oposicion-transicion-y-disputas-domesticas\/%23JA7ITZBMXRBIDJZ7N2NDXQFJU4\" data-original=\"https:\/\/www.infobae.com\/new-resizer\/XrX6FrmOOINpFQkDaF6JOQfmAoM=\/750x0\/filters:quality(100)\/arc-anglerfish-arc2-prod-infobae.s3.amazonaws.com\/public\/JA7ITZBMXRBIDJZ7N2NDXQFJU4.jpg\"  title=\"El dif\u00edcil y r\u00e1pido camino de oficialismo a oposici\u00f3n: transici\u00f3n y disputas dom\u00e9sticas\" \/><\/p>\n<\/div><figcaption class=\"\"><span class=\"credit\">Macri en una de las marchas del &#8220;S\u00ed, se puede&#8221; (Thomas Khazki)<\/span><\/figcaption><\/figure>\n<\/div>\n<div class=\"row pb-content-type-text\">\n<div class=\"col-xs-12 col-print-12\">\n<p class=\"element element-paragraph\">Ese objetivo de m\u00e1xima demanda tareas previas y generar\u00e1\u00a0<b>seguramente tensiones dom\u00e9sticas, seg\u00fan se advierte en estas horas<\/b>. El fracaso del intento para avanzar ayer mismo en el Congreso con el proceso para designar Defensor del Pueblo parece un s\u00edntoma. Suena para el cargo Emilio Monz\u00f3, no \u00fanicamente. Y lo ocurrido con esa movida no significa que el tema o los postulantes hayan sido clausurados,\u00a0<b>sino m\u00e1s bien que el asunto pas\u00f3 a ser parte de una negociaci\u00f3n m\u00e1s amplia dentro de Cambiemos y con el futuro oficialismo<\/b>. En primer lugar, entonces, deben definirse espacios y conducciones propias.<\/p>\n<\/div>\n<\/div>\n<div class=\"row pb-content-type-text\">\n<div class=\"col-xs-12 col-print-12\">\n<p class=\"element element-paragraph\"><b>El PRO tiene que resolver su propio equilibrio. Y no s\u00f3lo se trata del lugar de Macri o su liderazgo<\/b>. Es cierto que algunos se apuraron a velarlo pol\u00edticamente despu\u00e9s de las primarias y otros se quieren apurar ahora a coronarlo l\u00edder y candidato natural. Suena al menos extempor\u00e1neo. Los jugadores fuertes deber\u00e1n ajustar piezas:\u00a0<b>Horacio Rodr\u00edguez Larreta y Mar\u00eda Eugenia Vidal afirmaron su relaci\u00f3n y nadie esconde las tensiones con Marcos Pe\u00f1a y otros integrantes del circuito de Macri, aunque sin desconocer su remontada y su lugar<\/b>.<\/p>\n<\/div>\n<\/div>\n<div class=\"row pb-content-type-text\">\n<div class=\"col-xs-12 col-print-12\">\n<p class=\"element element-paragraph\">En el\u00a0<b>radicalismo<\/b>, de manera tambi\u00e9n algo lineal, el interrogante gira en torno del modo en que ser\u00e1n acomodadas las cargas entre el sector que de alg\u00fan modo integran\u00a0<b>Gerardo Morales, Mario Negri, Luis Naidenoff<\/b>\u00a0y buena parte de los legisladores nacionales, y el otro conjunto, de\u00a0<b>Alfredo Cornejo, Enrique Nosiglia y otra franja partidaria con mayor eje en la Capital<\/b>.<\/p>\n<\/div>\n<\/div>\n<div class=\"row pb-content-type-text\">\n<div class=\"col-xs-12 col-print-12\">\n<p class=\"element element-paragraph\"><b>En la Coalici\u00f3n C\u00edvica, el peso relativo estar\u00e1 en sus legisladores, especialmente en el espacio de diputados nacionales y algo en Buenos Aires<\/b>. El juego desequilibrante de Elisa Carri\u00f3 qued\u00f3 en suspenso: dijo que se retira de la pol\u00edtica activa, aunque hay dudas sobre el alcance temporal de esa decisi\u00f3n. Por lo pronto, su decisi\u00f3n baja tensiones internas y resta argumentos a quienes la se\u00f1alaban como un l\u00edmite para sostener Cambiemos despu\u00e9s de las elecciones.<\/p>\n<\/div>\n<\/div>\n<div class=\"row pb-content-type-image\">\n<figure class=\"element element-image col-xs-12\">\n<div class=\"single-image\">\n<div class=\"shares\"><\/div>\n<p><img decoding=\"async\" id=\"37TBVP6IZZBIBL43ZGB7YDETPQ\" class=\"image-lazy\" src=\"https:\/\/www.infobae.com\/new-resizer\/h3n1qchD74D9S8Q06EE3zKqoJJk=\/750x0\/filters:quality(100)\/arc-anglerfish-arc2-prod-infobae.s3.amazonaws.com\/public\/37TBVP6IZZBIBL43ZGB7YDETPQ.jpg\" alt=\"Elisa Carri\u00f3 junto a Mauricio Macri\" width=\"750\" height=\"421.875\" data-url=\"https:\/\/www.infobae.com\/politica\/2019\/10\/31\/el-dificil-y-rapido-camino-de-oficialismo-a-oposicion-transicion-y-disputas-domesticas\/%2337TBVP6IZZBIBL43ZGB7YDETPQ\" data-original=\"https:\/\/www.infobae.com\/new-resizer\/h3n1qchD74D9S8Q06EE3zKqoJJk=\/750x0\/filters:quality(100)\/arc-anglerfish-arc2-prod-infobae.s3.amazonaws.com\/public\/37TBVP6IZZBIBL43ZGB7YDETPQ.jpg\"  title=\"El dif\u00edcil y r\u00e1pido camino de oficialismo a oposici\u00f3n: transici\u00f3n y disputas dom\u00e9sticas\" \/><\/p>\n<\/div><figcaption class=\"\"><span class=\"credit\">Elisa Carri\u00f3 junto a Mauricio Macri<\/span><\/figcaption><\/figure>\n<\/div>\n<div class=\"row pb-content-type-text\">\n<div class=\"col-xs-12 col-print-12\">\n<p class=\"element element-paragraph\">Esos ajustes en el interior de cada franja de Cambiemos deber\u00edan reflejarse sin demora en la resoluci\u00f3n de asuntos pr\u00e1cticos inmediatos, desde la definici\u00f3n de los dirigentes propuestos para los cargos en organismos de control que corresponden a la primera fuerza de oposici\u00f3n, como la\u00a0<b>Auditor\u00eda General de la Naci\u00f3n, hasta las autoridades de bloques y vicepresidencias de las c\u00e1maras.<\/b><\/p>\n<\/div>\n<\/div>\n<div class=\"row pb-content-type-text\">\n<div class=\"col-xs-12 col-print-12\">\n<p class=\"element element-paragraph\">En Diputados, tal vez el primer cambio sea que el interbloque de Cambiemos no estar\u00eda en manos de la UCR sino del PRO, por tratarse del bloque con mayor n\u00famero de bancas.\u00a0<b>Suena Cristian Ritondo<\/b>, imaginado para la titularidad de la C\u00e1mara en la hip\u00f3tesis de un triunfo nacional. En el espacio radical,\u00a0<b>Mario Negri apuesta a su reelecci\u00f3n<\/b>\u00a0<b>y habr\u00e1 que ver c\u00f3mo se resuelve el asunto con el mendocino Cornejo<\/b>, que seguir\u00eda al frente del Comit\u00e9 Nacional. El cordob\u00e9s cuenta a su favor con el trabajo hecho al frente de la bancada, con un amplio tejido que lo sostendr\u00eda otra vez.\u00a0<b>En el Senado, la mayor\u00eda del interbloque seguir\u00e1 en manos radicales y all\u00ed transitar\u00eda firme Luis Naidenoff<\/b>.<\/p>\n<\/div>\n<\/div>\n<div class=\"row pb-content-type-text\">\n<div class=\"col-xs-12 col-print-12\">\n<p class=\"element element-paragraph\">La necesidad de mantener el frente sin fisuras asoma vital en el Congreso en especial en Diputados, donde continuar\u00e1 siendo primera minor\u00eda.\u00a0<b>Ser\u00e1 su principal lugar de negociaci\u00f3n y exposici\u00f3n nacional en el nuevo juego de poder<\/b>. Algo similar ocurre en Buenos Aires y lo ha expuesto Vidal ante los legisladores provinciales con los que se reuni\u00f3n en los \u00faltimos d\u00edas. No descartan all\u00ed alg\u00fan salto a la otra orilla, pero de todos modos el bloque es fuerte en Diputados y domina el Senado.<\/p>\n<\/div>\n<\/div>\n<div class=\"row pb-content-type-text\">\n<div class=\"col-xs-12 col-print-12\">\n<p class=\"element element-paragraph\">Esas son las tareas que deber\u00edan ser resueltas a buen ritmo, es decir, antes del traspaso del mando. La cuesti\u00f3n de fondo, la org\u00e1nica de Cambiemos, sigue pendiente.<b>\u00a0Pero a diferencia de agosto, el resultado electoral de octubre parece sostener la mesa en que se jugar\u00edan las cartas<\/b>.<\/p>\n<p class=\"element element-paragraph\">Fuente:<a href=\"https:\/\/www.infobae.com\/?noredirect\"> Infobae.com<\/a><\/p>\n<\/div>\n<\/div>","protected":false},"excerpt":{"rendered":"<p>La s\u00edntesis de las tareas que enfrenta el oficialismo mientras se va despidiendo del poder est\u00e1 impuesta por el calendario y por una especie de revitalizado tono pol\u00edtico:\u00a0garantizar una transici\u00f3n ordenada y resolver las internas \u2013funcionales y de fondo- para la vuelta al llano. Buena parte de ese doble objetivo tiene fecha marcada. De aqu\u00ed [&hellip;]<\/p>\n","protected":false},"author":4,"featured_media":0,"comment_status":"open","ping_status":"open","sticky":false,"template":"","format":"standard","meta":{"site-sidebar-layout":"default","site-content-layout":"","ast-site-content-layout":"default","site-content-style":"default","site-sidebar-style":"default","ast-global-header-display":"","ast-banner-title-visibility":"","ast-main-header-display":"","ast-hfb-above-header-display":"","ast-hfb-below-header-display":"","ast-hfb-mobile-header-display":"","site-post-title":"","ast-breadcrumbs-content":"","ast-featured-img":"","footer-sml-layout":"","ast-disable-related-posts":"","theme-transparent-header-meta":"","adv-header-id-meta":"","stick-header-meta":"","header-above-stick-meta":"","header-main-stick-meta":"","header-below-stick-meta":"","astra-migrate-meta-layouts":"default","ast-page-background-enabled":"default","ast-page-background-meta":{"desktop":{"background-color":"","background-image":"","background-repeat":"repeat","background-position":"center center","background-size":"auto","background-attachment":"scroll","background-type":"","background-media":"","overlay-type":"","overlay-color":"","overlay-opacity":"","overlay-gradient":""},"tablet":{"background-color":"","background-image":"","background-repeat":"repeat","background-position":"center center","background-size":"auto","background-attachment":"scroll","background-type":"","background-media":"","overlay-type":"","overlay-color":"","overlay-opacity":"","overlay-gradient":""},"mobile":{"background-color":"","background-image":"","background-repeat":"repeat","background-position":"center center","background-size":"auto","background-attachment":"scroll","background-type":"","background-media":"","overlay-type":"","overlay-color":"","overlay-opacity":"","overlay-gradient":""}},"ast-content-background-meta":{"desktop":{"background-color":"var(--ast-global-color-5)","background-image":"","background-repeat":"repeat","background-position":"center center","background-size":"auto","background-attachment":"scroll","background-type":"","background-media":"","overlay-type":"","overlay-color":"","overlay-opacity":"","overlay-gradient":""},"tablet":{"background-color":"var(--ast-global-color-5)","background-image":"","background-repeat":"repeat","background-position":"center center","background-size":"auto","background-attachment":"scroll","background-type":"","background-media":"","overlay-type":"","overlay-color":"","overlay-opacity":"","overlay-gradient":""},"mobile":{"background-color":"var(--ast-global-color-5)","background-image":"","background-repeat":"repeat","background-position":"center center","background-size":"auto","background-attachment":"scroll","background-type":"","background-media":"","overlay-type":"","overlay-color":"","overlay-opacity":"","overlay-gradient":""}},"footnotes":""},"categories":[25],"tags":[],"class_list":["post-36551","post","type-post","status-publish","format-standard","hentry","category-destacado"],"spectra_blocks_featured_image_url":null,"spectra_blocks_author_info":{"display_name":"Facundo Novillo","avatar_url":"https:\/\/secure.gravatar.com\/avatar\/09745bc65ce6bf84291d6515d5f759c04b4fce4f329b8a975a8ac2982b552d3e?s=96&d=mm&r=g","author_link":"https:\/\/100xd.com.ar\/es\/author\/facundo\/","description":""},"_links":{"self":[{"href":"https:\/\/100xd.com.ar\/es\/wp-json\/wp\/v2\/posts\/36551","targetHints":{"allow":["GET"]}}],"collection":[{"href":"https:\/\/100xd.com.ar\/es\/wp-json\/wp\/v2\/posts"}],"about":[{"href":"https:\/\/100xd.com.ar\/es\/wp-json\/wp\/v2\/types\/post"}],"author":[{"embeddable":true,"href":"https:\/\/100xd.com.ar\/es\/wp-json\/wp\/v2\/users\/4"}],"replies":[{"embeddable":true,"href":"https:\/\/100xd.com.ar\/es\/wp-json\/wp\/v2\/comments?post=36551"}],"version-history":[{"count":2,"href":"https:\/\/100xd.com.ar\/es\/wp-json\/wp\/v2\/posts\/36551\/revisions"}],"predecessor-version":[{"id":36554,"href":"https:\/\/100xd.com.ar\/es\/wp-json\/wp\/v2\/posts\/36551\/revisions\/36554"}],"wp:attachment":[{"href":"https:\/\/100xd.com.ar\/es\/wp-json\/wp\/v2\/media?parent=36551"}],"wp:term":[{"taxonomy":"category","embeddable":true,"href":"https:\/\/100xd.com.ar\/es\/wp-json\/wp\/v2\/categories?post=36551"},{"taxonomy":"post_tag","embeddable":true,"href":"https:\/\/100xd.com.ar\/es\/wp-json\/wp\/v2\/tags?post=36551"}],"curies":[{"name":"wp","href":"https:\/\/api.w.org\/{rel}","templated":true}]}}