{"id":35971,"date":"2019-09-09T14:39:57","date_gmt":"2019-09-09T17:39:57","guid":{"rendered":"http:\/\/www.100xd.com.ar\/?p=35971"},"modified":"2019-09-09T14:40:03","modified_gmt":"2019-09-09T17:40:03","slug":"el-gobierno-ratifico-los-debates-presidenciales-macri-intentara-polarizar-la-discusion-con-alberto-fernandez","status":"publish","type":"post","link":"https:\/\/100xd.com.ar\/es\/el-gobierno-ratifico-los-debates-presidenciales-macri-intentara-polarizar-la-discusion-con-alberto-fernandez\/","title":{"rendered":"El Gobierno ratific\u00f3 los debates presidenciales: Macri intentar\u00e1 polarizar la discusi\u00f3n con Alberto Fern\u00e1ndez"},"content":{"rendered":"<div class=\"row pb-content-type-text\">\n<div class=\"col-xs-12 col-print-12\">\n<p class=\"element element-paragraph\"><strong>Mauricio Macri no tiene previsto derogar los debates presidenciales obligatorios\u00a0<\/strong>y dise\u00f1a una estrategia medi\u00e1tica que implica concentrar todas sus participaciones en cuestionar la plataforma electoral del candidato Alberto Fern\u00e1ndez y las consecuencias judiciales, econ\u00f3micas e internacionales del gobierno de Cristina Fern\u00e1ndez de Kirchner, que ahora es candidata a vicepresidente del Frente de Todos.<\/p>\n<\/div>\n<\/div>\n<div class=\"row pb-content-type-text\">\n<div class=\"col-xs-12 col-print-12\">\n<p class=\"element element-paragraph\">Macri enfrentar\u00e1 a Fern\u00e1ndez, pero\u00a0<strong>en el debate presidencial tambi\u00e9n participar\u00e1n Roberto Lavagna (Consenso Federal), Jos\u00e9 Luis Espert (Frente Despertar), Nicol\u00e1s del Ca\u00f1o (Frente de Izquierda y de los Trabajadores) y Juan Jos\u00e9 G\u00f3mez Centuri\u00f3n (Frente Nos).<\/strong>\u00a0\u00a0<a href=\"https:\/\/www.infobae.com\/politica\/2019\/08\/09\/por-primera-vez-los-debates-presidenciales-seran-obligatorios-ya-se-definieron-las-fechas-y-los-lugares\/\" target=\"_blank\">Son dos\u00a0encuentros\u00a0que se har\u00e1n sucesivamente en Santa Fe y Ciudad de Buenos Aires<\/a>\u00a0el 13 y el 20 de octubre y se transmitir\u00e1n en vivo.<\/p>\n<\/div>\n<\/div>\n<div class=\"row pb-content-type-text\">\n<div class=\"col-xs-12 col-print-12\">\n<p class=\"element element-paragraph\">Sin embargo, Macri decidi\u00f3 ratificar la convocatoria y prepara una estrategia pol\u00edtica que intentar\u00e1 atenuar los ataques en simult\u00e1neo de toda la oposici\u00f3n electoral.\u00a0<strong>Esa estrategia ya es dise\u00f1ada por el jefe de Gabinete, Marcos Pe\u00f1a, y el gur\u00fa Jaime Dur\u00e1n Barba.\u00a0<\/strong><\/p>\n<\/div>\n<\/div>\n<div class=\"row pb-content-type-text\">\n<div class=\"col-xs-12 col-print-12\">\n<p class=\"element element-paragraph\"><strong>Al presidente no le preocupan los planteos ideol\u00f3gicos de Espert, G\u00f3mez Centuri\u00f3n y Del Ca\u00f1o. Considera que no habr\u00e1 r\u00e9dito pol\u00edtico en una respuesta constante a sus cuestionamientos electorales<\/strong>. Sabe qu\u00e9 dir\u00e1n y c\u00f3mo presentar\u00e1n sus cr\u00edticas al plan de ajuste que acord\u00f3 con el Fondo Monetario Internacional (FMI).<\/p>\n<\/div>\n<\/div>\n<div class=\"row pb-content-type-text\">\n<div id=\"\" class=\"wrapper clearfix pb-feature pb-layout-item pb-f-ads-dfp left-align\">\n<div id=\"inline\" class=\"ad-slot\">\n<div id=\"inline_ad\" data-google-query-id=\"CNvu8LujxOQCFUVgwQodYjsMgA\">\n<div id=\"google_ads_iframe_\/1058609\/infobae\/politica\/nota\/inline_0__container__\"><iframe id=\"google_ads_iframe_\/1058609\/infobae\/politica\/nota\/inline_0\" title=\"3rd party ad content\" name=\"google_ads_iframe_\/1058609\/infobae\/politica\/nota\/inline_0\" width=\"1\" height=\"1\" frameborder=\"0\" marginwidth=\"0\" marginheight=\"0\" scrolling=\"no\" data-google-container-id=\"6\" data-load-complete=\"true\"><\/iframe><\/div>\n<\/div>\n<\/div>\n<\/div>\n<div class=\"col-xs-12 col-print-12\">\n<p class=\"element element-paragraph\"><strong>Macri solo se preocupar\u00e1 de Alberto Fern\u00e1ndez<\/strong>\u00a0y ajustar\u00e1 su l\u00ednea argumental a las declaraciones period\u00edsticas de su adversario presidencial y a las consecuencias institucionales de los ocho a\u00f1os de Cristina Fern\u00e1ndez de Kirchner en la Casa Rosada.<\/p>\n<\/div>\n<\/div>\n<div class=\"row pb-content-type-image\">\n<figure class=\"element element-image col-xs-12\">\n<div class=\"single-image\">\n<div class=\"shares\"><\/div>\n<p><img decoding=\"async\" id=\"F74S7H56JNBTJD3BQ5JW3ZXDKI\" class=\"image-lazy\" src=\"https:\/\/www.infobae.com\/new-resizer\/puHUfdSKOIBhZlvDC5928bNSOMg=\/750x0\/filters:quality(100)\/s3.amazonaws.com\/arc-wordpress-client-uploads\/infobae-wp\/wp-content\/uploads\/2019\/08\/07212054\/acto-Cristina-Kirchner-y-Alberto-Fernandez-en-Rosario-Frente-de-Todos-7.jpg\" alt=\"Alberto Fern\u00e1ndez y Cristina Fern\u00e1ndez de Kirchner, la f\u00f3rmula presidencial del Frente de Todos\" width=\"750\" height=\"421.875\" data-url=\"https:\/\/www.infobae.com\/politica\/2019\/09\/09\/el-gobierno-ratifico-los-debates-presidenciales-macri-intentara-polarizar-la-discusion-con-alberto-fernandez\/%23F74S7H56JNBTJD3BQ5JW3ZXDKI\" data-original=\"https:\/\/www.infobae.com\/new-resizer\/puHUfdSKOIBhZlvDC5928bNSOMg=\/750x0\/filters:quality(100)\/s3.amazonaws.com\/arc-wordpress-client-uploads\/infobae-wp\/wp-content\/uploads\/2019\/08\/07212054\/acto-Cristina-Kirchner-y-Alberto-Fernandez-en-Rosario-Frente-de-Todos-7.jpg\"  title=\"El Gobierno ratific\u00f3 los debates presidenciales: Macri intentar\u00e1 polarizar la discusi\u00f3n con Alberto Fern\u00e1ndez\" \/><\/p>\n<\/div><figcaption class=\"\"><span class=\"credit\">Alberto Fern\u00e1ndez y Cristina Fern\u00e1ndez de Kirchner, la f\u00f3rmula presidencial del Frente de Todos<\/span><\/figcaption><\/figure>\n<\/div>\n<div class=\"row pb-content-type-text\">\n<div class=\"col-xs-12 col-print-12\">\n<p class=\"element element-paragraph\"><strong>En este sentido, el presidente avanzar\u00e1 sobre su adversario pol\u00edtico haciendo referencia a sus comentarios sobre Venezuela, las multinacionales del petr\u00f3leo, la funci\u00f3n del FMI y las actuales relaciones entre Argentina y Estados Unidos.<\/strong><\/p>\n<\/div>\n<\/div>\n<div class=\"row pb-content-type-text\">\n<div class=\"col-xs-12 col-print-12\">\n<p class=\"element element-paragraph\"><strong>Durante su gira por Espa\u00f1a y Portugal,\u00a0<a href=\"https:\/\/www.infobae.com\/politica\/2019\/09\/07\/alberto-fernandez-cerro-la-gira-en-la-que-busco-mostrar-pragmatismo-moderacion-y-cercania-al-progresismo-europeo\/\" target=\"_blank\">el candidato Fern\u00e1ndez propuso un cambio paradigm\u00e1tico respecto a la posici\u00f3n que exhibe Macri en estos temas de la agenda global y local.<\/a><\/strong>\u00a0Y precisamente, a partir de la confrontaci\u00f3n de ideas diferentes, el presidente alinear\u00e1 su discurso en los dos debates obligatorios.<\/p>\n<\/div>\n<\/div>\n<div class=\"row pb-content-type-text\">\n<div class=\"col-xs-12 col-print-12\">\n<p class=\"element element-paragraph\">Al margen de la situaci\u00f3n econ\u00f3mica y financiera de la Argentina, que beneficiar\u00e1 a la oposici\u00f3n en los debates presidenciales, Macri tiene una preocupaci\u00f3n extra respecto a Fern\u00e1ndez: el candidato presidencial de la oposici\u00f3n es un cuadro pol\u00edtico muy formado y con\u00a0<strong>probada capacidad oratoria<\/strong>.\u00a0<strong>&#8220;Con Scioli fue distinto&#8221;<\/strong>, reconocieron a Infobae en el primer piso de Balcarce 50.<\/p>\n<p class=\"element element-paragraph\">Fuente:<a href=\"https:\/\/www.infobae.com\/?noredirect\"> Infobae.com<\/a><\/p>\n<\/div>\n<\/div>","protected":false},"excerpt":{"rendered":"<p>Mauricio Macri no tiene previsto derogar los debates presidenciales obligatorios\u00a0y dise\u00f1a una estrategia medi\u00e1tica que implica concentrar todas sus participaciones en cuestionar la plataforma electoral del candidato Alberto Fern\u00e1ndez y las consecuencias judiciales, econ\u00f3micas e internacionales del gobierno de Cristina Fern\u00e1ndez de Kirchner, que ahora es candidata a vicepresidente del Frente de Todos. Macri enfrentar\u00e1 [&hellip;]<\/p>\n","protected":false},"author":4,"featured_media":0,"comment_status":"open","ping_status":"open","sticky":false,"template":"","format":"standard","meta":{"site-sidebar-layout":"default","site-content-layout":"","ast-site-content-layout":"default","site-content-style":"default","site-sidebar-style":"default","ast-global-header-display":"","ast-banner-title-visibility":"","ast-main-header-display":"","ast-hfb-above-header-display":"","ast-hfb-below-header-display":"","ast-hfb-mobile-header-display":"","site-post-title":"","ast-breadcrumbs-content":"","ast-featured-img":"","footer-sml-layout":"","ast-disable-related-posts":"","theme-transparent-header-meta":"","adv-header-id-meta":"","stick-header-meta":"","header-above-stick-meta":"","header-main-stick-meta":"","header-below-stick-meta":"","astra-migrate-meta-layouts":"default","ast-page-background-enabled":"default","ast-page-background-meta":{"desktop":{"background-color":"","background-image":"","background-repeat":"repeat","background-position":"center center","background-size":"auto","background-attachment":"scroll","background-type":"","background-media":"","overlay-type":"","overlay-color":"","overlay-opacity":"","overlay-gradient":""},"tablet":{"background-color":"","background-image":"","background-repeat":"repeat","background-position":"center center","background-size":"auto","background-attachment":"scroll","background-type":"","background-media":"","overlay-type":"","overlay-color":"","overlay-opacity":"","overlay-gradient":""},"mobile":{"background-color":"","background-image":"","background-repeat":"repeat","background-position":"center center","background-size":"auto","background-attachment":"scroll","background-type":"","background-media":"","overlay-type":"","overlay-color":"","overlay-opacity":"","overlay-gradient":""}},"ast-content-background-meta":{"desktop":{"background-color":"var(--ast-global-color-5)","background-image":"","background-repeat":"repeat","background-position":"center center","background-size":"auto","background-attachment":"scroll","background-type":"","background-media":"","overlay-type":"","overlay-color":"","overlay-opacity":"","overlay-gradient":""},"tablet":{"background-color":"var(--ast-global-color-5)","background-image":"","background-repeat":"repeat","background-position":"center center","background-size":"auto","background-attachment":"scroll","background-type":"","background-media":"","overlay-type":"","overlay-color":"","overlay-opacity":"","overlay-gradient":""},"mobile":{"background-color":"var(--ast-global-color-5)","background-image":"","background-repeat":"repeat","background-position":"center center","background-size":"auto","background-attachment":"scroll","background-type":"","background-media":"","overlay-type":"","overlay-color":"","overlay-opacity":"","overlay-gradient":""}},"footnotes":""},"categories":[25],"tags":[],"class_list":["post-35971","post","type-post","status-publish","format-standard","hentry","category-destacado"],"spectra_blocks_featured_image_url":null,"spectra_blocks_author_info":{"display_name":"Facundo Novillo","avatar_url":"https:\/\/secure.gravatar.com\/avatar\/09745bc65ce6bf84291d6515d5f759c04b4fce4f329b8a975a8ac2982b552d3e?s=96&d=mm&r=g","author_link":"https:\/\/100xd.com.ar\/es\/author\/facundo\/","description":""},"_links":{"self":[{"href":"https:\/\/100xd.com.ar\/es\/wp-json\/wp\/v2\/posts\/35971","targetHints":{"allow":["GET"]}}],"collection":[{"href":"https:\/\/100xd.com.ar\/es\/wp-json\/wp\/v2\/posts"}],"about":[{"href":"https:\/\/100xd.com.ar\/es\/wp-json\/wp\/v2\/types\/post"}],"author":[{"embeddable":true,"href":"https:\/\/100xd.com.ar\/es\/wp-json\/wp\/v2\/users\/4"}],"replies":[{"embeddable":true,"href":"https:\/\/100xd.com.ar\/es\/wp-json\/wp\/v2\/comments?post=35971"}],"version-history":[{"count":2,"href":"https:\/\/100xd.com.ar\/es\/wp-json\/wp\/v2\/posts\/35971\/revisions"}],"predecessor-version":[{"id":35974,"href":"https:\/\/100xd.com.ar\/es\/wp-json\/wp\/v2\/posts\/35971\/revisions\/35974"}],"wp:attachment":[{"href":"https:\/\/100xd.com.ar\/es\/wp-json\/wp\/v2\/media?parent=35971"}],"wp:term":[{"taxonomy":"category","embeddable":true,"href":"https:\/\/100xd.com.ar\/es\/wp-json\/wp\/v2\/categories?post=35971"},{"taxonomy":"post_tag","embeddable":true,"href":"https:\/\/100xd.com.ar\/es\/wp-json\/wp\/v2\/tags?post=35971"}],"curies":[{"name":"wp","href":"https:\/\/api.w.org\/{rel}","templated":true}]}}