{"id":35627,"date":"2019-08-14T14:38:35","date_gmt":"2019-08-14T17:38:35","guid":{"rendered":"http:\/\/www.100xd.com.ar\/?p=35627"},"modified":"2019-08-14T14:38:43","modified_gmt":"2019-08-14T17:38:43","slug":"dos-hombres-ante-dos-crisis","status":"publish","type":"post","link":"https:\/\/100xd.com.ar\/es\/dos-hombres-ante-dos-crisis\/","title":{"rendered":"Dos hombres ante dos crisis"},"content":{"rendered":"<p class=\"capital\">La\u00a0<b>crisis<\/b>\u00a0no es solo econ\u00f3mica, tambi\u00e9n es pol\u00edtica. M\u00e1s a\u00fan: la\u00a0<b>crisis econ\u00f3mica<\/b>\u00a0estall\u00f3 porque existe una\u00a0<b>crisis pol\u00edtica<\/b>. Hay un gobierno que tiene mandato hasta el 10 de diciembre y no habr\u00e1 gobierno electo hasta, por lo menos,\u00a0<b>el 27 de octubre<\/b>. Hay un presidente que ha perdido abrumadoramente una<b>elecci\u00f3n<\/b>\u00a0que no eligi\u00f3 a nadie. Y hay un\u00a0<b>candidato a presidente\u00a0<\/b>que gan\u00f3 esa elecci\u00f3n de manera arrasadora, pero no ha sido elegido todav\u00eda.<\/p>\n<p>La econom\u00eda argentina dej\u00f3 de ser saludable desde que se abandon\u00f3 la disciplina de los super\u00e1vits gemelos: el comercial y el fiscal. O desde que la soja dej\u00f3 de cotizarse a m\u00e1s de 500 d\u00f3lares la tonelada. Eso sucedi\u00f3 hace mucho tiempo. Desde entonces, bascula entre la emisi\u00f3n de moneda falsa, sin respaldo genuino de reservas, o el endeudamiento.<\/p>\n<p>N\u00e9stor Kirchner prefer\u00eda endeudarse no con el Fondo Monetario, sino con los car\u00edsimos pr\u00e9stamos del entonces potentado Hugo Ch\u00e1vez. Su esposa eligi\u00f3 la emisi\u00f3n monetaria, tal vez porque ya entonces el pa\u00eds estaba fuera de los mercados financieros internacionales.\u00a0<b>Macri<\/b>\u00a0regres\u00f3 al endeudamiento para financiar el enorme d\u00e9ficit fiscal heredado, mientras lo reduc\u00eda gradualmente. Pero termin\u00f3 en manos del Fondo Monetario, que le reclam\u00f3 un duro plan de ajuste. Ese fue el plan rechazado el domingo pasado por una inmensa mayor\u00eda de la sociedad. La Argentina, en fin, no pierde nunca la oportunidad de construir crisis gemelas: pol\u00edtica y econ\u00f3mica.<\/p>\n<p>La pregunta, que nadie responde por ahora, es c\u00f3mo seguir\u00e1 el pa\u00eds hasta diciembre (o hasta octubre) en semejantes condiciones, cuando el d\u00f3lar ronda los 60 pesos, el riesgo pa\u00eds aument\u00f3 satelitalmente y las acciones y los bonos argentinos se desplomaron. Cay\u00f3 todo lo que deb\u00eda subir y subi\u00f3 todo lo que deb\u00eda caer. La econom\u00eda se paraliz\u00f3 abruptamente. Nadie vende, nadie compra. Salvo lo esencial. El Gobierno tiene raz\u00f3n cuando dice que el viernes pasado los mercados eligieron a Macri porque hab\u00edan le\u00eddo las \u00faltimas encuestas, todas equivocadas, muy favorables al Gobierno, aunque siempre perdiendo. Y que el lunes votaron contra los ganadores del domingo por el derrumbe general. El kirchnerismo culpa a Macri de la crisis de los mercados. Como dice Juan Carlos de Pablo, si la reacci\u00f3n de los mercados fuera contra Macri, la crisis cambiaria y burs\u00e1til se hubiera producido el viernes, no el lunes. Sea como sea, el obst\u00e1culo de Macri es que no son los mercados lo que eligen a un presidente, sino la sociedad de su pa\u00eds. La crisis pol\u00edtica no ofrece soluciones buenas. El Presidente sigue siendo candidato.<b>Alberto Fern\u00e1ndez<\/b>\u00a0es, a su vez, un candidato ampliamente ganador, pero no es presidente electo. Si se mira la trayectoria de Macri, es un pol\u00edtico que nunca se dio por vencido antes de ser definitivamente vencido. La perspectiva de revertir en octubre los resultados del domingo, para usar otra vez una f\u00f3rmula de De Pablo, es posible, pero poco probable. El Presidente necesita crecer tres o cuatro puntos, pero requiere tambi\u00e9n que Alberto caiga unos tres puntos por lo menos.<\/p>\n<p>Macri, en efecto, puede crecer si es que la crisis no se profundiza. Cuando se termina la cuenta del d\u00eda, el jefe del gobierno es \u00e9l y la responsabilidad caer\u00e1 sobre su cabeza para amplios sectores sociales. Es probable que un porcentaje importante de votos de Roberto Lavagna y casi todos los de Jos\u00e9 Luis Espert y Juan Jos\u00e9 G\u00f3mez Centuri\u00f3n (magros en los tres casos) vayan en octubre hacia Macri. Los votos del exterior, que en las primarias no existieron, pero existir\u00e1n en la primera vuelta, tambi\u00e9n podr\u00edan beneficiarlo. No debe descartarse una mayor afluencia de votantes, la mayor\u00eda a favor del Presidente.<\/p>\n<div id=\"modalOverlay\"><\/div>\n<figure id=\"figure_3076165\" class=\"L epigrafe\" data-is=\"imagen\"><picture><source srcset=\"\/\/bucket2.glanacion.com\/anexos\/fotos\/65\/3076165w740.jpg\" media=\"(min-width: 768px)\" \/><source srcset=\"\/\/bucket2.glanacion.com\/anexos\/fotos\/65\/3076165w768.jpg\" media=\"(min-width: 380px)\" \/><img decoding=\"async\" src=\"https:\/\/bucket2.glanacion.com\/anexos\/fotos\/65\/3076165w380.jpg\" alt=\"Mauricio Macri y Alberto Fern\u00e1ndez\"  title=\"Dos hombres ante dos crisis\" \/><\/picture><figcaption>Mauricio Macri y Alberto Fern\u00e1ndez\u00a0<span class=\"fuente\">Fuente: LA NACION<\/span><\/figcaption><\/figure>\n<p>La \u00fanica ecuaci\u00f3n dif\u00edcil de concretarse es que Alberto tenga un porcentaje menor que el que sac\u00f3 el domingo. \u00c9l necesita solo conseguir el 45 por ciento de los votos para ser presidente. Cosech\u00f3 casi tres puntos m\u00e1s que los necesarios. \u00bfPor qu\u00e9 los perder\u00eda? Daniel Scioli consigui\u00f3 en la segunda vuelta de 2015 apenas un punto m\u00e1s que Alberto el domingo pasado. Fern\u00e1ndez est\u00e1 conservando casi todos los votos de Scioli. Macri perdi\u00f3 18 puntos con respecto a esa misma elecci\u00f3n. Esos n\u00fameros son los que convierten la reversi\u00f3n de los resultados del domingo en posibles, pero poco probables para Macri.<\/p>\n<p>El c\u00edrculo rojo de empresarios, banqueros y financistas desespera. \u00bfCu\u00e1n grande ser\u00e1 la inestabilidad? \u00bfHasta cu\u00e1ndo se extender\u00e1? Ninguna idea surgida de esa cantera es viable. Macri deber\u00eda cambiar el gabinete, dicen. Setenta d\u00edas hasta el \u00faltimo domingo de octubre es una eternidad para la pol\u00edtica. Pero es, al mismo tiempo, demasiado escaso para modificar la pol\u00edtica fundamental y, sobre todo, para que se vean sus resultados. Los ofrecimientos tendr\u00edan muy poca aceptaci\u00f3n para un gobierno que est\u00e1 m\u00e1s cerca de terminar que de continuar. Macri deber\u00eda concentrarse ahora en hacer cosas concretas y dejar la campa\u00f1a para las v\u00edsperas electorales. Los sectores sociales sensibles ya tomaron nota de que los mercados, de aqu\u00ed y del exterior, desconf\u00edan de Cristina Kirchner m\u00e1s que de Alberto Fern\u00e1ndez. Es el recuerdo de Cristina lo que ahuyenta a los mercados. Si bien Alberto comenz\u00f3 a deslizar algunas frases para tranquilizar (no habr\u00e1 default, se honrar\u00e1n las deudas de la Naci\u00f3n, no seremos Venezuela), deber\u00eda hacerlo de manera m\u00e1s formal, tal vez en una conferencia de prensa. Pero es igualmente absurdo pedirle, como reclaman por lo bajo algunos miembros de ese c\u00edrculo rojo, que designe ahora un gabinete. No es presidente electo, no tiene cargo ni tiene cargos para distribuir. Ser\u00eda una irresponsabilidad. Cuando Fern\u00e1ndez rechaza esa idea, la raz\u00f3n lo asiste.<\/p>\n<p>A Macri le reprocharon no haber hecho una autocr\u00edtica en p\u00fablico. Es momento de recordar una frase de Felipe Gonz\u00e1lez: &#8220;Las autocr\u00edticas las hago en soledad. Las cr\u00edticas p\u00fablicas a m\u00ed es el trabajo de mis opositores. No voy a hacer el trabajo de ellos&#8221;. Macri piensa lo mismo, aunque no lo dice con la gracia de Felipe, sobre todo cuando comenz\u00f3 la temporada de hacer antimacrismo aun entre los que eran macristas hasta la tarde del domingo. La cuesti\u00f3n no versa sobre lo que dice (o no dice) en p\u00fablico, sino lo que haga de aqu\u00ed en m\u00e1s. Es evidente que prevaleci\u00f3 el voto econ\u00f3mico y que mucha gente est\u00e1 en una situaci\u00f3n muy mala. \u00bfFalt\u00f3 sensibilidad para saber hasta d\u00f3nde se pod\u00eda tensar la cuerda del ajuste? \u00bfLa carga impositiva, sumada a los aumentos de tarifas y a la escalada inflacionaria, molest\u00f3 hasta a la clase media otrora macrista? Es probable que todo eso haya ocurrido. La penuria de los sectores m\u00e1s pobres es una verdad incontrastable. Su enojo tiene raz\u00f3n. La clase media (una parte importante de ella abandon\u00f3 a Macri) es m\u00e1s sofisticada y exigente. Es menos fiel tambi\u00e9n. Macri deber\u00e1 responderles, posiblemente hoy, a los dos estamentos sociales.<\/p>\n<p>En el c\u00edrculo rojo hay de todo. Hay preocupaci\u00f3n genuina en algunos empresarios porque sus empresas perdieron valor, porque no venden y porque deben seguir pagando salarios. Hay otros empresarios que confiesan abiertamente haber vivido mejor con Cristina Kirchner. No faltan los que preferir\u00edan un gobierno que ponga en duda el acuerdo de libre comercio con la Uni\u00f3n Europea. No les gusta la competencia. Nunca la practicaron. Y tambi\u00e9n influyen los que figuraron en los cuadernos del chofer Oscar Centeno. Imaginan un tiempo sin arrepentimientos judiciales. Hay banqueros enojados con Macri y hay otros muy cercanos a \u00e9l.<\/p>\n<p>Macri debe cuidar que una escalada de la crisis no termine por avivar un incendio cerca suyo. Alberto debe cuidar que no aparezca ese viejo instinto del peronismo de voltear a un presidente no peronista en cuanto lo ve d\u00e9bil. Ya dijo que Macri debe terminar su mandato. Pero deber\u00eda hacer algo m\u00e1s entre peronistas, reservado tal vez, para frenar cualquier intento de desestabilizaci\u00f3n. La crisis pol\u00edtica debe reducir su intensidad para serenar la econom\u00eda. Los caminos no son muchos, pero dos crisis simult\u00e1neas son insoportables para cualquier sociedad.<\/p>\n<div class=\"firma\">Por:\u00a0<a href=\"https:\/\/www.lanacion.com.ar\/autor\/joaquin-morales-sola-51\">Joaqu\u00edn Morales Sol\u00e1<\/a><\/div>\n<div class=\"firma\"><\/div>\n<div class=\"firma\">Fuente:<a href=\"https:\/\/www.lanacion.com.ar\/\"> La Nacion\u00a0 <\/a>\u00a0 \u00a0 \u00a0Joaquin Morales Sola<\/div>","protected":false},"excerpt":{"rendered":"<p>La\u00a0crisis\u00a0no es solo econ\u00f3mica, tambi\u00e9n es pol\u00edtica. M\u00e1s a\u00fan: la\u00a0crisis econ\u00f3mica\u00a0estall\u00f3 porque existe una\u00a0crisis pol\u00edtica. Hay un gobierno que tiene mandato hasta el 10 de diciembre y no habr\u00e1 gobierno electo hasta, por lo menos,\u00a0el 27 de octubre. Hay un presidente que ha perdido abrumadoramente unaelecci\u00f3n\u00a0que no eligi\u00f3 a nadie. Y hay un\u00a0candidato a presidente\u00a0que [&hellip;]<\/p>\n","protected":false},"author":4,"featured_media":0,"comment_status":"open","ping_status":"open","sticky":false,"template":"","format":"standard","meta":{"site-sidebar-layout":"default","site-content-layout":"","ast-site-content-layout":"default","site-content-style":"default","site-sidebar-style":"default","ast-global-header-display":"","ast-banner-title-visibility":"","ast-main-header-display":"","ast-hfb-above-header-display":"","ast-hfb-below-header-display":"","ast-hfb-mobile-header-display":"","site-post-title":"","ast-breadcrumbs-content":"","ast-featured-img":"","footer-sml-layout":"","ast-disable-related-posts":"","theme-transparent-header-meta":"","adv-header-id-meta":"","stick-header-meta":"","header-above-stick-meta":"","header-main-stick-meta":"","header-below-stick-meta":"","astra-migrate-meta-layouts":"default","ast-page-background-enabled":"default","ast-page-background-meta":{"desktop":{"background-color":"","background-image":"","background-repeat":"repeat","background-position":"center center","background-size":"auto","background-attachment":"scroll","background-type":"","background-media":"","overlay-type":"","overlay-color":"","overlay-opacity":"","overlay-gradient":""},"tablet":{"background-color":"","background-image":"","background-repeat":"repeat","background-position":"center center","background-size":"auto","background-attachment":"scroll","background-type":"","background-media":"","overlay-type":"","overlay-color":"","overlay-opacity":"","overlay-gradient":""},"mobile":{"background-color":"","background-image":"","background-repeat":"repeat","background-position":"center center","background-size":"auto","background-attachment":"scroll","background-type":"","background-media":"","overlay-type":"","overlay-color":"","overlay-opacity":"","overlay-gradient":""}},"ast-content-background-meta":{"desktop":{"background-color":"var(--ast-global-color-5)","background-image":"","background-repeat":"repeat","background-position":"center center","background-size":"auto","background-attachment":"scroll","background-type":"","background-media":"","overlay-type":"","overlay-color":"","overlay-opacity":"","overlay-gradient":""},"tablet":{"background-color":"var(--ast-global-color-5)","background-image":"","background-repeat":"repeat","background-position":"center center","background-size":"auto","background-attachment":"scroll","background-type":"","background-media":"","overlay-type":"","overlay-color":"","overlay-opacity":"","overlay-gradient":""},"mobile":{"background-color":"var(--ast-global-color-5)","background-image":"","background-repeat":"repeat","background-position":"center center","background-size":"auto","background-attachment":"scroll","background-type":"","background-media":"","overlay-type":"","overlay-color":"","overlay-opacity":"","overlay-gradient":""}},"footnotes":""},"categories":[12],"tags":[],"class_list":["post-35627","post","type-post","status-publish","format-standard","hentry","category-opinion"],"spectra_blocks_featured_image_url":null,"spectra_blocks_author_info":{"display_name":"Facundo Novillo","avatar_url":"https:\/\/secure.gravatar.com\/avatar\/09745bc65ce6bf84291d6515d5f759c04b4fce4f329b8a975a8ac2982b552d3e?s=96&d=mm&r=g","author_link":"https:\/\/100xd.com.ar\/es\/author\/facundo\/","description":""},"_links":{"self":[{"href":"https:\/\/100xd.com.ar\/es\/wp-json\/wp\/v2\/posts\/35627","targetHints":{"allow":["GET"]}}],"collection":[{"href":"https:\/\/100xd.com.ar\/es\/wp-json\/wp\/v2\/posts"}],"about":[{"href":"https:\/\/100xd.com.ar\/es\/wp-json\/wp\/v2\/types\/post"}],"author":[{"embeddable":true,"href":"https:\/\/100xd.com.ar\/es\/wp-json\/wp\/v2\/users\/4"}],"replies":[{"embeddable":true,"href":"https:\/\/100xd.com.ar\/es\/wp-json\/wp\/v2\/comments?post=35627"}],"version-history":[{"count":2,"href":"https:\/\/100xd.com.ar\/es\/wp-json\/wp\/v2\/posts\/35627\/revisions"}],"predecessor-version":[{"id":35630,"href":"https:\/\/100xd.com.ar\/es\/wp-json\/wp\/v2\/posts\/35627\/revisions\/35630"}],"wp:attachment":[{"href":"https:\/\/100xd.com.ar\/es\/wp-json\/wp\/v2\/media?parent=35627"}],"wp:term":[{"taxonomy":"category","embeddable":true,"href":"https:\/\/100xd.com.ar\/es\/wp-json\/wp\/v2\/categories?post=35627"},{"taxonomy":"post_tag","embeddable":true,"href":"https:\/\/100xd.com.ar\/es\/wp-json\/wp\/v2\/tags?post=35627"}],"curies":[{"name":"wp","href":"https:\/\/api.w.org\/{rel}","templated":true}]}}