{"id":35525,"date":"2019-08-07T13:30:27","date_gmt":"2019-08-07T16:30:27","guid":{"rendered":"http:\/\/www.100xd.com.ar\/?p=35525"},"modified":"2019-08-07T13:30:32","modified_gmt":"2019-08-07T16:30:32","slug":"kicillof-apunto-a-vidal-se-dedico-a-defender-a-un-solo-bonaerense-que-es-mauricio-macri","status":"publish","type":"post","link":"https:\/\/100xd.com.ar\/es\/kicillof-apunto-a-vidal-se-dedico-a-defender-a-un-solo-bonaerense-que-es-mauricio-macri\/","title":{"rendered":"Kicillof apunt\u00f3 a Vidal: &#8220;Se dedic\u00f3 a defender a un solo bonaerense, que es Mauricio Macri&#8221;"},"content":{"rendered":"<p>A d\u00edas de las Primarias Abiertas Simult\u00e1neas y Obligatorias (PASO) del domingo 11 de agosto,\u00a0el precandidato a gobernador de la provincia de Buenos Aires\u00a0Axel Kicillof\u00a0agudiz\u00f3 su discurso de campa\u00f1a contra la actual mandataria,\u00a0Mar\u00eda Eugenia Vidal,\u00a0en relaci\u00f3n a su gesti\u00f3n y la crisis econ\u00f3mica. &#8220;Hay much\u00edsimo para hacer en materia de producci\u00f3n, empleo, educaci\u00f3n, ciencia y tecnolog\u00eda. Est\u00e1 todo vinculado&#8221;, explic\u00f3. &#8220;En estos cuatro a\u00f1os la gobernadora se dedic\u00f3 a defender a un solo bonaerense que es Mauricio Macri. Los dem\u00e1s bonaerenses han vivido la indiferencia o la ausencia del gobierno provincial&#8221;, lanz\u00f3 el actual diputado nacional durante un acto en la ciudad de La Plata, donde inaugur\u00f3 el\u00a0centro cultural\u00a0donde funcionar\u00e1 su\u00a0sede oficial\u00a0y brind\u00f3 una conferencia de prensa. PUBLICIDAD inRead invented by Teads El exministro de Econom\u00eda tambi\u00e9n aprovech\u00f3 para presentar\u00a0su libro\u00a0Radiograf\u00eda de la provincia de Buenos Aires. Crisis de un territorio en disputa en\u00a0la Facultad de Psicolog\u00eda de la Universidad Nacional de La Plata. Estuvo acompa\u00f1ado por los cinco precandidatos a intendentes del Frente de Todos; Florencia Saintout, Victoria Tolosa Paz, Luis Arias,\u00a0Guillermo Escudero y\u00a0Federico Martelli. All\u00ed denunci\u00f3 que hay una &#8220;campa\u00f1a sucia&#8221; que busca &#8220;correr el eje de la discusi\u00f3n sobre los temas que realmente importan a los bonaerenses&#8221;. &#8220;Hay una situaci\u00f3n muy grave que est\u00e1 viviendo la producci\u00f3n, el comercio, los peque\u00f1os productores rurales, el trabajador, los jubilados, los maestros. Le han deteriorado las condiciones de vida a los sectores populares de una manera fant\u00e1stica y a los sectores medios tambi\u00e9n los han perjudicado. De eso es lo que no quiere hablar la gobernadora&#8221;, ejemplific\u00f3 el postulante En ese sentido, Kicillof consider\u00f3 que &#8220;alguien que gobierna hace cuatro a\u00f1os ya no est\u00e1 en condiciones de no hacerse responsable de lo que est\u00e1 pasando&#8221;. &#8220;No pueden pasarse poniendo excusas, hablar de 28 a\u00f1os, de 70 a\u00f1os, despu\u00e9s de prometer todo lo que prometieron. Han dicho que el problema era el gobierno anterior y ahora para explicar la crisis dicen que la culpa es del gobierno que viene. Nunca se hacen cargo&#8221;, cuestion\u00f3. Por la tarde, el candidato mantuvo una reuni\u00f3n con el rector, el vicerector, decanos y directores de los colegios universitarios de La Plata, con el objetivo de avanzar en una agenda com\u00fan en materia educativa. Luego, present\u00f3 el libro\u00a0que escribi\u00f3 junto a Cecilia Rodr\u00edguez, Silvina Batakis y Pablo Manzanelli, entre otros, en el Aula Magna de Psicolog\u00eda.<\/p>\n<p>Fuente: <a href=\"https:\/\/www.perfil.com\/\">Perfil.com<\/a><\/p>","protected":false},"excerpt":{"rendered":"<p>A d\u00edas de las Primarias Abiertas Simult\u00e1neas y Obligatorias (PASO) del domingo 11 de agosto,\u00a0el precandidato a gobernador de la provincia de Buenos Aires\u00a0Axel Kicillof\u00a0agudiz\u00f3 su discurso de campa\u00f1a contra la actual mandataria,\u00a0Mar\u00eda Eugenia Vidal,\u00a0en relaci\u00f3n a su gesti\u00f3n y la crisis econ\u00f3mica. &#8220;Hay much\u00edsimo para hacer en materia de producci\u00f3n, empleo, educaci\u00f3n, ciencia y [&hellip;]<\/p>\n","protected":false},"author":4,"featured_media":0,"comment_status":"open","ping_status":"open","sticky":false,"template":"","format":"standard","meta":{"site-sidebar-layout":"default","site-content-layout":"","ast-site-content-layout":"default","site-content-style":"default","site-sidebar-style":"default","ast-global-header-display":"","ast-banner-title-visibility":"","ast-main-header-display":"","ast-hfb-above-header-display":"","ast-hfb-below-header-display":"","ast-hfb-mobile-header-display":"","site-post-title":"","ast-breadcrumbs-content":"","ast-featured-img":"","footer-sml-layout":"","ast-disable-related-posts":"","theme-transparent-header-meta":"","adv-header-id-meta":"","stick-header-meta":"","header-above-stick-meta":"","header-main-stick-meta":"","header-below-stick-meta":"","astra-migrate-meta-layouts":"default","ast-page-background-enabled":"default","ast-page-background-meta":{"desktop":{"background-color":"","background-image":"","background-repeat":"repeat","background-position":"center center","background-size":"auto","background-attachment":"scroll","background-type":"","background-media":"","overlay-type":"","overlay-color":"","overlay-opacity":"","overlay-gradient":""},"tablet":{"background-color":"","background-image":"","background-repeat":"repeat","background-position":"center center","background-size":"auto","background-attachment":"scroll","background-type":"","background-media":"","overlay-type":"","overlay-color":"","overlay-opacity":"","overlay-gradient":""},"mobile":{"background-color":"","background-image":"","background-repeat":"repeat","background-position":"center center","background-size":"auto","background-attachment":"scroll","background-type":"","background-media":"","overlay-type":"","overlay-color":"","overlay-opacity":"","overlay-gradient":""}},"ast-content-background-meta":{"desktop":{"background-color":"var(--ast-global-color-5)","background-image":"","background-repeat":"repeat","background-position":"center center","background-size":"auto","background-attachment":"scroll","background-type":"","background-media":"","overlay-type":"","overlay-color":"","overlay-opacity":"","overlay-gradient":""},"tablet":{"background-color":"var(--ast-global-color-5)","background-image":"","background-repeat":"repeat","background-position":"center center","background-size":"auto","background-attachment":"scroll","background-type":"","background-media":"","overlay-type":"","overlay-color":"","overlay-opacity":"","overlay-gradient":""},"mobile":{"background-color":"var(--ast-global-color-5)","background-image":"","background-repeat":"repeat","background-position":"center center","background-size":"auto","background-attachment":"scroll","background-type":"","background-media":"","overlay-type":"","overlay-color":"","overlay-opacity":"","overlay-gradient":""}},"footnotes":""},"categories":[2],"tags":[],"class_list":["post-35525","post","type-post","status-publish","format-standard","hentry","category-politica"],"spectra_blocks_featured_image_url":null,"spectra_blocks_author_info":{"display_name":"Facundo Novillo","avatar_url":"https:\/\/secure.gravatar.com\/avatar\/09745bc65ce6bf84291d6515d5f759c04b4fce4f329b8a975a8ac2982b552d3e?s=96&d=mm&r=g","author_link":"https:\/\/100xd.com.ar\/es\/author\/facundo\/","description":""},"_links":{"self":[{"href":"https:\/\/100xd.com.ar\/es\/wp-json\/wp\/v2\/posts\/35525","targetHints":{"allow":["GET"]}}],"collection":[{"href":"https:\/\/100xd.com.ar\/es\/wp-json\/wp\/v2\/posts"}],"about":[{"href":"https:\/\/100xd.com.ar\/es\/wp-json\/wp\/v2\/types\/post"}],"author":[{"embeddable":true,"href":"https:\/\/100xd.com.ar\/es\/wp-json\/wp\/v2\/users\/4"}],"replies":[{"embeddable":true,"href":"https:\/\/100xd.com.ar\/es\/wp-json\/wp\/v2\/comments?post=35525"}],"version-history":[{"count":1,"href":"https:\/\/100xd.com.ar\/es\/wp-json\/wp\/v2\/posts\/35525\/revisions"}],"predecessor-version":[{"id":35527,"href":"https:\/\/100xd.com.ar\/es\/wp-json\/wp\/v2\/posts\/35525\/revisions\/35527"}],"wp:attachment":[{"href":"https:\/\/100xd.com.ar\/es\/wp-json\/wp\/v2\/media?parent=35525"}],"wp:term":[{"taxonomy":"category","embeddable":true,"href":"https:\/\/100xd.com.ar\/es\/wp-json\/wp\/v2\/categories?post=35525"},{"taxonomy":"post_tag","embeddable":true,"href":"https:\/\/100xd.com.ar\/es\/wp-json\/wp\/v2\/tags?post=35525"}],"curies":[{"name":"wp","href":"https:\/\/api.w.org\/{rel}","templated":true}]}}