{"id":35372,"date":"2019-07-19T12:17:00","date_gmt":"2019-07-19T15:17:00","guid":{"rendered":"http:\/\/www.100xd.com.ar\/?p=35372"},"modified":"2019-07-19T12:24:16","modified_gmt":"2019-07-19T15:24:16","slug":"el-gremialista-que-le-disputa-afiliados-de-logistica-de-mercado-libre-a-moyano-la-relacion-con-la-empresa-es-excelente","status":"publish","type":"post","link":"https:\/\/100xd.com.ar\/es\/el-gremialista-que-le-disputa-afiliados-de-logistica-de-mercado-libre-a-moyano-la-relacion-con-la-empresa-es-excelente\/","title":{"rendered":"El gremialista que le disputa afiliados de log\u00edstica de Mercado Libre a Moyano: &#8220;La relaci\u00f3n con la empresa es excelente&#8221;"},"content":{"rendered":"<div class=\"row pb-content-type-text\">\n<div class=\"col-xs-12 col-print-12\">\n<p class=\"element element-paragraph\">Esta semana trascendieron los detalles del convenio colectivo de trabajo que Mercado Libre \u2013la empresa argentina de mayor\u00a0<em>market cap<\/em>, unos\u00a0USD 30.000 millones\u2013\u00a0<strong>firm\u00f3 para su nuevo centro de distribuci\u00f3n del Mercado Central con la Uni\u00f3n de Trabajadores de Carga y Descarga.<\/strong><\/p>\n<\/div>\n<\/div>\n<div class=\"row pb-content-type-text\">\n<div class=\"col-xs-12 col-print-12\">\n<p class=\"element element-paragraph\">Todo en medio de un contexto en el que el gremio de Camioneros, que conduce\u00a0<strong>la familia Moyano, disputa el encuadramiento de los trabajadores del Centro, aun en crecimiento, pero que ser\u00e1 vital para la distribuci\u00f3n de la principal plataforma de ecommerce del pa\u00eds.\u00a0<\/strong>Adem\u00e1s, impugnaron dicho acuerdo ante el ministerio de Producci\u00f3n y Trabajo, aunque la contraparte lo desmiente.<strong>\u00a0<\/strong><\/p>\n<\/div>\n<\/div>\n<div class=\"row pb-content-type-blockquote\">\n<div class=\"col-xs-12\">\n<blockquote class=\"element element-blockquote\"><p>\u00a0Lo de las 192 horas est\u00e1 hace 15 a\u00f1os en los convenios de la metalmec\u00e1nica, por ejemplo. En empresas como Toyota y General Motors; es la polivalencia (Vila)<\/p><\/blockquote>\n<\/div>\n<\/div>\n<div class=\"row pb-content-type-text\">\n<div class=\"col-xs-12 col-print-12\">\n<p class=\"element element-paragraph\"><strong>&#8220;No hay nada que negociar ni discutir&#8221;, le dijeron a Infobae desde la empresa<\/strong>. &#8220;Esta es una guerra del Gobierno contra Camioneros de la que participa Mercado Libre.\u00a0<strong>Si queremos que Mercado Libre no funcione, no funciona: les paramos todas las plantas y los env\u00edos.<\/strong>\u00a0Y no lo hacemos, no es la idea, pero no descartamos medidas de fuerza&#8221;, respondieron cerca de los Moyano.<\/p>\n<\/div>\n<\/div>\n<div class=\"row pb-content-type-image\">\n<div id=\"\" class=\"wrapper clearfix pb-feature pb-layout-item pb-f-ads-dfp left-align\">\n<div id=\"inline\" class=\"ad-slot\">\n<div id=\"inline_ad\" data-google-query-id=\"COqI4amiweMCFcRjwQodIMYNnA\">\n<div id=\"google_ads_iframe_\/1058609\/infobae\/economia\/finanzas_y_negocios\/nota\/inline_0__container__\"><iframe id=\"google_ads_iframe_\/1058609\/infobae\/economia\/finanzas_y_negocios\/nota\/inline_0\" title=\"3rd party ad content\" name=\"google_ads_iframe_\/1058609\/infobae\/economia\/finanzas_y_negocios\/nota\/inline_0\" width=\"1\" height=\"1\" frameborder=\"0\" marginwidth=\"0\" marginheight=\"0\" scrolling=\"no\" data-google-container-id=\"6\" data-load-complete=\"true\"><\/iframe><\/div>\n<\/div>\n<\/div>\n<\/div>\n<figure class=\"element element-image col-xs-12\">\n<div class=\"single-image\">\n<div class=\"shares\"><\/div>\n<p><img decoding=\"async\" id=\"AFT3OZIZMVA4RDEVO7KX6LZNNU\" class=\"image-lazy\" src=\"https:\/\/www.infobae.com\/new-resizer\/Hj0bICiHqwJFFMKgIb5Ny0n6HZI=\/750x0\/filters:quality(100)\/s3.amazonaws.com\/arc-wordpress-client-uploads\/infobae-wp\/wp-content\/uploads\/2018\/04\/11122907\/Mercado-Libre_Espacio-en-Mercado-Central.jpg\" alt=\"El proyecto del nuevo Centro de Mercado Libre en el Mercado Central\" width=\"750\" height=\"421.875\" data-url=\"https:\/\/www.infobae.com\/economia\/finanzas-y-negocios\/2019\/07\/19\/el-gremialista-que-le-disputa-afiliados-de-logistica-de-mercado-libre-a-moyano-la-relacion-con-la-empresa-es-excelente\/%23AFT3OZIZMVA4RDEVO7KX6LZNNU\" data-original=\"https:\/\/www.infobae.com\/new-resizer\/Hj0bICiHqwJFFMKgIb5Ny0n6HZI=\/750x0\/filters:quality(100)\/s3.amazonaws.com\/arc-wordpress-client-uploads\/infobae-wp\/wp-content\/uploads\/2018\/04\/11122907\/Mercado-Libre_Espacio-en-Mercado-Central.jpg\"  title=\"El gremialista que le disputa afiliados de log\u00edstica de Mercado Libre a Moyano: &quot;La relaci\u00f3n con la empresa es excelente&quot;\" \/><\/p>\n<\/div><figcaption class=\"\"><span class=\"credit\">El proyecto del nuevo Centro de Mercado Libre en el Mercado Central<\/span><\/figcaption><\/figure>\n<\/div>\n<div class=\"row pb-content-type-text\">\n<div class=\"col-xs-12 col-print-12\">\n<p class=\"element element-paragraph\">La tensi\u00f3n entre algunos sectores gremiales con Mercado Libre parece agudizarse cada vez m\u00e1s.\u00a0<strong>Marcos Galperin<\/strong>, presidente y cofundador de la empresa \u2013y muy cercano al presidente Mauricio Macri y su gesti\u00f3n\u2013, viene de cruzarse tambi\u00e9n con otro &#8220;moyanista&#8221;,\u00a0<strong>Sergio Palazzo<\/strong>, el l\u00edder de La Bancaria, qui\u00e9n quiere afiliar a los trabajadores de Mercado Pago, uno de los brazos de Mercado Libre \u2013el m\u00e1s grande\u2013 y a los de todos las empresas fintech.\u00a0<strong>Adem\u00e1s, sobrevuela el debate de una eventual reforma laboral, uno de los temas de la campa\u00f1a electoral.<\/strong><\/p>\n<\/div>\n<\/div>\n<div class=\"row pb-content-type-text\">\n<div class=\"col-xs-12 col-print-12\">\n<p class=\"element element-paragraph\">&#8220;<strong>En marzo impugnamos el convenio porque va a afectar a los trabajadores que ya est\u00e1n trabajando en log\u00edstica.<\/strong>\u00a0Lo firmaron con un galp\u00f3n que no estaba funcionando, entre gallos y medianoche. Carga y Descarga tiene sus trabajadores y sus discusiones, no tenemos problemas con ellos. Eso s\u00ed, lo que firmaron es una precarizaci\u00f3n, entregaron su convenio.\u00a0<strong>Impugnamos y ahora se ver\u00e1 c\u00f3mo sigue esto<\/strong>&#8220;, le dice a\u00a0<strong>Infobae\u00a0Marcelo Aparicio<\/strong>, secretario gremial de Camioneros.<\/p>\n<\/div>\n<\/div>\n<div class=\"row pb-content-type-text\">\n<div class=\"col-xs-12 col-print-12\">\n<p class=\"element element-paragraph\"><strong>Situaci\u00f3n en el Mercado Central<\/strong><\/p>\n<\/div>\n<\/div>\n<div class=\"row pb-content-type-text\">\n<div class=\"col-xs-12 col-print-12\">\n<p class=\"element element-paragraph\">Un extenso hilo de Twitter de\u00a0<strong>Luis Campos<\/strong>, coordinador del Observatorio del Derecho Social de la CTA-Aut\u00f3noma, instal\u00f3 la pol\u00e9mica. All\u00ed, el economista asegura que el convenio que firm\u00f3 la empresa de Galperin sirve para ver &#8220;qu\u00e9 reforma laboral quieren&#8221;, en referencia a sectores empresariales y pol\u00edticos del pa\u00eds.<\/p>\n<\/div>\n<\/div>\n<div class=\"row pb-content-type-image\">\n<figure class=\"element element-image col-xs-12\">\n<div class=\"single-image\">\n<div class=\"shares\"><\/div>\n<p><img decoding=\"async\" id=\"LGBSQHLNGRAX5DI2OVPIO5Q3UA\" class=\"image-lazy\" src=\"https:\/\/www.infobae.com\/new-resizer\/BRXrmFeJsrpDFkM_uHfRSUtOgQo=\/750x0\/filters:quality(100)\/s3.amazonaws.com\/arc-wordpress-client-uploads\/infobae-wp\/wp-content\/uploads\/2019\/07\/18190104\/Daniel-Vila-Union-Trabajadores-Carga-y-Descarga-1.jpg\" alt=\"Daniel Vila, secretario general de la Uni\u00f3n Trabajadores Carga y Descarga (Carga y Descarga)\" width=\"750\" height=\"421.875\" data-url=\"https:\/\/www.infobae.com\/economia\/finanzas-y-negocios\/2019\/07\/19\/el-gremialista-que-le-disputa-afiliados-de-logistica-de-mercado-libre-a-moyano-la-relacion-con-la-empresa-es-excelente\/%23LGBSQHLNGRAX5DI2OVPIO5Q3UA\" data-original=\"https:\/\/www.infobae.com\/new-resizer\/BRXrmFeJsrpDFkM_uHfRSUtOgQo=\/750x0\/filters:quality(100)\/s3.amazonaws.com\/arc-wordpress-client-uploads\/infobae-wp\/wp-content\/uploads\/2019\/07\/18190104\/Daniel-Vila-Union-Trabajadores-Carga-y-Descarga-1.jpg\"  title=\"El gremialista que le disputa afiliados de log\u00edstica de Mercado Libre a Moyano: &quot;La relaci\u00f3n con la empresa es excelente&quot;\" \/><\/p>\n<\/div><figcaption class=\"\"><span class=\"credit\">Daniel Vila, secretario general de la Uni\u00f3n Trabajadores Carga y Descarga (Carga y Descarga)<\/span><\/figcaption><\/figure>\n<\/div>\n<div class=\"row pb-content-type-text\">\n<div class=\"col-xs-12 col-print-12\">\n<p class=\"element element-paragraph\">&#8220;<strong>Desaparecen la jornada de 8 horas diarias y las horas extras, se flexibilizan el descanso semanal y las vacaciones.<\/strong>\u00a0La vida extra laboral del trabajador queda supeditada a las necesidades operativas de la empresa&#8221;, describe Campos.<\/p>\n<\/div>\n<\/div>\n<div class=\"row pb-content-type-text\">\n<div class=\"col-xs-12 col-print-12\">\n<p class=\"element element-paragraph\">Luego detalla que se pasa a una jornada laboral mensual de 192 horas \u2013&#8221;<strong>se pueden trabajar 12 horas por d\u00eda por dos semanas y luego compensarlas con d\u00edas de 4 horas<\/strong>&#8220;\u2013, se habilitan turnos fijos y\/o rotativos que se puede modificar s\u00f3lo con 48 horas de antelaci\u00f3n y el descanso semanal puede caer en cualquier d\u00eda, entre otros puntos.<\/p>\n<\/div>\n<\/div>\n<div class=\"row pb-content-type-blockquote\">\n<div class=\"col-xs-12\">\n<blockquote class=\"element element-blockquote\"><p>\u00a0Eso s\u00ed, lo que firmaron es una precarizaci\u00f3n: es un tema de ellos, entregaron su convenio. Impugnamos, ganamos la impugnaci\u00f3n y ahora se ver\u00e1 (Aparicio)<\/p><\/blockquote>\n<\/div>\n<\/div>\n<div class=\"row pb-content-type-text\">\n<div class=\"col-xs-12 col-print-12\">\n<p class=\"element element-paragraph\">&#8220;No s\u00e9 por qu\u00e9 critican y qu\u00e9 quieren inventar. Lo de las 192 horas est\u00e1 hace 15 a\u00f1os en los convenios de la metalmec\u00e1nica, por ejemplo. En empresas como Toyota y General Motors; es la polivalencia&#8221;, asegura\u00a0<strong>Daniel Vila<\/strong>, secretario general de Carga y Descarga. &#8220;Es un convenio s\u00f3lo para esas tareas que contempla modalidades del manejo de mercader\u00edas con operaciones altamente tecnificadas&#8221;, agreg\u00f3.<\/p>\n<\/div>\n<\/div>\n<div class=\"row pb-content-type-text\">\n<div class=\"col-xs-12 col-print-12\">\n<p class=\"element element-paragraph\"><strong>\u2013 \u00bfLes impugnaron el convenio?<\/strong><\/p>\n<\/div>\n<\/div>\n<div class=\"row pb-content-type-text\">\n<div class=\"col-xs-12 col-print-12\">\n<p class=\"element element-paragraph\">\u2013\u00a0No. A nosotros nadie del ministerio nos notific\u00f3.<\/p>\n<\/div>\n<\/div>\n<div class=\"row pb-content-type-text\">\n<div class=\"col-xs-12 col-print-12\">\n<p class=\"element element-paragraph\"><strong>\u2013 \u00bfCu\u00e1ntos empleados tienen?<br \/>\n<\/strong><br \/>\n\u2013 Arrancamos con 80 en febrero y hoy estamos en 237 trabajadores de 18 a 23 a\u00f1os. El 40% son mujeres y tiene un salario en igualdad de condiciones. Pensamos que vamos a llegar a 600 a fin de a\u00f1o. Nuestro b\u00e1sico es de $34.000 y sacamos un 35% en la paritaria de este a\u00f1o. En julio el b\u00e1sico pasa a $38.400 y alcanzar\u00e1 $44.700 en octubre, m\u00e1s 10% de presentismo.<\/p>\n<\/div>\n<\/div>\n<div class=\"row pb-content-type-text\">\n<div class=\"col-xs-12 col-print-12\">\n<p class=\"element element-paragraph\"><strong>\u2013 \u00bfEl convenio perjudica a los trabajadores?<br \/>\n<\/strong><br \/>\n\u2013 Al contrario. Est\u00e1 todo dentro de lo que marca la ley: si hay promociones especiales, como el Black Friday, se trabaja m\u00e1s, pero se paga al 100% y se respetan las horas extra, las nocturnas y la pausa de descanso entre jornadas. Pagan todo y tiene buenos beneficios, como el transporte, comedor y otros.<\/p>\n<\/div>\n<\/div>\n<div class=\"row pb-content-type-blockquote\">\n<div class=\"col-xs-12\">\n<blockquote class=\"element element-blockquote\"><p>\u00a0Mientras el mundo hace foco en la incorporaci\u00f3n de cada vez m\u00e1s tecnolog\u00eda en el almacenamiento, repartos a trav\u00e9s de drones y predicciones de comportamiento del usuario, aqu\u00ed el planteo es la disputa del encuadre entre sindicatos (Mercado Libre)<\/p><\/blockquote>\n<\/div>\n<\/div>\n<div class=\"row pb-content-type-text\">\n<div class=\"col-xs-12 col-print-12\">\n<p class=\"element element-paragraph\"><strong>\u2013 \u00bfSe sacaron las categor\u00edas?<\/strong><\/p>\n<\/div>\n<\/div>\n<div class=\"row pb-content-type-text\">\n<div class=\"col-xs-12 col-print-12\">\n<p class=\"element element-paragraph\">\u2013 No, hay cuatro categor\u00edas.\u00a0<strong>Desde la CTA dicen que firmamos salarios bajos y cuestiones de delgados que nada que ver<\/strong>. Tenemos una convivencia muy buena, una relaci\u00f3n excelente. Ojal\u00e1 todas las empresa tuvieran el trato que tenemos con Mercado Libre hasta ahora. Nosotros hablamos dos veces por semana con la empresa, entramos al dep\u00f3sito, vemos qu\u00e9 necesita la gente, y est\u00e1 todo bien.<\/p>\n<\/div>\n<\/div>\n<div class=\"row pb-content-type-image\">\n<figure class=\"element element-image col-xs-12\">\n<div class=\"single-image\">\n<div class=\"shares\"><\/div>\n<p><img decoding=\"async\" id=\"Q4GDKGU6QVDE7PEDZWXL7K2GFI\" class=\"image-lazy\" src=\"https:\/\/www.infobae.com\/new-resizer\/bPpKczhDFojgtxXyZ0eDhNcMkD8=\/750x0\/filters:quality(100)\/s3.amazonaws.com\/arc-wordpress-client-uploads\/infobae-wp\/wp-content\/uploads\/2019\/05\/01120613\/Ollas-Populares-Hugo-Moyano-12.jpg\" alt=\"Hugo Moyano (Maximiliano Luna)\" width=\"750\" height=\"421.875\" data-url=\"https:\/\/www.infobae.com\/economia\/finanzas-y-negocios\/2019\/07\/19\/el-gremialista-que-le-disputa-afiliados-de-logistica-de-mercado-libre-a-moyano-la-relacion-con-la-empresa-es-excelente\/%23Q4GDKGU6QVDE7PEDZWXL7K2GFI\" data-original=\"https:\/\/www.infobae.com\/new-resizer\/bPpKczhDFojgtxXyZ0eDhNcMkD8=\/750x0\/filters:quality(100)\/s3.amazonaws.com\/arc-wordpress-client-uploads\/infobae-wp\/wp-content\/uploads\/2019\/05\/01120613\/Ollas-Populares-Hugo-Moyano-12.jpg\"  title=\"El gremialista que le disputa afiliados de log\u00edstica de Mercado Libre a Moyano: &quot;La relaci\u00f3n con la empresa es excelente&quot;\" \/><\/p>\n<\/div><figcaption class=\"\"><span class=\"credit\">Hugo Moyano (Maximiliano Luna)<\/span><\/figcaption><\/figure>\n<\/div>\n<div class=\"row pb-content-type-text\">\n<div class=\"col-xs-12 col-print-12\">\n<p class=\"element element-paragraph\"><strong>\u2013 \u00bfCu\u00e1l es el reclamo concreto que tienen de parte de Camioneros?<br \/>\n<\/strong><br \/>\n\u2013 Creo que Moyano habla por Andreani y Ocasa.<strong>\u00a0Argumentan que los choferes se van a quedar sin trabajo, pero es un tema de ellos; no tienen nada que ver con lo que pasa adentro del dep\u00f3sito.<\/strong><\/p>\n<\/div>\n<\/div>\n<div class=\"row pb-content-type-text\">\n<div class=\"col-xs-12 col-print-12\">\n<p class=\"element element-paragraph\"><strong>e-Commerce y camiones<\/strong><\/p>\n<\/div>\n<\/div>\n<div class=\"row pb-content-type-text\">\n<div class=\"col-xs-12 col-print-12\">\n<p class=\"element element-paragraph\">Desde Mercado Libre le aseguran a\u00a0<strong>Infobae<\/strong>\u00a0que la relaci\u00f3n con el gremio &#8220;es muy buena, fluida y basada en el di\u00e1logo constructivo, ya que ambas partes trabajamos en conjunto para establecer las mejores condiciones de trabajo para los integrantes de nuestro equipo&#8221;.<\/p>\n<\/div>\n<\/div>\n<div class=\"row pb-content-type-text\">\n<div class=\"col-xs-12 col-print-12\">\n<p class=\"element element-paragraph\">Cree que la protesta de Camioneros es parte de un\u00a0<strong>&#8220;debate intersindical que debe ser dirimido por la autoridad correspondiente&#8221; y que &#8220;el encuadramiento de los empleados es el adecuado&#8221;<\/strong>, que el convenio colectivo prev\u00e9 una actividad distinta a las contempladas en otros convenios, como es el soporte a operaciones realizadas bajo la modalidad de comercio electr\u00f3nico.<\/p>\n<\/div>\n<\/div>\n<div class=\"row pb-content-type-image\">\n<figure class=\"element element-image col-xs-12\">\n<div class=\"single-image\">\n<div class=\"shares\"><\/div>\n<p><img decoding=\"async\" id=\"H6R4ABSY7VEGPDS6E6BULMOABQ\" class=\"image-lazy\" src=\"https:\/\/www.infobae.com\/new-resizer\/3ln-FFCgXkkL1FdMZLTwAl7sc_c=\/750x0\/filters:quality(100)\/s3.amazonaws.com\/arc-wordpress-client-uploads\/infobae-wp\/wp-content\/uploads\/2019\/06\/10134644\/Mercado-Libre-en-Argentina-1920-16.jpg\" alt=\"Macri y Galperin, en la inauguraci\u00f3n del nuevo edificio de la empresa, en junio pasado (Mercado Libre)\" width=\"750\" height=\"421.875\" data-url=\"https:\/\/www.infobae.com\/economia\/finanzas-y-negocios\/2019\/07\/19\/el-gremialista-que-le-disputa-afiliados-de-logistica-de-mercado-libre-a-moyano-la-relacion-con-la-empresa-es-excelente\/%23H6R4ABSY7VEGPDS6E6BULMOABQ\" data-original=\"https:\/\/www.infobae.com\/new-resizer\/3ln-FFCgXkkL1FdMZLTwAl7sc_c=\/750x0\/filters:quality(100)\/s3.amazonaws.com\/arc-wordpress-client-uploads\/infobae-wp\/wp-content\/uploads\/2019\/06\/10134644\/Mercado-Libre-en-Argentina-1920-16.jpg\"  title=\"El gremialista que le disputa afiliados de log\u00edstica de Mercado Libre a Moyano: &quot;La relaci\u00f3n con la empresa es excelente&quot;\" \/><\/p>\n<\/div><figcaption class=\"\"><span class=\"credit\">Macri y Galperin, en la inauguraci\u00f3n del nuevo edificio de la empresa, en junio pasado (Mercado Libre)<\/span><\/figcaption><\/figure>\n<\/div>\n<div class=\"row pb-content-type-text\">\n<div class=\"col-xs-12 col-print-12\">\n<p class=\"element element-paragraph\">&#8220;Mientras vemos que el debate en el mundo hace foco en la incorporaci\u00f3n de cada vez m\u00e1s tecnolog\u00eda en el almacenamiento,\u00a0<strong>repartos a trav\u00e9s de drones y predicciones de comportamiento del usuario para optimizar las compras, aqu\u00ed el planteo est\u00e1 vinculado a la disputa del encuadre entre sindicatos, que adem\u00e1s es ajeno a la empresa<\/strong>&#8220;, aseguran cerca de Galperin.<\/p>\n<\/div>\n<\/div>\n<div class=\"row pb-content-type-text\">\n<div class=\"col-xs-12 col-print-12\">\n<p class=\"element element-paragraph\">En Camioneros no dudan de que hay una &#8220;mano pol\u00edtica&#8221; detr\u00e1s del tema. &#8220;Es una cuesti\u00f3n que aval\u00f3 Trabajo.\u00a0<strong>Mercado Libre quiere llenarse los bolsillos a costilla de los trabajadores. Negrean el servicio de entrega: si pueden te entregan los paquetes con un caballo, por eso no quieren saber nada con Camioneros<\/strong>. Por ahora no hay conflicto porque a\u00fan contratan a las empresas de distribuci\u00f3n. Cuando no lo hagan, va a haber conflicto&#8221;, advirti\u00f3.<\/p>\n<p class=\"element element-paragraph\">Fuente:<a href=\"https:\/\/www.infobae.com\/?noredirect\"> Infobae.com<\/a><\/p>\n<\/div>\n<\/div>","protected":false},"excerpt":{"rendered":"<p>Esta semana trascendieron los detalles del convenio colectivo de trabajo que Mercado Libre \u2013la empresa argentina de mayor\u00a0market cap, unos\u00a0USD 30.000 millones\u2013\u00a0firm\u00f3 para su nuevo centro de distribuci\u00f3n del Mercado Central con la Uni\u00f3n de Trabajadores de Carga y Descarga. Todo en medio de un contexto en el que el gremio de Camioneros, que conduce\u00a0la [&hellip;]<\/p>\n","protected":false},"author":4,"featured_media":0,"comment_status":"open","ping_status":"open","sticky":false,"template":"","format":"standard","meta":{"site-sidebar-layout":"default","site-content-layout":"","ast-site-content-layout":"default","site-content-style":"default","site-sidebar-style":"default","ast-global-header-display":"","ast-banner-title-visibility":"","ast-main-header-display":"","ast-hfb-above-header-display":"","ast-hfb-below-header-display":"","ast-hfb-mobile-header-display":"","site-post-title":"","ast-breadcrumbs-content":"","ast-featured-img":"","footer-sml-layout":"","ast-disable-related-posts":"","theme-transparent-header-meta":"","adv-header-id-meta":"","stick-header-meta":"","header-above-stick-meta":"","header-main-stick-meta":"","header-below-stick-meta":"","astra-migrate-meta-layouts":"default","ast-page-background-enabled":"default","ast-page-background-meta":{"desktop":{"background-color":"","background-image":"","background-repeat":"repeat","background-position":"center center","background-size":"auto","background-attachment":"scroll","background-type":"","background-media":"","overlay-type":"","overlay-color":"","overlay-opacity":"","overlay-gradient":""},"tablet":{"background-color":"","background-image":"","background-repeat":"repeat","background-position":"center center","background-size":"auto","background-attachment":"scroll","background-type":"","background-media":"","overlay-type":"","overlay-color":"","overlay-opacity":"","overlay-gradient":""},"mobile":{"background-color":"","background-image":"","background-repeat":"repeat","background-position":"center center","background-size":"auto","background-attachment":"scroll","background-type":"","background-media":"","overlay-type":"","overlay-color":"","overlay-opacity":"","overlay-gradient":""}},"ast-content-background-meta":{"desktop":{"background-color":"var(--ast-global-color-5)","background-image":"","background-repeat":"repeat","background-position":"center center","background-size":"auto","background-attachment":"scroll","background-type":"","background-media":"","overlay-type":"","overlay-color":"","overlay-opacity":"","overlay-gradient":""},"tablet":{"background-color":"var(--ast-global-color-5)","background-image":"","background-repeat":"repeat","background-position":"center center","background-size":"auto","background-attachment":"scroll","background-type":"","background-media":"","overlay-type":"","overlay-color":"","overlay-opacity":"","overlay-gradient":""},"mobile":{"background-color":"var(--ast-global-color-5)","background-image":"","background-repeat":"repeat","background-position":"center center","background-size":"auto","background-attachment":"scroll","background-type":"","background-media":"","overlay-type":"","overlay-color":"","overlay-opacity":"","overlay-gradient":""}},"footnotes":""},"categories":[25],"tags":[],"class_list":["post-35372","post","type-post","status-publish","format-standard","hentry","category-destacado"],"spectra_blocks_featured_image_url":null,"spectra_blocks_author_info":{"display_name":"Facundo Novillo","avatar_url":"https:\/\/secure.gravatar.com\/avatar\/09745bc65ce6bf84291d6515d5f759c04b4fce4f329b8a975a8ac2982b552d3e?s=96&d=mm&r=g","author_link":"https:\/\/100xd.com.ar\/es\/author\/facundo\/","description":""},"_links":{"self":[{"href":"https:\/\/100xd.com.ar\/es\/wp-json\/wp\/v2\/posts\/35372","targetHints":{"allow":["GET"]}}],"collection":[{"href":"https:\/\/100xd.com.ar\/es\/wp-json\/wp\/v2\/posts"}],"about":[{"href":"https:\/\/100xd.com.ar\/es\/wp-json\/wp\/v2\/types\/post"}],"author":[{"embeddable":true,"href":"https:\/\/100xd.com.ar\/es\/wp-json\/wp\/v2\/users\/4"}],"replies":[{"embeddable":true,"href":"https:\/\/100xd.com.ar\/es\/wp-json\/wp\/v2\/comments?post=35372"}],"version-history":[{"count":2,"href":"https:\/\/100xd.com.ar\/es\/wp-json\/wp\/v2\/posts\/35372\/revisions"}],"predecessor-version":[{"id":35375,"href":"https:\/\/100xd.com.ar\/es\/wp-json\/wp\/v2\/posts\/35372\/revisions\/35375"}],"wp:attachment":[{"href":"https:\/\/100xd.com.ar\/es\/wp-json\/wp\/v2\/media?parent=35372"}],"wp:term":[{"taxonomy":"category","embeddable":true,"href":"https:\/\/100xd.com.ar\/es\/wp-json\/wp\/v2\/categories?post=35372"},{"taxonomy":"post_tag","embeddable":true,"href":"https:\/\/100xd.com.ar\/es\/wp-json\/wp\/v2\/tags?post=35372"}],"curies":[{"name":"wp","href":"https:\/\/api.w.org\/{rel}","templated":true}]}}