{"id":33427,"date":"2019-01-24T12:25:54","date_gmt":"2019-01-24T15:25:54","guid":{"rendered":"http:\/\/www.100xd.com.ar\/?p=33427"},"modified":"2019-01-24T12:26:00","modified_gmt":"2019-01-24T15:26:00","slug":"en-medio-de-la-crisis-de-venezuela-francisco-visita-panama","status":"publish","type":"post","link":"https:\/\/100xd.com.ar\/es\/en-medio-de-la-crisis-de-venezuela-francisco-visita-panama\/","title":{"rendered":"En medio de la Crisis de Venezuela, Francisco visita Panam\u00e1"},"content":{"rendered":"<p>En el atardecer de un mi\u00e9rcoles en que las postales de los disturbios y marchas de distinto signo en Venezuela monopolizaron las noticias americanas, el papa Francisco lleg\u00f3 a Panam\u00e1, visita que tendr\u00e1 como punto principal la Jornada Mundial de la Juventud (JMJ). Mientras el pont\u00edfice volaba desde Roma, Maduro anunci\u00f3 que Venezuela romp\u00eda\u00a0relaciones con Estados Unidos, tras la decisi\u00f3n de Washington de reconocer al l\u00edder opositor Juan Guaid\u00f3 como presidente interino del pa\u00eds petrolero. La pol\u00edtica del Vaticano ha sido hacer equilibrio con la grave crisis pol\u00edtica y humanitaria que se vive en Venezuela, una postura que los especialistas adjudican a la a\u00f1eja cuesti\u00f3n diplom\u00e1tica de tender todo el tiempo a la soluci\u00f3n pac\u00edfica y democr\u00e1tica de los enfrentamientos pol\u00edticos. Sin embargo,\u00a0la gravedad de los episodios ocurridos en Caracas y otros puntos del pa\u00eds en las \u00faltimas horas abriga expectativas de que el Pont\u00edfice deba referirse al tema en algunas de las homil\u00edas que pronuncie en su visita a Panam\u00e1. Papa Francisco llega a Panam\u00e1. Foto: AFP Durante el viaje al pa\u00eds caribe\u00f1o, el Sumo Pont\u00edfice har\u00e1 un par\u00e9ntesis en el torrente de esc\u00e1ndalos de abusos sexuales que sacuden la Iglesia cat\u00f3lica, para encabezar la Jornada Mundial de la Juventud (JMJ). Antes de subir a bordo del avi\u00f3n, el pont\u00edfice argentino de 82 a\u00f1os se reuni\u00f3 con ocho j\u00f3venes refugiados. &#8220;Es el miedo lo que nos vuelve locos&#8221;, coment\u00f3 Francisco, seg\u00fan consign\u00f3 la agencia AFP, en respuesta\u00a0a un periodista que calific\u00f3 de &#8220;locura&#8221; la promesa del presidente de Estados Unidos, Donald Trump, de construir un muro en la frontera con M\u00e9xico. Una multitud cubierta con banderas invadi\u00f3 las calles paname\u00f1as para recibir al Pont\u00edfice. &#8220;Quisi\u00e9ramos (&#8230;) que hubieran m\u00e1s fronteras de amor, de paz, de amistad. El papa Francisco quiere &#8220;que, en lugar de crear muros, abramos caminos&#8221;, dijo a la AFP Carlos Gil, un joven salvadore\u00f1o que espera al jerarca.\u00a0 &#8220;El Papa siempre est\u00e1 apoyando a los pa\u00edses en crisis (&#8230;). No estamos solos&#8221;, expres\u00f3 la nicarag\u00fcense Wendy Florez. El viaje de Francisco, quien lleg\u00f3\u00a0al aeropuerto internacional de Tocumen a las 16.30 locales (18.30 en Argentina), coincide con la mayor ola migratoria jam\u00e1s registrada en Latinoam\u00e9rica.\u00a0 Hondure\u00f1os, guatemaltecos, salvadore\u00f1os, nicarag\u00fcenses y venezolanos traspasan fronteras a diario en busca de oportunidades. Desde Centroam\u00e9rica, multitudinarias caravanas que huyen de la violencia de pandillas y los conflictos pol\u00edticos se dirigen hacia Estados Unidos.\u00a0 Los paname\u00f1os le dieron una c\u00e1lida bienvenida al papa Francisco. Y los venezolanos escapan de una destructiva crisis econ\u00f3mica, con hiperinflaci\u00f3n y escasez de alimentos y medicinas. La ONU teme que, a finales de a\u00f1o, haya unos 5,3 millones de &#8220;refugiados&#8221; de ese pa\u00eds. En Panam\u00e1, el fraile venezolano Edwin Fern\u00e1ndez espera que el mensaje del papa ayude en &#8220;la situaci\u00f3n terrible que estamos pasando&#8221;. Francisco, quien anunci\u00f3 que en noviembre ir\u00e1 a Jap\u00f3n, permanecer\u00e1 cinco d\u00edas en Panam\u00e1.\u00a0 El arzobispo de Panam\u00e1, Jos\u00e9 Domingo Ulloa, tambi\u00e9n llam\u00f3 la atenci\u00f3n sobre la &#8220;nula respuesta&#8221; de los gobiernos frente a los problemas sociales que involucran a los j\u00f3venes: &#8220;Los lanzan a cifrar sus esperanzas en otros pa\u00edses, exponi\u00e9ndoles al narcotr\u00e1fico, la trata humana, la delincuencia y tantos otros males&#8221;.\u00a0Por eso, &#8220;anhelamos&#8221; que esta visita &#8220;sea un b\u00e1lsamo para la dif\u00edcil situaci\u00f3n con la que conviven&#8221; muchos j\u00f3venes, expres\u00f3 Ulloa ante la multitud en el Campo Santa Mar\u00eda la Antigua del paseo mar\u00edtimo de Ciudad de Panam\u00e1. El mensaje de esperanza que trae el Papa\u00a0no ser\u00e1 exclusivamente para los j\u00f3venes, sino tambi\u00e9n para la propia Iglesia.\u00a0 Francisco regresa a Latinoam\u00e9rica un a\u00f1o despu\u00e9s de su visita a Chile, ensombrecida por protestas y esc\u00e1ndalos de abusos sexuales de curas a menores y su encubrimiento por la c\u00fapula eclesi\u00e1stica. El tema &#8220;genera mucha atenci\u00f3n en la Iglesia&#8221;, recalc\u00f3 el director de prensa del Vaticano, Alessandro Gisotti, aunque asegur\u00f3 que el papa &#8220;no tiene programado un encuentro con v\u00edctimas&#8221; de abusos en el istmo. Francisco salud\u00f3 a la multitud agolpada para recibirlo. La marcha del Papa durante los 29 kil\u00f3metros que median entre el Aeropuerto y la Nunciatura paname\u00f1a fueron bajo el saludo de miles de personas. Durante su estad\u00eda en Panam\u00e1,\u00a0Francisco visitar\u00e1 un centro de detenci\u00f3n juvenil y tiene previsto un encuentro con enfermos de sida en un centro de asistencia. Asimismo, prev\u00e9 reunir a unos 70 obispos de Centroam\u00e9rica. Al menos siete presidentes acudir\u00edan el domingo a la \u00faltima misa del papa en la JMJ: Jimmy Morales (Guatemala), Juan Orlando Hern\u00e1ndez (Honduras), Salvador S\u00e1nchez Cer\u00e9n (El Salvador), Carlos Alvarado (Costa Rica), Iv\u00e1n Duque (Colombia) y Marcelo Rebelo de Sousa (Portugal), adem\u00e1s del anfitri\u00f3n Juan Carlos Varela. Sobresalen las ausencias de los mandatarios de Nicaragua, Daniel Ortega, y Venezuela, Nicol\u00e1s Maduro, con los que la Iglesia cat\u00f3lica mantiene tensas relaciones. La misa final se realizar\u00e1 en las afueras de la capital paname\u00f1a, donde se ha levantado una gigantesca tarima para que a lo largo de casi tres kil\u00f3metros los asistentes puedan seguir la intervenci\u00f3n del pont\u00edfice. Un gigantesco mural contra la xenofobia y el racismo, en forma de vitral, decorar\u00e1 el altar. La gran &#8220;fiesta&#8221; de la juventud cat\u00f3lica latinoamericana costar\u00e1 54 millones de d\u00f3lares, en parte aportados por patrocinadores y donantes. El gobierno asegura, por otra parte, que tendr\u00e1 un impacto directo de 388 millones de d\u00f3lares sobre la econom\u00eda.<\/p>\n<p>Fuente: <a href=\"https:\/\/www.perfil.com\/\">Perfil.com<\/a><\/p>","protected":false},"excerpt":{"rendered":"<p>En el atardecer de un mi\u00e9rcoles en que las postales de los disturbios y marchas de distinto signo en Venezuela monopolizaron las noticias americanas, el papa Francisco lleg\u00f3 a Panam\u00e1, visita que tendr\u00e1 como punto principal la Jornada Mundial de la Juventud (JMJ). Mientras el pont\u00edfice volaba desde Roma, Maduro anunci\u00f3 que Venezuela romp\u00eda\u00a0relaciones con [&hellip;]<\/p>\n","protected":false},"author":4,"featured_media":0,"comment_status":"open","ping_status":"open","sticky":false,"template":"","format":"standard","meta":{"site-sidebar-layout":"default","site-content-layout":"","ast-site-content-layout":"default","site-content-style":"default","site-sidebar-style":"default","ast-global-header-display":"","ast-banner-title-visibility":"","ast-main-header-display":"","ast-hfb-above-header-display":"","ast-hfb-below-header-display":"","ast-hfb-mobile-header-display":"","site-post-title":"","ast-breadcrumbs-content":"","ast-featured-img":"","footer-sml-layout":"","ast-disable-related-posts":"","theme-transparent-header-meta":"","adv-header-id-meta":"","stick-header-meta":"","header-above-stick-meta":"","header-main-stick-meta":"","header-below-stick-meta":"","astra-migrate-meta-layouts":"default","ast-page-background-enabled":"default","ast-page-background-meta":{"desktop":{"background-color":"","background-image":"","background-repeat":"repeat","background-position":"center center","background-size":"auto","background-attachment":"scroll","background-type":"","background-media":"","overlay-type":"","overlay-color":"","overlay-opacity":"","overlay-gradient":""},"tablet":{"background-color":"","background-image":"","background-repeat":"repeat","background-position":"center center","background-size":"auto","background-attachment":"scroll","background-type":"","background-media":"","overlay-type":"","overlay-color":"","overlay-opacity":"","overlay-gradient":""},"mobile":{"background-color":"","background-image":"","background-repeat":"repeat","background-position":"center center","background-size":"auto","background-attachment":"scroll","background-type":"","background-media":"","overlay-type":"","overlay-color":"","overlay-opacity":"","overlay-gradient":""}},"ast-content-background-meta":{"desktop":{"background-color":"var(--ast-global-color-5)","background-image":"","background-repeat":"repeat","background-position":"center center","background-size":"auto","background-attachment":"scroll","background-type":"","background-media":"","overlay-type":"","overlay-color":"","overlay-opacity":"","overlay-gradient":""},"tablet":{"background-color":"var(--ast-global-color-5)","background-image":"","background-repeat":"repeat","background-position":"center center","background-size":"auto","background-attachment":"scroll","background-type":"","background-media":"","overlay-type":"","overlay-color":"","overlay-opacity":"","overlay-gradient":""},"mobile":{"background-color":"var(--ast-global-color-5)","background-image":"","background-repeat":"repeat","background-position":"center center","background-size":"auto","background-attachment":"scroll","background-type":"","background-media":"","overlay-type":"","overlay-color":"","overlay-opacity":"","overlay-gradient":""}},"footnotes":""},"categories":[25],"tags":[],"class_list":["post-33427","post","type-post","status-publish","format-standard","hentry","category-destacado"],"spectra_blocks_featured_image_url":null,"spectra_blocks_author_info":{"display_name":"Facundo Novillo","avatar_url":"https:\/\/secure.gravatar.com\/avatar\/09745bc65ce6bf84291d6515d5f759c04b4fce4f329b8a975a8ac2982b552d3e?s=96&d=mm&r=g","author_link":"https:\/\/100xd.com.ar\/es\/author\/facundo\/","description":""},"_links":{"self":[{"href":"https:\/\/100xd.com.ar\/es\/wp-json\/wp\/v2\/posts\/33427","targetHints":{"allow":["GET"]}}],"collection":[{"href":"https:\/\/100xd.com.ar\/es\/wp-json\/wp\/v2\/posts"}],"about":[{"href":"https:\/\/100xd.com.ar\/es\/wp-json\/wp\/v2\/types\/post"}],"author":[{"embeddable":true,"href":"https:\/\/100xd.com.ar\/es\/wp-json\/wp\/v2\/users\/4"}],"replies":[{"embeddable":true,"href":"https:\/\/100xd.com.ar\/es\/wp-json\/wp\/v2\/comments?post=33427"}],"version-history":[{"count":1,"href":"https:\/\/100xd.com.ar\/es\/wp-json\/wp\/v2\/posts\/33427\/revisions"}],"predecessor-version":[{"id":33429,"href":"https:\/\/100xd.com.ar\/es\/wp-json\/wp\/v2\/posts\/33427\/revisions\/33429"}],"wp:attachment":[{"href":"https:\/\/100xd.com.ar\/es\/wp-json\/wp\/v2\/media?parent=33427"}],"wp:term":[{"taxonomy":"category","embeddable":true,"href":"https:\/\/100xd.com.ar\/es\/wp-json\/wp\/v2\/categories?post=33427"},{"taxonomy":"post_tag","embeddable":true,"href":"https:\/\/100xd.com.ar\/es\/wp-json\/wp\/v2\/tags?post=33427"}],"curies":[{"name":"wp","href":"https:\/\/api.w.org\/{rel}","templated":true}]}}