{"id":33284,"date":"2018-12-14T16:19:56","date_gmt":"2018-12-14T19:19:56","guid":{"rendered":"http:\/\/www.100xd.com.ar\/?p=33284"},"modified":"2018-12-14T16:20:03","modified_gmt":"2018-12-14T19:20:03","slug":"los-intendentes-bonaerenses-ya-se-preparan-para-su-ultima-reeleccion","status":"publish","type":"post","link":"https:\/\/100xd.com.ar\/es\/los-intendentes-bonaerenses-ya-se-preparan-para-su-ultima-reeleccion\/","title":{"rendered":"Los intendentes bonaerenses ya se preparan para su \u00faltima reelecci\u00f3n"},"content":{"rendered":"<p>Mientras suenan distintos nombres como candidatos presidenciales para el 2019\u00a0y se especula con el desdoblamiento de los comicios a gobernador y de hasta de las elecciones municipales, en el territorio bonaerense ya hay una certeza: despu\u00e9s de la sanci\u00f3n de la ley que le puso fin a las reelecciones indefinidas, ninguno de los intendentes hist\u00f3ricos est\u00e1 dispuesto a resignar la posibilidad de presentarse una vez m\u00e1s como candidato en su distrito.\u00a0 En 2016, la legislatura bonaerense aprob\u00f3 la norma por la que los jefes comunales s\u00f3lo podr\u00edan ser reelegidos una vez. A pesar de que algunos llevan gobernando sus distritos m\u00e1s de 20 a\u00f1os, su sanci\u00f3n fue posible por tomar como el primer gobierno el elegido en 2015. Por ello, en 2019 los intendentes podr\u00e1n postularse por \u00faltima vez. Y as\u00ed lo har\u00e1n.\u00a0 Quien cuenta con m\u00e1s mandatos al frente de la intendencia es el radical An\u00edbal Loubet. Gobierna General Guido desde 1991 de manera ininterrumpida y, a pesar de que anunci\u00f3 que este ser\u00eda su \u00faltimo gobierno, la necesidad de Cambiemos de ganar la pr\u00f3xima elecci\u00f3n (en las \u00faltimas votaciones se present\u00f3 con este sello) podr\u00eda llevarlo a que su nombre aparezca en la boleta municipal por octava vez.\u00a0 En el interior de la provincia de Buenos Aires hay hist\u00f3ricos de todos los colores pol\u00edticos que quieren gobernar hasta 2023. En Leandro N. Alem gobierna hace 19 a\u00f1os el peronista Alberto Conocchiari, mientras que en Tres Arroyos el vecinalista Carlos S\u00e1nchez cumple 15 a\u00f1os en la indendencia, al igual que el radical Miguel Lunghi (Tandil) y el peronista Gustavo Walker (Pila). Los viejos barones peronistas del conurbano que sobrevivieron a la ola amarilla de 2015 tambi\u00e9n dar\u00e1n pelea. Alberto Descalzo lleva 23 a\u00f1os en Ituzaing\u00f3 y Alejandro Granados suma 21 en Ezeiza (estuvo dos a\u00f1os de licencia para ocupar el cargo de ministro de Seguridad bonaerense). Ambos presumen que junto a Loubet, con la elecci\u00f3n del pr\u00f3ximo a\u00f1o, se convertir\u00e1n en los intendentes con m\u00e1s mandatos consecutivos en la historia argentina. El ex \u201csheriff\u201d asegura que en su distrito su imagen positiva est\u00e1 por encima del 70 por ciento y no est\u00e1 dispuesto a entregar ese capital pol\u00edtico, ni siquiera a su familia. A\u00f1os anteriores, Cristina Kirchner quiso postular a su mujer, Dulce, pero Alejandro se opuso. En la actualidad, Gast\u00f3n Granados (hijo de ambos y jefe de gabinete del municipio) cuenta con m\u00e1s intenci\u00f3n de voto que la ex diputada, pero no llega a tener los n\u00fameros del intendente, quien ya anunci\u00f3 que volver\u00e1 a competir. El interrogante entorno a Granados es con qu\u00e9 boleta competir\u00e1. El jefe distrital apuesta a que las elecciones sean desdobladas y as\u00ed no tener que colgarse de ninguna boleta, ya que el peronista hoy est\u00e1 m\u00e1s cerca de Mar\u00eda Eugenia Vidal que de Cristina Kirchner.\u00a0 Otros dirigentes del Conurbano que har\u00e1n uso de la \u00faltima reelecci\u00f3n posible por el peronismo son Mario Ishii (lleva 15 a\u00f1os en Jos\u00e9 C.Paz), Fernando Gray ( con 11 a\u00f1os en Esteban Echeverr\u00eda) y Jorge Ferraresi (9 a\u00f1os en Avellaneda). Como representante de Cambiemos, Gustavo Posse ya suma 19 a\u00f1os al frente de San Isidro y el pr\u00f3ximo a\u00f1o volver\u00e1 a competir.\u00a0 Los derrotados tambi\u00e9n se entusiasman. Hugo Curto (Tres de Febrero), Jes\u00fas Cariglino (Malvinas Argentinas) y Ra\u00fal Othaceh\u00e9 (Merlo) son quienes quieren volver a controlar sus distritos. A pesar de que tambi\u00e9n forman parte de los hist\u00f3ricos, si ganan la pr\u00f3xima elecci\u00f3n, a diferencia de quienes gobiernan hoy, reci\u00e9n el periodo 2019-2023 se contar\u00e1 como su primer mandato. \u201cUstedes en 2023 se van, pero puede haber Curto hasta 2027\u201d, se divierte el ex intendente en las reuniones que mantiene con alcaldes.\u00a0 Juan Jos\u00e9 Mussi gan\u00f3 la intendencia en 1987. En 2010 asumi\u00f3 como Secretario de Medio Ambiente por lo que lo sucedi\u00f3 su hijo Patricio. Ahora es diputado provincial, pero el pr\u00f3ximo a\u00f1o quiere volver a ser intendente, ya que se quiere retirar de la pol\u00edtica con este cargo. En busca de un lugar en las listas para su hijo (no lo convence la tarea legislativa), las mediciones propias en la ciudad vecina de Quilmes le dieron una sorpresa a la familia Mussi: Patricio es el candidato del peronismo que m\u00e1s votos consigue. Ante la especulaci\u00f3n de que el hist\u00f3rico apellido cruce de distrito, en el municipio aseguran que esto a\u00fan est\u00e1 por definirse y que lo \u00fanico seguro es que Juan Jos\u00e9 volver\u00e1 a estar en la boleta como candidato a intendente. En pol\u00edtica, y mucho menos en los distritos, pocos son los que se resignan al retiro.\u00a0 Los que no quieren volver\u00a0 La mayor\u00eda de los intendentes apuestan a la \u00faltima reelecci\u00f3n y otros ex jefes comunales hacen todo lo posible para volver. Sin embargo, hay unos pocos que aseguran que el cargo de alcalde qued\u00f3 atr\u00e1s y no piensan en regresar. Uno de ellos es\u00a0Julio Pereyra es uno de ellos. Es uno de los conocidos como los viejos barones del Conurbano ya que gobern\u00f3 el distrito desde 1991. En 2017 pidi\u00f3 licencia y consigui\u00f3 ser electo diputado provincial. Ahora asegura que le dejar\u00e1 la pelea local, a su sucesor, Andr\u00e9s Watson. Otro caso es el de Fernando Espinoza, quien asumi\u00f3 en La Matanza en 2007 pero dej\u00f3 el distrito en 2015 para ser candidato a gobernador. Despu\u00e9s de la derrota, el a\u00f1o pasado se convirti\u00f3 el diputado nacional y en 2019 antes que volver al distrito, ans\u00eda volver a presentarse por la gobernaci\u00f3n, aunque Ver\u00f3nica Magario (actual intendenta del distrito m\u00e1s populoso) tambi\u00e9n suena para este puesto.<\/p>\n<p>Fuente: <a href=\"https:\/\/www.perfil.com\/\">Perfil.com<\/a><\/p>","protected":false},"excerpt":{"rendered":"<p>Mientras suenan distintos nombres como candidatos presidenciales para el 2019\u00a0y se especula con el desdoblamiento de los comicios a gobernador y de hasta de las elecciones municipales, en el territorio bonaerense ya hay una certeza: despu\u00e9s de la sanci\u00f3n de la ley que le puso fin a las reelecciones indefinidas, ninguno de los intendentes hist\u00f3ricos [&hellip;]<\/p>\n","protected":false},"author":4,"featured_media":0,"comment_status":"open","ping_status":"open","sticky":false,"template":"","format":"standard","meta":{"site-sidebar-layout":"default","site-content-layout":"","ast-site-content-layout":"default","site-content-style":"default","site-sidebar-style":"default","ast-global-header-display":"","ast-banner-title-visibility":"","ast-main-header-display":"","ast-hfb-above-header-display":"","ast-hfb-below-header-display":"","ast-hfb-mobile-header-display":"","site-post-title":"","ast-breadcrumbs-content":"","ast-featured-img":"","footer-sml-layout":"","ast-disable-related-posts":"","theme-transparent-header-meta":"","adv-header-id-meta":"","stick-header-meta":"","header-above-stick-meta":"","header-main-stick-meta":"","header-below-stick-meta":"","astra-migrate-meta-layouts":"default","ast-page-background-enabled":"default","ast-page-background-meta":{"desktop":{"background-color":"","background-image":"","background-repeat":"repeat","background-position":"center center","background-size":"auto","background-attachment":"scroll","background-type":"","background-media":"","overlay-type":"","overlay-color":"","overlay-opacity":"","overlay-gradient":""},"tablet":{"background-color":"","background-image":"","background-repeat":"repeat","background-position":"center center","background-size":"auto","background-attachment":"scroll","background-type":"","background-media":"","overlay-type":"","overlay-color":"","overlay-opacity":"","overlay-gradient":""},"mobile":{"background-color":"","background-image":"","background-repeat":"repeat","background-position":"center center","background-size":"auto","background-attachment":"scroll","background-type":"","background-media":"","overlay-type":"","overlay-color":"","overlay-opacity":"","overlay-gradient":""}},"ast-content-background-meta":{"desktop":{"background-color":"var(--ast-global-color-5)","background-image":"","background-repeat":"repeat","background-position":"center center","background-size":"auto","background-attachment":"scroll","background-type":"","background-media":"","overlay-type":"","overlay-color":"","overlay-opacity":"","overlay-gradient":""},"tablet":{"background-color":"var(--ast-global-color-5)","background-image":"","background-repeat":"repeat","background-position":"center center","background-size":"auto","background-attachment":"scroll","background-type":"","background-media":"","overlay-type":"","overlay-color":"","overlay-opacity":"","overlay-gradient":""},"mobile":{"background-color":"var(--ast-global-color-5)","background-image":"","background-repeat":"repeat","background-position":"center center","background-size":"auto","background-attachment":"scroll","background-type":"","background-media":"","overlay-type":"","overlay-color":"","overlay-opacity":"","overlay-gradient":""}},"footnotes":""},"categories":[2],"tags":[],"class_list":["post-33284","post","type-post","status-publish","format-standard","hentry","category-politica"],"spectra_blocks_featured_image_url":null,"spectra_blocks_author_info":{"display_name":"Facundo Novillo","avatar_url":"https:\/\/secure.gravatar.com\/avatar\/09745bc65ce6bf84291d6515d5f759c04b4fce4f329b8a975a8ac2982b552d3e?s=96&d=mm&r=g","author_link":"https:\/\/100xd.com.ar\/es\/author\/facundo\/","description":""},"_links":{"self":[{"href":"https:\/\/100xd.com.ar\/es\/wp-json\/wp\/v2\/posts\/33284","targetHints":{"allow":["GET"]}}],"collection":[{"href":"https:\/\/100xd.com.ar\/es\/wp-json\/wp\/v2\/posts"}],"about":[{"href":"https:\/\/100xd.com.ar\/es\/wp-json\/wp\/v2\/types\/post"}],"author":[{"embeddable":true,"href":"https:\/\/100xd.com.ar\/es\/wp-json\/wp\/v2\/users\/4"}],"replies":[{"embeddable":true,"href":"https:\/\/100xd.com.ar\/es\/wp-json\/wp\/v2\/comments?post=33284"}],"version-history":[{"count":1,"href":"https:\/\/100xd.com.ar\/es\/wp-json\/wp\/v2\/posts\/33284\/revisions"}],"predecessor-version":[{"id":33286,"href":"https:\/\/100xd.com.ar\/es\/wp-json\/wp\/v2\/posts\/33284\/revisions\/33286"}],"wp:attachment":[{"href":"https:\/\/100xd.com.ar\/es\/wp-json\/wp\/v2\/media?parent=33284"}],"wp:term":[{"taxonomy":"category","embeddable":true,"href":"https:\/\/100xd.com.ar\/es\/wp-json\/wp\/v2\/categories?post=33284"},{"taxonomy":"post_tag","embeddable":true,"href":"https:\/\/100xd.com.ar\/es\/wp-json\/wp\/v2\/tags?post=33284"}],"curies":[{"name":"wp","href":"https:\/\/api.w.org\/{rel}","templated":true}]}}