{"id":32448,"date":"2018-06-29T12:13:36","date_gmt":"2018-06-29T15:13:36","guid":{"rendered":"http:\/\/www.100xd.com.ar\/?p=32448"},"modified":"2018-06-29T12:18:50","modified_gmt":"2018-06-29T15:18:50","slug":"larreta-no-quiere-carpas","status":"publish","type":"post","link":"https:\/\/100xd.com.ar\/es\/larreta-no-quiere-carpas\/","title":{"rendered":"Larreta no quiere carpas"},"content":{"rendered":"<p>Entre forcejeos, amedrentamientos y amenazas, la Polic\u00eda de la Ciudad impidi\u00f3 a los profesionales de la salud bonaerenses agrupados en la Cicop a instalar en la Plaza del Congreso una carpa sanitaria en el marco del paro con que le reclaman al gobierno de Mar\u00eda Eugenia Vidal una oferta paritaria superior al 15 por ciento. Los momentos de tensi\u00f3n se iniciaron cuando los agentes y representantes del Ministerio de Ambiente y Espacio P\u00fablico desconocieron el permiso que esa misma cartera les hab\u00eda otorgado a los m\u00e9dicos para desarrollar la protesta frente al Parlamento.<\/p>\n<p>\u201cNos impidieron instalar unos gazebos diciendo que no ten\u00edamos un permiso, siendo que tenemos en mano esas disposiciones\u201d, denunci\u00f3 Fernando Corsiglia, presidente del gremio que hoy concreta un paro de 24 horas en los 80 hospitales provinciales, m\u00e1s los municipales y centros de atenci\u00f3n sanitaria de todo el territorio.<\/p>\n<article class=\"embedded-entity\">\n<article class=\"media media-image view-mode-single-media-image-460\">\n<div class=\"field field--name-field-media-image field--type-image field--label-hidden field__item\"><img loading=\"lazy\" decoding=\"async\" class=\"image-style-width470\" src=\"https:\/\/images.pagina12.com.ar\/styles\/width470\/public\/2018-06\/nota.jpg?itok=Kc32MnGG\" alt=\"Nota\" width=\"470\" height=\"836\"  title=\"Larreta no quiere carpas\" \/><\/div>\n<\/article>\n<\/article>\n<p>El permiso ya hab\u00eda sido tramitado y autorizado el 19 de marzo y \u201chasta ayer nos lo confirmaron\u201d, recalc\u00f3 el dirigente a\u00a0<strong>P\u00e1gina\/12<\/strong>\u00a0y explic\u00f3 que parte del objetivo de la jornada de protesta era instalar una estructura m\u00f3vil solo durante la jornada de hoy. All\u00ed estaban previstas \u201cactividades de salud\u201d como dictar \u201cun curso de reanimaci\u00f3n cardiopulmonar y realizar una asamblea de m\u00e9dicos residentes\u201d, entre otras, detall\u00f3.<\/p>\n<p>Las estructuras est\u00e1n desarmadas sobre el suelo de la plaza rodeada por decenas de efectivos policiales. En tanto, los m\u00e9dicos y enfermeros contin\u00faan all\u00ed a la espera de representantes de las m\u00e1s de 80 seccionales que a\u00fan no llegaron a la Capital Federal.<\/p>\n<p>El paro de hoy es el tercero que concreta la Cicop en rechazo a la oferta del 15 por ciento en tres cuotas presentada por el gobierno provincial en las paritarias de este a\u00f1o, cuando las previsiones oficiales de inflaci\u00f3n oscilan el 27 por ciento. \u201cEst\u00e1 en juego la salud de la poblaci\u00f3n\u201d, subray\u00f3 el gremio que cuenta con 133 mil afiliados.<\/p>\n<p>&#8220;Los salarios magros y las malas condiciones de trabajo no hacen m\u00e1s que asegurar la continuidad de servicios cerrados o cubiertos parcialmente. La falta de avances en\u00a0 la interinizaci\u00f3n de\u00a0 los becarios y la demora flagrante en dar curso a las designaciones ganadas por concurso desalientan a los profesionales que sostienen con enorme esfuerzo la atenci\u00f3n diaria&#8221;, sostuvo la Cicop a trav\u00e9s de un comunicado.<\/p>\n<p>Tambi\u00e9n denuncian la \u201cfalta de mantenimiento y de infraestructura\u201d que causan \u201csituaciones como la que ocurri\u00f3\u00a0 en el Hospital San Roque de Gonnet, donde se cay\u00f3 un ascensor con\u00a0 pacientes y trabajadores&#8221;, denunci\u00f3 el gremio.<\/p>\n<p>Fuente: <a href=\"https:\/\/www.pagina12.com.ar\/\">P\u00e1gina 12<\/a><\/p>","protected":false},"excerpt":{"rendered":"<p>Entre forcejeos, amedrentamientos y amenazas, la Polic\u00eda de la Ciudad impidi\u00f3 a los profesionales de la salud bonaerenses agrupados en la Cicop a instalar en la Plaza del Congreso una carpa sanitaria en el marco del paro con que le reclaman al gobierno de Mar\u00eda Eugenia Vidal una oferta paritaria superior al 15 por ciento. [&hellip;]<\/p>\n","protected":false},"author":4,"featured_media":0,"comment_status":"open","ping_status":"open","sticky":false,"template":"","format":"standard","meta":{"site-sidebar-layout":"default","site-content-layout":"","ast-site-content-layout":"default","site-content-style":"default","site-sidebar-style":"default","ast-global-header-display":"","ast-banner-title-visibility":"","ast-main-header-display":"","ast-hfb-above-header-display":"","ast-hfb-below-header-display":"","ast-hfb-mobile-header-display":"","site-post-title":"","ast-breadcrumbs-content":"","ast-featured-img":"","footer-sml-layout":"","ast-disable-related-posts":"","theme-transparent-header-meta":"","adv-header-id-meta":"","stick-header-meta":"","header-above-stick-meta":"","header-main-stick-meta":"","header-below-stick-meta":"","astra-migrate-meta-layouts":"default","ast-page-background-enabled":"default","ast-page-background-meta":{"desktop":{"background-color":"","background-image":"","background-repeat":"repeat","background-position":"center center","background-size":"auto","background-attachment":"scroll","background-type":"","background-media":"","overlay-type":"","overlay-color":"","overlay-opacity":"","overlay-gradient":""},"tablet":{"background-color":"","background-image":"","background-repeat":"repeat","background-position":"center center","background-size":"auto","background-attachment":"scroll","background-type":"","background-media":"","overlay-type":"","overlay-color":"","overlay-opacity":"","overlay-gradient":""},"mobile":{"background-color":"","background-image":"","background-repeat":"repeat","background-position":"center center","background-size":"auto","background-attachment":"scroll","background-type":"","background-media":"","overlay-type":"","overlay-color":"","overlay-opacity":"","overlay-gradient":""}},"ast-content-background-meta":{"desktop":{"background-color":"var(--ast-global-color-5)","background-image":"","background-repeat":"repeat","background-position":"center center","background-size":"auto","background-attachment":"scroll","background-type":"","background-media":"","overlay-type":"","overlay-color":"","overlay-opacity":"","overlay-gradient":""},"tablet":{"background-color":"var(--ast-global-color-5)","background-image":"","background-repeat":"repeat","background-position":"center center","background-size":"auto","background-attachment":"scroll","background-type":"","background-media":"","overlay-type":"","overlay-color":"","overlay-opacity":"","overlay-gradient":""},"mobile":{"background-color":"var(--ast-global-color-5)","background-image":"","background-repeat":"repeat","background-position":"center center","background-size":"auto","background-attachment":"scroll","background-type":"","background-media":"","overlay-type":"","overlay-color":"","overlay-opacity":"","overlay-gradient":""}},"footnotes":""},"categories":[25],"tags":[],"class_list":["post-32448","post","type-post","status-publish","format-standard","hentry","category-destacado"],"spectra_blocks_featured_image_url":null,"spectra_blocks_author_info":{"display_name":"Facundo Novillo","avatar_url":"https:\/\/secure.gravatar.com\/avatar\/09745bc65ce6bf84291d6515d5f759c04b4fce4f329b8a975a8ac2982b552d3e?s=96&d=mm&r=g","author_link":"https:\/\/100xd.com.ar\/es\/author\/facundo\/","description":""},"_links":{"self":[{"href":"https:\/\/100xd.com.ar\/es\/wp-json\/wp\/v2\/posts\/32448","targetHints":{"allow":["GET"]}}],"collection":[{"href":"https:\/\/100xd.com.ar\/es\/wp-json\/wp\/v2\/posts"}],"about":[{"href":"https:\/\/100xd.com.ar\/es\/wp-json\/wp\/v2\/types\/post"}],"author":[{"embeddable":true,"href":"https:\/\/100xd.com.ar\/es\/wp-json\/wp\/v2\/users\/4"}],"replies":[{"embeddable":true,"href":"https:\/\/100xd.com.ar\/es\/wp-json\/wp\/v2\/comments?post=32448"}],"version-history":[{"count":1,"href":"https:\/\/100xd.com.ar\/es\/wp-json\/wp\/v2\/posts\/32448\/revisions"}],"predecessor-version":[{"id":32450,"href":"https:\/\/100xd.com.ar\/es\/wp-json\/wp\/v2\/posts\/32448\/revisions\/32450"}],"wp:attachment":[{"href":"https:\/\/100xd.com.ar\/es\/wp-json\/wp\/v2\/media?parent=32448"}],"wp:term":[{"taxonomy":"category","embeddable":true,"href":"https:\/\/100xd.com.ar\/es\/wp-json\/wp\/v2\/categories?post=32448"},{"taxonomy":"post_tag","embeddable":true,"href":"https:\/\/100xd.com.ar\/es\/wp-json\/wp\/v2\/tags?post=32448"}],"curies":[{"name":"wp","href":"https:\/\/api.w.org\/{rel}","templated":true}]}}