{"id":32320,"date":"2018-06-15T12:22:43","date_gmt":"2018-06-15T15:22:43","guid":{"rendered":"http:\/\/www.100xd.com.ar\/?p=32320"},"modified":"2018-06-15T12:23:15","modified_gmt":"2018-06-15T15:23:15","slug":"pablo-moyano-evalua-otra-huelga-para-el-26-y-27","status":"publish","type":"post","link":"https:\/\/100xd.com.ar\/es\/pablo-moyano-evalua-otra-huelga-para-el-26-y-27\/","title":{"rendered":"Pablo Moyano eval\u00faa otra huelga para el 26 y 27"},"content":{"rendered":"<div class=\"barra\">\n<div class=\"datos-nota\">\n<section class=\"fecha\">15 de junio de 2018 \u00a0<\/section>\n<\/div>\n<\/div>\n<p class=\"capital\">Decidido a elevar el grado de confrontaci\u00f3n, Hugo Moyano advirti\u00f3 que el paro nacional de camioneros que activ\u00f3 ayer podr\u00eda repetirse en el corto plazo y responsabiliz\u00f3 al Gobierno por la falta de acuerdo con los empresarios para sellar un aumento salarial cercano al 27 por ciento.<\/p>\n<p>Su hijo Pablo -el n\u00famero dos del gremio- desafi\u00f3 con otra medida de fuerza para el 26 y 27 de este mes. De concretarse la amenaza, ser\u00edan tres los d\u00edas sin servicios, ya que el sindicato de los camioneros se sumar\u00e1 a la huelga general que convoc\u00f3 la CGT para el 25.<\/p>\n<section id=\"listadoAdemas\" class=\"listado ademas floatFix\" data-is-block=\"true\" data-block-name=\"n_relacionadas-cuerpo\" data-diagramacion-id=\"0\"><\/section>\n<p>Los Moyano buscaron ayer capitalizar el conflicto sectorial para posicionarse en la interna sindical. Ambos coincidieron en que la CGT resolvi\u00f3 ir al paro bajo presi\u00f3n de las bases y caminaron con pies de plomo sobre la viabilidad de la negociaci\u00f3n que a\u00fan mantiene el triunvirato de mando con la Casa Rosada. &#8220;Estaban tratando de negociar lo innegociable&#8221;, dijo Hugo Moyano en una visita al personal de la planta de recolecci\u00f3n de residuos Urbasur, en La Boca. Y agreg\u00f3, casi jact\u00e1ndose de su poder: &#8220;El paro de los camioneros fue total. Y hubo otras actividades que tambi\u00e9n pararon. La calle estaba libre, casi sin colectivos&#8221;.<\/p>\n<p>En su af\u00e1n por escenificar la contundencia de la protesta, Pablo Moyano improvis\u00f3 una conferencia de prensa en una refiner\u00eda de Shell, en Dock Sud, donde se distingu\u00eda un play\u00f3n con m\u00e1s de 300 camiones de combustible paralizados. Una imagen similar se recortaba en la refiner\u00eda de YPF.<\/p>\n<p>En la Federaci\u00f3n Argentina de Entidades Empresarias del Autotransporte de Cargas (Fadeeac), que re\u00fane a m\u00e1s de 50 c\u00e1maras que negocian salarios con camioneros, dijeron a la nacion que el paro tuvo &#8220;muy alta adhesi\u00f3n&#8221; y en algunas empresas fue &#8220;total&#8221;.<\/p>\n<p>El reclamo es por un aumento salarial del 27% y que no se modifique el convenio colectivo del sector, el 40\/89. Sobre todo, los \u00edtems vinculados a la antig\u00fcedad, horas extras y vi\u00e1ticos. &#8220;Espero que Triaca autorice a los empresarios a dar un aumento de 27%&#8221;, dijo Pablo Moyano, que apunt\u00f3 al ministro de Trabajo por presuntas presiones a empresarios.<\/p>\n<p>El gremio de los camioneros activ\u00f3 un paro sectorial a pesar de que rige la conciliaci\u00f3n obligatoria, dictada hace una semana. Por este incumplimiento Trabajo podr\u00eda sancionar al sindicato con un pena econ\u00f3mica y hasta con la quita de la personer\u00eda gremial. La oficializaci\u00f3n de la sanci\u00f3n podr\u00eda concretarse hoy, una vez que Triaca avale los informes de los inspectores que supervisaron que no hubo actividad de los camioneros.<\/p>\n<div class=\"firma\">Por:\u00a0<a href=\"https:\/\/www.lanacion.com.ar\/autor\/nicolas-balinotti-152\">Nicol\u00e1s Balinotti<\/a><\/div>\n<div class=\"firma\"><\/div>\n<div class=\"firma\">Fuente:<a href=\"https:\/\/www.lanacion.com.ar\/\"> La Naci\u00f3n<\/a><\/div>","protected":false},"excerpt":{"rendered":"<p>15 de junio de 2018 \u00a0 Decidido a elevar el grado de confrontaci\u00f3n, Hugo Moyano advirti\u00f3 que el paro nacional de camioneros que activ\u00f3 ayer podr\u00eda repetirse en el corto plazo y responsabiliz\u00f3 al Gobierno por la falta de acuerdo con los empresarios para sellar un aumento salarial cercano al 27 por ciento. Su hijo [&hellip;]<\/p>\n","protected":false},"author":4,"featured_media":0,"comment_status":"open","ping_status":"open","sticky":false,"template":"","format":"standard","meta":{"site-sidebar-layout":"default","site-content-layout":"","ast-site-content-layout":"default","site-content-style":"default","site-sidebar-style":"default","ast-global-header-display":"","ast-banner-title-visibility":"","ast-main-header-display":"","ast-hfb-above-header-display":"","ast-hfb-below-header-display":"","ast-hfb-mobile-header-display":"","site-post-title":"","ast-breadcrumbs-content":"","ast-featured-img":"","footer-sml-layout":"","ast-disable-related-posts":"","theme-transparent-header-meta":"","adv-header-id-meta":"","stick-header-meta":"","header-above-stick-meta":"","header-main-stick-meta":"","header-below-stick-meta":"","astra-migrate-meta-layouts":"default","ast-page-background-enabled":"default","ast-page-background-meta":{"desktop":{"background-color":"","background-image":"","background-repeat":"repeat","background-position":"center center","background-size":"auto","background-attachment":"scroll","background-type":"","background-media":"","overlay-type":"","overlay-color":"","overlay-opacity":"","overlay-gradient":""},"tablet":{"background-color":"","background-image":"","background-repeat":"repeat","background-position":"center center","background-size":"auto","background-attachment":"scroll","background-type":"","background-media":"","overlay-type":"","overlay-color":"","overlay-opacity":"","overlay-gradient":""},"mobile":{"background-color":"","background-image":"","background-repeat":"repeat","background-position":"center center","background-size":"auto","background-attachment":"scroll","background-type":"","background-media":"","overlay-type":"","overlay-color":"","overlay-opacity":"","overlay-gradient":""}},"ast-content-background-meta":{"desktop":{"background-color":"var(--ast-global-color-5)","background-image":"","background-repeat":"repeat","background-position":"center center","background-size":"auto","background-attachment":"scroll","background-type":"","background-media":"","overlay-type":"","overlay-color":"","overlay-opacity":"","overlay-gradient":""},"tablet":{"background-color":"var(--ast-global-color-5)","background-image":"","background-repeat":"repeat","background-position":"center center","background-size":"auto","background-attachment":"scroll","background-type":"","background-media":"","overlay-type":"","overlay-color":"","overlay-opacity":"","overlay-gradient":""},"mobile":{"background-color":"var(--ast-global-color-5)","background-image":"","background-repeat":"repeat","background-position":"center center","background-size":"auto","background-attachment":"scroll","background-type":"","background-media":"","overlay-type":"","overlay-color":"","overlay-opacity":"","overlay-gradient":""}},"footnotes":""},"categories":[25],"tags":[],"class_list":["post-32320","post","type-post","status-publish","format-standard","hentry","category-destacado"],"spectra_blocks_featured_image_url":null,"spectra_blocks_author_info":{"display_name":"Facundo Novillo","avatar_url":"https:\/\/secure.gravatar.com\/avatar\/09745bc65ce6bf84291d6515d5f759c04b4fce4f329b8a975a8ac2982b552d3e?s=96&d=mm&r=g","author_link":"https:\/\/100xd.com.ar\/es\/author\/facundo\/","description":""},"_links":{"self":[{"href":"https:\/\/100xd.com.ar\/es\/wp-json\/wp\/v2\/posts\/32320","targetHints":{"allow":["GET"]}}],"collection":[{"href":"https:\/\/100xd.com.ar\/es\/wp-json\/wp\/v2\/posts"}],"about":[{"href":"https:\/\/100xd.com.ar\/es\/wp-json\/wp\/v2\/types\/post"}],"author":[{"embeddable":true,"href":"https:\/\/100xd.com.ar\/es\/wp-json\/wp\/v2\/users\/4"}],"replies":[{"embeddable":true,"href":"https:\/\/100xd.com.ar\/es\/wp-json\/wp\/v2\/comments?post=32320"}],"version-history":[{"count":1,"href":"https:\/\/100xd.com.ar\/es\/wp-json\/wp\/v2\/posts\/32320\/revisions"}],"predecessor-version":[{"id":32322,"href":"https:\/\/100xd.com.ar\/es\/wp-json\/wp\/v2\/posts\/32320\/revisions\/32322"}],"wp:attachment":[{"href":"https:\/\/100xd.com.ar\/es\/wp-json\/wp\/v2\/media?parent=32320"}],"wp:term":[{"taxonomy":"category","embeddable":true,"href":"https:\/\/100xd.com.ar\/es\/wp-json\/wp\/v2\/categories?post=32320"},{"taxonomy":"post_tag","embeddable":true,"href":"https:\/\/100xd.com.ar\/es\/wp-json\/wp\/v2\/tags?post=32320"}],"curies":[{"name":"wp","href":"https:\/\/api.w.org\/{rel}","templated":true}]}}