{"id":30819,"date":"2018-02-27T13:08:11","date_gmt":"2018-02-27T16:08:11","guid":{"rendered":"http:\/\/www.100xd.com.ar\/?p=30819"},"modified":"2018-02-27T13:08:15","modified_gmt":"2018-02-27T16:08:15","slug":"arenga-y-definicion-a-favor-de-la-vida","status":"publish","type":"post","link":"https:\/\/100xd.com.ar\/es\/arenga-y-definicion-a-favor-de-la-vida\/","title":{"rendered":"Arenga y definici\u00f3n \u201ca favor de la vida\u201d"},"content":{"rendered":"<p>Los recibi\u00f3 en la quinta de Olivos. Les dio un escaso aperitivo, que hizo que muchos terminaran cenando en las inmediaciones. Y los areng\u00f3, como siempre. El presidente Mauricio Macri recibi\u00f3 a sus diputados y senadores en un encuentro previo al discurso que dar\u00e1 ante la Asamblea Legislativa este jueves. Luego de los cl\u00e1sicos pedidos de compromiso y de advertirles que as\u00ed como hay momentos mejores deber\u00e1n atravesar momentos dif\u00edciles de Gobierno, Macri tambi\u00e9n se refiri\u00f3 al debate por el derecho al aborto:<\/p>\n<div class=\"article-card top-border-black float-left\">\n<div class=\"card-section\">\n<h5 class=\"article-prefix\"><a class=\"label-read-more\" href=\"https:\/\/www.pagina12.com.ar\/98193-voces-a-favor-y-en-contra-de-la-iniciativa\">LEER M\u00c1S<\/a><\/h5>\n<h5 class=\"article-prefix\"><a class=\"label-1\" href=\"https:\/\/www.pagina12.com.ar\/98193-voces-a-favor-y-en-contra-de-la-iniciativa\">El debate sobre el aborto<\/a>|\u00a0<a class=\"label-4\" href=\"https:\/\/www.pagina12.com.ar\/98193-voces-a-favor-y-en-contra-de-la-iniciativa\">Voces a favor y en contra de la iniciativa<\/a><\/h5>\n<\/div>\n<\/div>\n<p>\u201cEspero que tengan un gran debate. Un debate verdadero, un debate profundo. M\u00e1s all\u00e1 de mi posici\u00f3n, estoy a favor de la vida, me parecen leg\u00edtimas todas las posiciones\u201d, les dijo, seg\u00fan pudo reconstruir P\u00e1ginaI12 con media docena de asistentes. Incluso imagin\u00f3 un debate en televisi\u00f3n, donde dos integrantes de Cambiemos defendieran los argumentos a favor y en contra. Y al final se dieran la mano.<\/p>\n<p>Macri ratific\u00f3 de esta forma ante sus legisladores lo que viene siendo la posici\u00f3n del Gobierno: lo importante es el debate, que debe ser largo de ser posible, y no la urgencia de resolver las muertes por abortos clandestinos. No hay en el discurso oficial una intenci\u00f3n de que la ley se apruebe, si bien existen diputados y senadores que apoyan la iniciativa y otros que est\u00e1n indecisos y podr\u00edan terminar volc\u00e1ndose a favor.<\/p>\n<p>El encuentro, como en otros casos en los que Macri recibi\u00f3 a sus diputados y senadores, fue protocolar. Los recibi\u00f3 en la Quinta de Olivos y lo primero que hicieron fue sacarse la \u201cfoto de familia\u201d: todos juntos, con un fondo buc\u00f3lico.<\/p>\n<p>Luego pasaron al quincho. Los primeros en hablar fueron dos radicales, que presiden los interbloques de Cambiemos: Mario Negri (Diputados) y Luis Naidenoff (Senado). Los dos hablaron poco m\u00e1s de cinco minutos y se refirieron a fortalecer Cambiemos y mejorar el funcionamiento de la coalici\u00f3n. Negri tir\u00f3 las primeras met\u00e1foras futboleras como un gui\u00f1o al Presidente: \u201cEste equipo ya juega un poco de memoria\u201d, le dijo. Naidenoff pate\u00f3 en la misma direcci\u00f3n.<\/p>\n<p>Luego le toc\u00f3 el turno al Presidente, quien habl\u00f3 bastante para lo que suelen ser sus arengas: unos 20 minutos. El primer eje fue recordar las obligaciones de los legisladores de trabajar de cerca con el Gobierno. \u201cTienen que estar cerca de la gesti\u00f3n y asistir a las reuniones de coordinaci\u00f3n del Gobierno. Los quiero en contacto con los ministros\u201d, remarc\u00f3 Macri, quien sostuvo que esa forma de trabajo les dio resultados cuando era jefe del gobierno porte\u00f1o. Puso como ejemplo de buenos alumnos de la clase a dos diputados que ten\u00eda cerca: Waldo Wolff y Luis Petri, quien recientemente present\u00f3 un proyecto para juzgar a los sindicalistas por delitos de corrupci\u00f3n que, hasta ahora, est\u00e1n reservados para los funcionarios p\u00fablicos.<\/p>\n<p>En esa misma l\u00ednea, Macri les pidi\u00f3 que sean proactivos. \u201cYa saben cu\u00e1l es el rumbo del Gobierno. Promuevan en el Congreso los proyectos de ley que sean convenientes. No esperen que todas las iniciativas vengan del Ejecutivo\u201d, insisti\u00f3. \u201cRecuerden que de lo que se trata es de mejorarle la vida a la gente. Esa es nuestra tarea\u201d, dijo y volvi\u00f3 sobre las met\u00e1foras futboleras conocidas: \u201cEstamos para cortarles el c\u00e9sped a los inversionistas y que ellos metan los goles\u201d.<\/p>\n<p>Luego, Macri se refiri\u00f3 al tema que encendi\u00f3 la agenda oficial en los \u00faltimos d\u00edas, el debate por la despenalizaci\u00f3n del aborto. All\u00ed traz\u00f3 nuevamente la l\u00ednea oficial: lo importante es el debate, las formas, y no el resultado. \u201cEspero que tengan un gran debate. Un debate verdadero, un debate profundo\u201d, les dijo. \u201cM\u00e1s all\u00e1 de mi posici\u00f3n, que estoy a favor de la vida, me parecen leg\u00edtimas todas las posiciones. Me encantar\u00eda ver en la televisi\u00f3n a dos legisladores de Cambiemos defendiendo posiciones distintas y al salir del canal se sigan respetando. El debate es importante, pero es importante que tambi\u00e9n seamos respetuosos\u201d, insisti\u00f3 el Presidente, seg\u00fan pudo reconstruir este diario.<\/p>\n<p>Macri no dio m\u00e1s detalles de la estrategia legislativa pero, para las principales espadas de Cambiemos, qued\u00f3 claro que si pide un debate extenso no es para que el oficialismo apoye la sesi\u00f3n especial que promueven sectores de la oposici\u00f3n el 8 de marzo. \u201cLa idea es debatir con responsabilidad escuchando todas las posturas, estudiando a fondo la experiencia en el mundo y con respeto a todas las voces\u201d, indic\u00f3 una de las figuras del PRO que tiene a su cargo la tarea de seguir el tema.<\/p>\n<p>Lo \u00faltimo fue un Macri intentando levantar los \u00e1nimos en tiempos en que el oficialismo viene sufriendo golpes. Les pidi\u00f3 que sean optimistas, que no pierdan la alegr\u00eda ante los altos y los bajos. \u201cEn las elecciones est\u00e1bamos para quedarnos cien a\u00f1os. Eso no era correcto. En diciembre, est\u00e1bamos para irnos. Y eso tampoco es correcto\u201d, dijo.<\/p>\n<p>Los agasajados recibieron unos magros s\u00e1nguches de chorizo bomb\u00f3n, algo de lomito y algunas gaseosa y naranjadas. Todo termin\u00f3 antes de las 20, lo que les permiti\u00f3 a los m\u00e1s hambrientos ir en busca de alg\u00fan restaurante, donde \u2013ah\u00ed s\u00ed\u2013 poder descorchar un buen vino.<\/p>\n<p>Fuente: <a href=\"https:\/\/www.pagina12.com.ar\/\">P\u00e1gina 12<\/a><\/p>","protected":false},"excerpt":{"rendered":"<p>Los recibi\u00f3 en la quinta de Olivos. Les dio un escaso aperitivo, que hizo que muchos terminaran cenando en las inmediaciones. Y los areng\u00f3, como siempre. El presidente Mauricio Macri recibi\u00f3 a sus diputados y senadores en un encuentro previo al discurso que dar\u00e1 ante la Asamblea Legislativa este jueves. Luego de los cl\u00e1sicos pedidos [&hellip;]<\/p>\n","protected":false},"author":4,"featured_media":0,"comment_status":"open","ping_status":"open","sticky":false,"template":"","format":"standard","meta":{"site-sidebar-layout":"default","site-content-layout":"","ast-site-content-layout":"default","site-content-style":"default","site-sidebar-style":"default","ast-global-header-display":"","ast-banner-title-visibility":"","ast-main-header-display":"","ast-hfb-above-header-display":"","ast-hfb-below-header-display":"","ast-hfb-mobile-header-display":"","site-post-title":"","ast-breadcrumbs-content":"","ast-featured-img":"","footer-sml-layout":"","ast-disable-related-posts":"","theme-transparent-header-meta":"","adv-header-id-meta":"","stick-header-meta":"","header-above-stick-meta":"","header-main-stick-meta":"","header-below-stick-meta":"","astra-migrate-meta-layouts":"default","ast-page-background-enabled":"default","ast-page-background-meta":{"desktop":{"background-color":"","background-image":"","background-repeat":"repeat","background-position":"center center","background-size":"auto","background-attachment":"scroll","background-type":"","background-media":"","overlay-type":"","overlay-color":"","overlay-opacity":"","overlay-gradient":""},"tablet":{"background-color":"","background-image":"","background-repeat":"repeat","background-position":"center center","background-size":"auto","background-attachment":"scroll","background-type":"","background-media":"","overlay-type":"","overlay-color":"","overlay-opacity":"","overlay-gradient":""},"mobile":{"background-color":"","background-image":"","background-repeat":"repeat","background-position":"center center","background-size":"auto","background-attachment":"scroll","background-type":"","background-media":"","overlay-type":"","overlay-color":"","overlay-opacity":"","overlay-gradient":""}},"ast-content-background-meta":{"desktop":{"background-color":"var(--ast-global-color-5)","background-image":"","background-repeat":"repeat","background-position":"center center","background-size":"auto","background-attachment":"scroll","background-type":"","background-media":"","overlay-type":"","overlay-color":"","overlay-opacity":"","overlay-gradient":""},"tablet":{"background-color":"var(--ast-global-color-5)","background-image":"","background-repeat":"repeat","background-position":"center center","background-size":"auto","background-attachment":"scroll","background-type":"","background-media":"","overlay-type":"","overlay-color":"","overlay-opacity":"","overlay-gradient":""},"mobile":{"background-color":"var(--ast-global-color-5)","background-image":"","background-repeat":"repeat","background-position":"center center","background-size":"auto","background-attachment":"scroll","background-type":"","background-media":"","overlay-type":"","overlay-color":"","overlay-opacity":"","overlay-gradient":""}},"footnotes":""},"categories":[25],"tags":[],"class_list":["post-30819","post","type-post","status-publish","format-standard","hentry","category-destacado"],"spectra_blocks_featured_image_url":null,"spectra_blocks_author_info":{"display_name":"Facundo Novillo","avatar_url":"https:\/\/secure.gravatar.com\/avatar\/09745bc65ce6bf84291d6515d5f759c04b4fce4f329b8a975a8ac2982b552d3e?s=96&d=mm&r=g","author_link":"https:\/\/100xd.com.ar\/es\/author\/facundo\/","description":""},"_links":{"self":[{"href":"https:\/\/100xd.com.ar\/es\/wp-json\/wp\/v2\/posts\/30819","targetHints":{"allow":["GET"]}}],"collection":[{"href":"https:\/\/100xd.com.ar\/es\/wp-json\/wp\/v2\/posts"}],"about":[{"href":"https:\/\/100xd.com.ar\/es\/wp-json\/wp\/v2\/types\/post"}],"author":[{"embeddable":true,"href":"https:\/\/100xd.com.ar\/es\/wp-json\/wp\/v2\/users\/4"}],"replies":[{"embeddable":true,"href":"https:\/\/100xd.com.ar\/es\/wp-json\/wp\/v2\/comments?post=30819"}],"version-history":[{"count":1,"href":"https:\/\/100xd.com.ar\/es\/wp-json\/wp\/v2\/posts\/30819\/revisions"}],"predecessor-version":[{"id":30821,"href":"https:\/\/100xd.com.ar\/es\/wp-json\/wp\/v2\/posts\/30819\/revisions\/30821"}],"wp:attachment":[{"href":"https:\/\/100xd.com.ar\/es\/wp-json\/wp\/v2\/media?parent=30819"}],"wp:term":[{"taxonomy":"category","embeddable":true,"href":"https:\/\/100xd.com.ar\/es\/wp-json\/wp\/v2\/categories?post=30819"},{"taxonomy":"post_tag","embeddable":true,"href":"https:\/\/100xd.com.ar\/es\/wp-json\/wp\/v2\/tags?post=30819"}],"curies":[{"name":"wp","href":"https:\/\/api.w.org\/{rel}","templated":true}]}}