{"id":29770,"date":"2017-12-20T12:34:05","date_gmt":"2017-12-20T15:34:05","guid":{"rendered":"http:\/\/www.100xd.com.ar\/?p=29770"},"modified":"2017-12-20T12:34:10","modified_gmt":"2017-12-20T15:34:10","slug":"el-orgullo-y-la-complicidad","status":"publish","type":"post","link":"https:\/\/100xd.com.ar\/es\/el-orgullo-y-la-complicidad\/","title":{"rendered":"El orgullo y la complicidad"},"content":{"rendered":"<p>Tras el marat\u00f3nico y caldeado debate por el ajuste previsional, ayer a la tarde el oficialismo se lanz\u00f3 en busca de aprobar la reforma tributaria en la C\u00e1mara de Diputados. Lejos de apuntar a calmar las aguas, el jefe del bloque de Cambiemos, Nicol\u00e1s Massot, decidi\u00f3 retomar la sesi\u00f3n con una cuesti\u00f3n de privilegio contra los diputados del Frente para la Victoria que hab\u00edan recordado los v\u00ednculos de su familia con la dictadura militar.<\/p>\n<div class=\"article-card top-border-black float-left\">\n<div class=\"card-section\">\n<h5 class=\"article-prefix\"><a class=\"label-read-more\" href=\"https:\/\/www.pagina12.com.ar\/83906-pedido-de-amparo-en-san-martin\">LEER M\u00c1S<\/a><\/h5>\n<h5 class=\"article-prefix\"><a class=\"label-4\" href=\"https:\/\/www.pagina12.com.ar\/83906-pedido-de-amparo-en-san-martin\">Pedido de amparo en San Mart\u00edn<\/a><\/h5>\n<\/div>\n<\/div>\n<p>El discurso de Massot estuvo dirigido contra Juan Cabandi\u00e9 y Horacio Pietragalla, ambos hijos de desaparecidos, quienes en el debate previo hab\u00edan se\u00f1alado la complicidad de su t\u00edo, Vicente Massot, ex propietario del diario La Nueva Provincia, con los cr\u00edmenes de la dictadura c\u00edvico-militar. \u201cEstoy muy orgulloso y agradecido de la familia a la que pertenezco y del apellido que cargo\u201d, dijo el legislador de Cambiemos, y afirm\u00f3 que su moci\u00f3n iba tambi\u00e9n contra el jefe del bloque del FpV, Agust\u00edn Rossi, y \u201ca trav\u00e9s de ellos a todos los que de alguna y otra manera hicieron alusi\u00f3n\u201d a su apellido.<\/p>\n<p>Massot apunt\u00f3 especialmente contra Cabandi\u00e9, con quien dijo haber tenido numerosos encuentros, incluso uno en la casa del legislador y nieto recuperado. \u201cNo quedan m\u00e1s que dos opciones: o ha habido mala fe en su comentario o ha habido una utilizaci\u00f3n pol\u00edtica de su historia, eso es m\u00e1s indigno\u201d, lanz\u00f3. Y chicane\u00f3 tanto a Cabandi\u00e9 como a Pietragalla: dijo que deb\u00edan \u201csentirse muy inc\u00f3modos de ser conducidos por el jefe de (C\u00e9sar) Milani, por el que lo design\u00f3 a Milani\u201d (al frente del Ej\u00e9rcito). Alud\u00eda, claro, a Rossi, ex ministro de Defensa, a quien cuestion\u00f3 luego, directamente, por haberle reprochado al oficialismo la denuncia penal anunciada contra los diputados opositores que exigieron el levantamiento de la escandalosa sesi\u00f3n del jueves pasado, ante la evidente falta de qu\u00f3rum. \u201cA veces ser bot\u00f3n es buscar la justicia\u201d, fue la justificaci\u00f3n de Massot. Y redonde\u00f3 con otra chicana al FpV: \u201cPrefiero tener chapa de bot\u00f3n que de encubridor, ustedes encubrieron un atentado en el que murieron 85 personas\u201d.<\/p>\n<p>Cabandi\u00e9, Pietragalla y Rossi le contestaron. \u201cDurante muchos a\u00f1os en los que el oscurantismo reinaba en la Argentina, era menester poder reivindicar esa historia por el reclamo de justicia\u201d, dijo Cabandi\u00e9 al responder a la acusaci\u00f3n por la \u201cutilizaci\u00f3n pol\u00edtica\u201d de su condici\u00f3n de hijo de desaparecidos. \u201cYo hago responsable a la familia Massot de la desaparici\u00f3n de mis pap\u00e1s\u201d, dijo, pero aclar\u00f3: \u201cEso no significa que yo traslade al diputado Massot la responsabilidad de su familia\u201d.<\/p>\n<p>\u201cAnte la provocaci\u00f3n del diputado Massot nos obliga a responder. Pero no nos corre el rencor ni el odio. Si no, no lo hubiera invitado a mi casa\u201d, aclar\u00f3. Luego cont\u00f3 la an\u00e9cdota de cuando el jefe del bloque de Cambiemos \u201cpara romper el hielo\u201d le pregunt\u00f3 d\u00f3nde hab\u00eda nacido. \u201cLe dije que en la ESMA. De colorado pas\u00f3 a bord\u00f3, porque se dio cuenta de que hab\u00eda hecho una pregunta impertinente\u201d, relat\u00f3.<\/p>\n<p>A su turno, Pietragalla record\u00f3 que el t\u00edo del legislador macrista \u00a0\u201centreg\u00f3 a dos sindicalistas que trabajaban en su diario\u201d y adem\u00e1s \u201cera propagandista de la dictadura\u201d. \u201cNo solo era propagandista, sino que encubr\u00eda los operativos de las Fuerzas Armadas como enfrentamientos\u201d, a\u00f1adi\u00f3.<\/p>\n<p>\u201cA mis viejos me los entregaron en una caja de zapatos. Los huesitos me entregaron. A m\u00ed no me veng\u00e1s a correr\u201d, tuvo que gritar ante las interrupciones y provocaciones de una diputada de Cambiemos. \u201cTe est\u00e1s metiendo en un lugar muy sensible, se est\u00e1n metiendo en un lugar muy sensible. Mis abuelos se murieron golpeando puertas a pol\u00edticos como ustedes y nadie les daba la respuesta, y no me llegaron a conocer\u201d, a\u00f1adi\u00f3.<\/p>\n<p>Por \u00faltimo, Pietragalla revindic\u00f3 las pol\u00edticas de memoria, verdad y justicia del kirchnerismo y consider\u00f3 que \u201clo que m\u00e1s les duele es que desenmascaramos a la responsabilidad civil, hoy la sociedad sabe qui\u00e9n es el t\u00edo de este se\u00f1or, qui\u00e9n es (H\u00e9ctor) Magnetto, quien es (Carlos Pedro) Blaquier\u201d. En esa l\u00ednea, denunci\u00f3 el congelamiento de la comisi\u00f3n bicameral para investigar las complicidades econ\u00f3micas y financieras con la dictadura: \u201cClaro, vamos a encontrar cientos de funcionarios de este gobierno nacional que tuvieron responsabilidad, sus familias, sus testaferros\u201d. \u201cEstamos orgullosos de nuestros padres porque lucharon hasta \u00faltimo momento y pusieron en riesgo su vida por la igualdad social\u201d, concluy\u00f3.<\/p>\n<p>Rossi fue el \u00faltimo en responderle a Massot. \u00a0\u201cMe parece una verdad de Perogrullo que el diputado Massot est\u00e9 orgulloso de su familia. Yo estoy orgulloso de la m\u00eda, no es un argumento pol\u00edtico eso. Nosotros venimos ac\u00e1 a discutir de pol\u00edtica\u201d, afirm\u00f3 y sostuvo que \u201cpara algunos de los que est\u00e1n sentados ac\u00e1 o para los familiares de los que est\u00e1n sentados ac\u00e1, la dictadura no fue la dictadura, simplemente fue otro gobierno. Ratific\u00f3 tambi\u00e9n que considera \u201cuna botoneada\u201d que se denuncie a los diputados por la fallida sesi\u00f3n del jueves pasado. \u201cNunca consiguieron el qu\u00f3rum\u201d, insisti\u00f3. \u201cYo fui ocho a\u00f1os presidente del bloque del oficialismo y nunca denunci\u00e9 penalmente a nadie \u2013concluy\u00f3\u2013. Retiren esa denuncia, no le hace bien al Congreso.\u201d<\/p>\n<p>Fuente:<a href=\"https:\/\/www.pagina12.com.ar\/\"> P\u00e1gina 12<\/a><\/p>","protected":false},"excerpt":{"rendered":"<p>Tras el marat\u00f3nico y caldeado debate por el ajuste previsional, ayer a la tarde el oficialismo se lanz\u00f3 en busca de aprobar la reforma tributaria en la C\u00e1mara de Diputados. Lejos de apuntar a calmar las aguas, el jefe del bloque de Cambiemos, Nicol\u00e1s Massot, decidi\u00f3 retomar la sesi\u00f3n con una cuesti\u00f3n de privilegio contra [&hellip;]<\/p>\n","protected":false},"author":4,"featured_media":0,"comment_status":"open","ping_status":"open","sticky":false,"template":"","format":"standard","meta":{"site-sidebar-layout":"default","site-content-layout":"","ast-site-content-layout":"default","site-content-style":"default","site-sidebar-style":"default","ast-global-header-display":"","ast-banner-title-visibility":"","ast-main-header-display":"","ast-hfb-above-header-display":"","ast-hfb-below-header-display":"","ast-hfb-mobile-header-display":"","site-post-title":"","ast-breadcrumbs-content":"","ast-featured-img":"","footer-sml-layout":"","ast-disable-related-posts":"","theme-transparent-header-meta":"","adv-header-id-meta":"","stick-header-meta":"","header-above-stick-meta":"","header-main-stick-meta":"","header-below-stick-meta":"","astra-migrate-meta-layouts":"default","ast-page-background-enabled":"default","ast-page-background-meta":{"desktop":{"background-color":"","background-image":"","background-repeat":"repeat","background-position":"center center","background-size":"auto","background-attachment":"scroll","background-type":"","background-media":"","overlay-type":"","overlay-color":"","overlay-opacity":"","overlay-gradient":""},"tablet":{"background-color":"","background-image":"","background-repeat":"repeat","background-position":"center center","background-size":"auto","background-attachment":"scroll","background-type":"","background-media":"","overlay-type":"","overlay-color":"","overlay-opacity":"","overlay-gradient":""},"mobile":{"background-color":"","background-image":"","background-repeat":"repeat","background-position":"center center","background-size":"auto","background-attachment":"scroll","background-type":"","background-media":"","overlay-type":"","overlay-color":"","overlay-opacity":"","overlay-gradient":""}},"ast-content-background-meta":{"desktop":{"background-color":"var(--ast-global-color-5)","background-image":"","background-repeat":"repeat","background-position":"center center","background-size":"auto","background-attachment":"scroll","background-type":"","background-media":"","overlay-type":"","overlay-color":"","overlay-opacity":"","overlay-gradient":""},"tablet":{"background-color":"var(--ast-global-color-5)","background-image":"","background-repeat":"repeat","background-position":"center center","background-size":"auto","background-attachment":"scroll","background-type":"","background-media":"","overlay-type":"","overlay-color":"","overlay-opacity":"","overlay-gradient":""},"mobile":{"background-color":"var(--ast-global-color-5)","background-image":"","background-repeat":"repeat","background-position":"center center","background-size":"auto","background-attachment":"scroll","background-type":"","background-media":"","overlay-type":"","overlay-color":"","overlay-opacity":"","overlay-gradient":""}},"footnotes":""},"categories":[25],"tags":[],"class_list":["post-29770","post","type-post","status-publish","format-standard","hentry","category-destacado"],"spectra_blocks_featured_image_url":null,"spectra_blocks_author_info":{"display_name":"Facundo Novillo","avatar_url":"https:\/\/secure.gravatar.com\/avatar\/09745bc65ce6bf84291d6515d5f759c04b4fce4f329b8a975a8ac2982b552d3e?s=96&d=mm&r=g","author_link":"https:\/\/100xd.com.ar\/es\/author\/facundo\/","description":""},"_links":{"self":[{"href":"https:\/\/100xd.com.ar\/es\/wp-json\/wp\/v2\/posts\/29770","targetHints":{"allow":["GET"]}}],"collection":[{"href":"https:\/\/100xd.com.ar\/es\/wp-json\/wp\/v2\/posts"}],"about":[{"href":"https:\/\/100xd.com.ar\/es\/wp-json\/wp\/v2\/types\/post"}],"author":[{"embeddable":true,"href":"https:\/\/100xd.com.ar\/es\/wp-json\/wp\/v2\/users\/4"}],"replies":[{"embeddable":true,"href":"https:\/\/100xd.com.ar\/es\/wp-json\/wp\/v2\/comments?post=29770"}],"version-history":[{"count":2,"href":"https:\/\/100xd.com.ar\/es\/wp-json\/wp\/v2\/posts\/29770\/revisions"}],"predecessor-version":[{"id":29773,"href":"https:\/\/100xd.com.ar\/es\/wp-json\/wp\/v2\/posts\/29770\/revisions\/29773"}],"wp:attachment":[{"href":"https:\/\/100xd.com.ar\/es\/wp-json\/wp\/v2\/media?parent=29770"}],"wp:term":[{"taxonomy":"category","embeddable":true,"href":"https:\/\/100xd.com.ar\/es\/wp-json\/wp\/v2\/categories?post=29770"},{"taxonomy":"post_tag","embeddable":true,"href":"https:\/\/100xd.com.ar\/es\/wp-json\/wp\/v2\/tags?post=29770"}],"curies":[{"name":"wp","href":"https:\/\/api.w.org\/{rel}","templated":true}]}}