{"id":2971,"date":"2015-06-23T17:28:17","date_gmt":"2015-06-23T20:28:17","guid":{"rendered":"http:\/\/www.100xd.com.ar\/?p=2971"},"modified":"2015-06-24T11:21:40","modified_gmt":"2015-06-24T14:21:40","slug":"massa-saenz-representa-la-mirada-del-interior-profundo-del-pais","status":"publish","type":"post","link":"https:\/\/100xd.com.ar\/es\/massa-saenz-representa-la-mirada-del-interior-profundo-del-pais\/","title":{"rendered":"Massa: &#8220;S\u00e1enz representa la mirada del interior profundo del pa\u00eds&#8221;"},"content":{"rendered":"<p>Se present\u00f3 p\u00fablicamente en Tigre la f\u00f3rmula para la precandidatura presidencial Sergio Massa-Gustavo S\u00e1enz, que competir\u00e1n en las Elecciones Primarias dentro del espacio UNA. All\u00ed, Massa destac\u00f3:\u00a0\u201cLa elecci\u00f3n de Gustavo S\u00e1enz como precandidato a vicepresidente significa sobre todo pensar en un pa\u00eds federal&#8221;. En tanto, S\u00e1enz, agreg\u00f3:\u00a0\u201cLa Argentina que viene no empieza y termina en la General Paz, hay un interior profundo que necesita que se lo atienda, se lo escuche y no se lo a\u00edsle\u201d.<\/p>\n<p>En ese marco, Sergio Massa manifest\u00f3: \u201cVemos las dem\u00e1s f\u00f3rmulas, una de ellas, construida en la Casa Rosada para ponerle un carcelero a Scioli; la otra, construida pensando en la elecci\u00f3n de la Ciudad, tratando de alcanzar el triunfo de Rodr\u00edguez Larreta. Nadie pensando en el pa\u00eds federal, nadie pensando en que la Argentina necesita un proyecto de progreso y desarrollo\u201d.<\/p>\n<p>\u201cEl norte argentino necesita pelear pero sobre todo crecer, nadie piensa en las econom\u00edas regionales, nosotros s\u00ed. Creemos que hace falta dirigencia joven. Gustavo es un joven dirigente que viene de ganarle al PRO y al Kirchnerismo contra todas las encuestas, contra todos los pron\u00f3sticos\u201d, a\u00f1adi\u00f3 Massa, \u00a0y subray\u00f3: \u201cCreemos que viene la era de una nueva generaci\u00f3n, de los hijos de la democracia, de los dirigentes que, ni hicieron negocios con el menemismo como es el caso de Macri, ni crecieron a la luz del poder de la Casa Rosada\u201d,<\/p>\n<p>Por su parte, el flamante precandidato a vicepresidente, Gustavo S\u00e1enz, indic\u00f3: \u201cLa Argentina que viene no empieza y termina en la General Paz, hay un interior profundo que necesita que se lo atienda, se lo escuche y no se lo a\u00edsle\u201d.<\/p>\n<p>\u201cVoy a ser la voz del interior profundo. El interior que se pregona pero no se practica. Hay temas que nos preocupan como la inseguridad, el narcotr\u00e1fico, que vamos a trabajar de manera conjunta por la Argentina que\u00a0\u00a0viene, desde la humildad\u201d, dijo S\u00e1enz y agreg\u00f3: \u201cHay cosas buenas que se hicieron que hay que darles continuidad y cosas que se hicieron pero se hicieron mal y, hay cosas que no se hicieron y que hay que hacerlas de una vez por todas\u201d, determin\u00f3 S\u00e1enz.<\/p>\n<p>En ese sentido, el diputado nacional Sergio Massa apunt\u00f3: \u201cTenemos la obligaci\u00f3n de que construir un futuro, la Argentina en la cual cuidemos las paritarias, la AUH, la jubilaci\u00f3n p\u00fablica, la posibilidad de que en el pa\u00eds haya distribuci\u00f3n del ingreso pero tambi\u00e9n, la Argentina en la que cambiemos con dirigentes convencidos en que tenemos que meter presos a los corruptos como Jaime, dirigentes que tengan coraje de enfrentar a los jueces sacapresos\u201d<\/p>\n<p>\u201cTenemos la obligaci\u00f3n de construir un pa\u00eds en el que el interior pase a ser protagonista, en el que tengamos la capacidad de crear el empleo para los m\u00e1s j\u00f3venes, en el que peleemos contra el narcotr\u00e1fico, con protecci\u00f3n de las fronteras para cuidar a nuestros hijos. Esa es nuestra tarea, esa es la obligaci\u00f3n que tenemos con nuestros hijos y con todos los argentinos\u201d, concluy\u00f3 Massa.<\/p>","protected":false},"excerpt":{"rendered":"<p>Se present\u00f3 p\u00fablicamente en Tigre la f\u00f3rmula para la precandidatura presidencial Sergio Massa-Gustavo S\u00e1enz, que competir\u00e1n en las Elecciones Primarias dentro del espacio UNA. All\u00ed, Massa destac\u00f3:\u00a0\u201cLa elecci\u00f3n de Gustavo S\u00e1enz como precandidato a vicepresidente significa sobre todo pensar en un pa\u00eds federal&#8221;. En tanto, S\u00e1enz, agreg\u00f3:\u00a0\u201cLa Argentina que viene no empieza y termina en [&hellip;]<\/p>\n","protected":false},"author":4,"featured_media":0,"comment_status":"open","ping_status":"open","sticky":false,"template":"","format":"standard","meta":{"site-sidebar-layout":"default","site-content-layout":"","ast-site-content-layout":"default","site-content-style":"default","site-sidebar-style":"default","ast-global-header-display":"","ast-banner-title-visibility":"","ast-main-header-display":"","ast-hfb-above-header-display":"","ast-hfb-below-header-display":"","ast-hfb-mobile-header-display":"","site-post-title":"","ast-breadcrumbs-content":"","ast-featured-img":"","footer-sml-layout":"","ast-disable-related-posts":"","theme-transparent-header-meta":"","adv-header-id-meta":"","stick-header-meta":"","header-above-stick-meta":"","header-main-stick-meta":"","header-below-stick-meta":"","astra-migrate-meta-layouts":"default","ast-page-background-enabled":"default","ast-page-background-meta":{"desktop":{"background-color":"","background-image":"","background-repeat":"repeat","background-position":"center center","background-size":"auto","background-attachment":"scroll","background-type":"","background-media":"","overlay-type":"","overlay-color":"","overlay-opacity":"","overlay-gradient":""},"tablet":{"background-color":"","background-image":"","background-repeat":"repeat","background-position":"center center","background-size":"auto","background-attachment":"scroll","background-type":"","background-media":"","overlay-type":"","overlay-color":"","overlay-opacity":"","overlay-gradient":""},"mobile":{"background-color":"","background-image":"","background-repeat":"repeat","background-position":"center center","background-size":"auto","background-attachment":"scroll","background-type":"","background-media":"","overlay-type":"","overlay-color":"","overlay-opacity":"","overlay-gradient":""}},"ast-content-background-meta":{"desktop":{"background-color":"var(--ast-global-color-5)","background-image":"","background-repeat":"repeat","background-position":"center center","background-size":"auto","background-attachment":"scroll","background-type":"","background-media":"","overlay-type":"","overlay-color":"","overlay-opacity":"","overlay-gradient":""},"tablet":{"background-color":"var(--ast-global-color-5)","background-image":"","background-repeat":"repeat","background-position":"center center","background-size":"auto","background-attachment":"scroll","background-type":"","background-media":"","overlay-type":"","overlay-color":"","overlay-opacity":"","overlay-gradient":""},"mobile":{"background-color":"var(--ast-global-color-5)","background-image":"","background-repeat":"repeat","background-position":"center center","background-size":"auto","background-attachment":"scroll","background-type":"","background-media":"","overlay-type":"","overlay-color":"","overlay-opacity":"","overlay-gradient":""}},"footnotes":""},"categories":[1],"tags":[275,1007,302],"class_list":["post-2971","post","type-post","status-publish","format-standard","hentry","category-sin-categoria","tag-massa","tag-saenz","tag-una"],"spectra_blocks_featured_image_url":null,"spectra_blocks_author_info":{"display_name":"Facundo Novillo","avatar_url":"https:\/\/secure.gravatar.com\/avatar\/09745bc65ce6bf84291d6515d5f759c04b4fce4f329b8a975a8ac2982b552d3e?s=96&d=mm&r=g","author_link":"https:\/\/100xd.com.ar\/es\/author\/facundo\/","description":""},"_links":{"self":[{"href":"https:\/\/100xd.com.ar\/es\/wp-json\/wp\/v2\/posts\/2971","targetHints":{"allow":["GET"]}}],"collection":[{"href":"https:\/\/100xd.com.ar\/es\/wp-json\/wp\/v2\/posts"}],"about":[{"href":"https:\/\/100xd.com.ar\/es\/wp-json\/wp\/v2\/types\/post"}],"author":[{"embeddable":true,"href":"https:\/\/100xd.com.ar\/es\/wp-json\/wp\/v2\/users\/4"}],"replies":[{"embeddable":true,"href":"https:\/\/100xd.com.ar\/es\/wp-json\/wp\/v2\/comments?post=2971"}],"version-history":[{"count":1,"href":"https:\/\/100xd.com.ar\/es\/wp-json\/wp\/v2\/posts\/2971\/revisions"}],"predecessor-version":[{"id":2973,"href":"https:\/\/100xd.com.ar\/es\/wp-json\/wp\/v2\/posts\/2971\/revisions\/2973"}],"wp:attachment":[{"href":"https:\/\/100xd.com.ar\/es\/wp-json\/wp\/v2\/media?parent=2971"}],"wp:term":[{"taxonomy":"category","embeddable":true,"href":"https:\/\/100xd.com.ar\/es\/wp-json\/wp\/v2\/categories?post=2971"},{"taxonomy":"post_tag","embeddable":true,"href":"https:\/\/100xd.com.ar\/es\/wp-json\/wp\/v2\/tags?post=2971"}],"curies":[{"name":"wp","href":"https:\/\/api.w.org\/{rel}","templated":true}]}}