{"id":29309,"date":"2017-11-23T12:29:38","date_gmt":"2017-11-23T15:29:38","guid":{"rendered":"http:\/\/www.100xd.com.ar\/?p=29309"},"modified":"2017-11-23T12:29:44","modified_gmt":"2017-11-23T15:29:44","slug":"el-macrismo-busca-abrir-el-juicio-contra-rafecas-por-la-denuncia-de-nisman","status":"publish","type":"post","link":"https:\/\/100xd.com.ar\/es\/el-macrismo-busca-abrir-el-juicio-contra-rafecas-por-la-denuncia-de-nisman\/","title":{"rendered":"El macrismo busca abrir el juicio contra Rafecas por la denuncia de Nisman"},"content":{"rendered":"<p class=\"primero\">Horas despu\u00e9s de la destituci\u00f3n de Eduardo Freiler, el oficialismo aceler\u00f3 esta semana la acusaci\u00f3n contra el juez\u00a0<a class=\"tema topico daniel-rafecas\" title=\"Ver todas las notas de Daniel Rafecas\" href=\"http:\/\/www.lanacion.com.ar\/daniel-rafecas-t48204\">Daniel Rafecas<\/a>\u00a0. El Consejo de la Magistratura tratar\u00e1 esta ma\u00f1ana un dictamen para citarlo a dar explicaciones por su rechazo a la denuncia realizada por el fiscal\u00a0<a class=\"tema topico alberto-nisman\" title=\"Ver todas las notas de Alberto Nisman\" href=\"http:\/\/www.lanacion.com.ar\/alberto-nisman-t53075\">Alberto Nisman<\/a>\u00a0d\u00edas antes de morir.<\/p>\n<p>Con el impulso del radicalismo, el bloque oficialista considera que Rafecas incurri\u00f3 en mal desempe\u00f1o al rechazar la denuncia de un supuesto &#8220;plan criminal&#8221; liderado por Cristina Kirchner con Ir\u00e1n para encubrir a los responsables del atentado a la AMIA. Y consider\u00f3 que fue &#8220;fraudulenta&#8221; la sentencia pronunciada por el magistrado para desestimar la denuncia.<\/p>\n<aside class=\"banner caja2\" data-adpos=\"caja2\">\n<div id=\"eplAdDivcaja2\">.<\/div>\n<\/aside>\n<p>&#8220;Rafecas ha dictado la sentencia con arbitrariedad intencional, con fundamentos aparentes y con la finalidad de favorecer a los m\u00e1s altos funcionarios p\u00fablicos de ese momento, constituyendo una verdadera sentencia fraudulenta&#8221;, escribi\u00f3 el senador radical \u00c1ngel Rozas, que instruye una denuncia realizada por Elisa Carri\u00f3.<\/p>\n<p>El llamado a declarar para Rafecas fue incluido en el temario de la Comisi\u00f3n de Disciplina y Acusaci\u00f3n que se reunir\u00e1 desde las 9 en el Consejo. Para aprobar la resoluci\u00f3n, el oficialismo deber\u00e1 reunir mayor\u00eda simple, es decir, cinco de los nueve votos de los integrantes de la comisi\u00f3n. Es el n\u00famero que el oficialismo suele reunir para aprobar sus proyectos.<\/p>\n<p>El radical Rozas acusa a Rafecas de haber incurrido en cinco irregularidades: falta de producci\u00f3n de prueba, insuficiente actividad procesal, falta de fundamentaci\u00f3n de su decisi\u00f3n y argumentaci\u00f3n falsa.<\/p>\n<aside class=\"banner caja4\" data-adpos=\"caja4\">\n<div id=\"eplAdDivcaja4\"><\/div>\n<\/aside>\n<p>En di\u00e1logo con\u00a0<b>LA NACION<\/b>, el juez Rafecas rechaz\u00f3 todos los cargos.<\/p>\n<p>&#8220;Si el juez entiende que una denuncia carece de una hip\u00f3tesis delictiva est\u00e1 obligado a desestimarla. El C\u00f3digo Procesal tiene esta previsi\u00f3n. Desde el punto de vista t\u00e9cnico es indiscutible. Est\u00e1 fundamentada en derecho&#8221;, explic\u00f3 el magistrado.<\/p>\n<p>&#8220;El delito que propon\u00eda Nisman nunca entr\u00f3 en ejecuci\u00f3n porque depend\u00eda de la suerte del memor\u00e1ndum. Durante 20 a\u00f1os ense\u00f1\u00e9 en la facultad que la preparaci\u00f3n de un delito no es punible. No puedo aplicar otro criterio&#8221;, sostuvo Rafecas, que ya present\u00f3 documentaci\u00f3n adicional en tres oportunidades ante el Consejo.<\/p>\n<p>M\u00e1s all\u00e1 de la denuncia de Nisman, el magistrado cuestion\u00f3 la decisi\u00f3n. &#8220;El Consejo nunca persigui\u00f3 a los jueces por sus fallos. Eso era una cuesti\u00f3n sagrada. Era un l\u00edmite. Es grave y preocupante porque es un avance sobre el espacio de determinaci\u00f3n que los jueces tenemos para dictar sentencia&#8221;, lanz\u00f3 Rafecas.<\/p>\n<figure class=\"primer-parrafo conModal\">\n<div class=\"f-imagenRelacionada\" data-notaid=\"2084820\" data-imagenid=\"2536042\" data-tipo=\"imagen\" data-extension=\"jpg\" data-esrelacionada=\"0\"><img decoding=\"async\" id=\"imagen_2536042\" class=\"f-sinGif\" src=\"http:\/\/bucket3.glanacion.com\/anexos\/fotos\/42\/la-muerte-de-alberto-nisman-2536042w620.jpg\" alt=\"Alberto Nisman\" data-imagenid=\"2536042\"  title=\"El macrismo busca abrir el juicio contra Rafecas por la denuncia de Nisman\" \/><\/div><figcaption id=\"epigrafe2536042\">Alberto Nisman. Foto: Archivo \/ Fabi\u00e1n Marelli<\/figcaption><div class=\"herramientas floatFix\"><\/div>\n<\/figure>\n<p>Desde el oficialismo descontaban anoche los votos para aprobar la citaci\u00f3n. Adem\u00e1s de Rozas, contaban con el diputado radical Gustavo Valdez, del diputado Pablo Tonelli, el consejero Miguel Piedecasas y el representante del Ejecutivo, Juan Bautista Mah\u00edques, informaron fuentes oficiales.<\/p>\n<p>En duda quedaban, en cambio, los votos de los dos representantes de los jueces, Le\u00f3nidas Moldes y Luis Mar\u00eda Cabral. Eso puede complicar el escenario de cara a una posible votaci\u00f3n del juicio pol\u00edtico en el plenario del Consejo, donde se necesita una mayor\u00eda especial de nueve votos.<\/p>\n<h2>La jubilaci\u00f3n de Bonadio<\/h2>\n<p>Ante la sorpresa de muchos, Claudio Bonadio, de 60 a\u00f1os, inici\u00f3 ayer los tr\u00e1mites para tramitar su jubilaci\u00f3n en la Anses. El magistrado, que acumula 42 a\u00f1os de aportes, est\u00e1 habilitado para jubilarse.<\/p>\n<p>M\u00e1s all\u00e1 de la suerte de su tr\u00e1mite, Bonadio seguir\u00eda al frente del juzgado federal porte\u00f1o N\u00ba 9 hasta cumplir los 75 a\u00f1os, seg\u00fan informaron fuentes oficiales.<\/p>\n<p>Nombrado en 1994 por el menemismo, Bonadio es uno de los jueces m\u00e1s pol\u00e9micos de Comodoro Py. A pesar de que lleva m\u00e1s de 20 a\u00f1os como magistrado, Bonadio fue protagonista en los \u00faltimos a\u00f1os de distintas decisiones que involucran a Cristina Kirchner que le costaron acusaciones por su supuesta &#8220;enemistad manifiesta&#8221;. Proces\u00f3 dos veces a la ex presidenta en los casos &#8220;d\u00f3lar futuro&#8221; y &#8220;Los Sauces&#8221;.<\/p>\n<p>Fuente:<a href=\"http:\/\/www.lanacion.com.ar\/\"> La Naci\u00f3n<\/a><a href=\"http:\/\/www.lanacion.com.ar\/\">http<\/a><\/p>","protected":false},"excerpt":{"rendered":"<p>Horas despu\u00e9s de la destituci\u00f3n de Eduardo Freiler, el oficialismo aceler\u00f3 esta semana la acusaci\u00f3n contra el juez\u00a0Daniel Rafecas\u00a0. El Consejo de la Magistratura tratar\u00e1 esta ma\u00f1ana un dictamen para citarlo a dar explicaciones por su rechazo a la denuncia realizada por el fiscal\u00a0Alberto Nisman\u00a0d\u00edas antes de morir. Con el impulso del radicalismo, el bloque [&hellip;]<\/p>\n","protected":false},"author":4,"featured_media":0,"comment_status":"open","ping_status":"open","sticky":false,"template":"","format":"standard","meta":{"site-sidebar-layout":"default","site-content-layout":"","ast-site-content-layout":"default","site-content-style":"default","site-sidebar-style":"default","ast-global-header-display":"","ast-banner-title-visibility":"","ast-main-header-display":"","ast-hfb-above-header-display":"","ast-hfb-below-header-display":"","ast-hfb-mobile-header-display":"","site-post-title":"","ast-breadcrumbs-content":"","ast-featured-img":"","footer-sml-layout":"","ast-disable-related-posts":"","theme-transparent-header-meta":"","adv-header-id-meta":"","stick-header-meta":"","header-above-stick-meta":"","header-main-stick-meta":"","header-below-stick-meta":"","astra-migrate-meta-layouts":"default","ast-page-background-enabled":"default","ast-page-background-meta":{"desktop":{"background-color":"","background-image":"","background-repeat":"repeat","background-position":"center center","background-size":"auto","background-attachment":"scroll","background-type":"","background-media":"","overlay-type":"","overlay-color":"","overlay-opacity":"","overlay-gradient":""},"tablet":{"background-color":"","background-image":"","background-repeat":"repeat","background-position":"center center","background-size":"auto","background-attachment":"scroll","background-type":"","background-media":"","overlay-type":"","overlay-color":"","overlay-opacity":"","overlay-gradient":""},"mobile":{"background-color":"","background-image":"","background-repeat":"repeat","background-position":"center center","background-size":"auto","background-attachment":"scroll","background-type":"","background-media":"","overlay-type":"","overlay-color":"","overlay-opacity":"","overlay-gradient":""}},"ast-content-background-meta":{"desktop":{"background-color":"var(--ast-global-color-5)","background-image":"","background-repeat":"repeat","background-position":"center center","background-size":"auto","background-attachment":"scroll","background-type":"","background-media":"","overlay-type":"","overlay-color":"","overlay-opacity":"","overlay-gradient":""},"tablet":{"background-color":"var(--ast-global-color-5)","background-image":"","background-repeat":"repeat","background-position":"center center","background-size":"auto","background-attachment":"scroll","background-type":"","background-media":"","overlay-type":"","overlay-color":"","overlay-opacity":"","overlay-gradient":""},"mobile":{"background-color":"var(--ast-global-color-5)","background-image":"","background-repeat":"repeat","background-position":"center center","background-size":"auto","background-attachment":"scroll","background-type":"","background-media":"","overlay-type":"","overlay-color":"","overlay-opacity":"","overlay-gradient":""}},"footnotes":""},"categories":[25],"tags":[],"class_list":["post-29309","post","type-post","status-publish","format-standard","hentry","category-destacado"],"spectra_blocks_featured_image_url":null,"spectra_blocks_author_info":{"display_name":"Facundo Novillo","avatar_url":"https:\/\/secure.gravatar.com\/avatar\/09745bc65ce6bf84291d6515d5f759c04b4fce4f329b8a975a8ac2982b552d3e?s=96&d=mm&r=g","author_link":"https:\/\/100xd.com.ar\/es\/author\/facundo\/","description":""},"_links":{"self":[{"href":"https:\/\/100xd.com.ar\/es\/wp-json\/wp\/v2\/posts\/29309","targetHints":{"allow":["GET"]}}],"collection":[{"href":"https:\/\/100xd.com.ar\/es\/wp-json\/wp\/v2\/posts"}],"about":[{"href":"https:\/\/100xd.com.ar\/es\/wp-json\/wp\/v2\/types\/post"}],"author":[{"embeddable":true,"href":"https:\/\/100xd.com.ar\/es\/wp-json\/wp\/v2\/users\/4"}],"replies":[{"embeddable":true,"href":"https:\/\/100xd.com.ar\/es\/wp-json\/wp\/v2\/comments?post=29309"}],"version-history":[{"count":1,"href":"https:\/\/100xd.com.ar\/es\/wp-json\/wp\/v2\/posts\/29309\/revisions"}],"predecessor-version":[{"id":29311,"href":"https:\/\/100xd.com.ar\/es\/wp-json\/wp\/v2\/posts\/29309\/revisions\/29311"}],"wp:attachment":[{"href":"https:\/\/100xd.com.ar\/es\/wp-json\/wp\/v2\/media?parent=29309"}],"wp:term":[{"taxonomy":"category","embeddable":true,"href":"https:\/\/100xd.com.ar\/es\/wp-json\/wp\/v2\/categories?post=29309"},{"taxonomy":"post_tag","embeddable":true,"href":"https:\/\/100xd.com.ar\/es\/wp-json\/wp\/v2\/tags?post=29309"}],"curies":[{"name":"wp","href":"https:\/\/api.w.org\/{rel}","templated":true}]}}