{"id":28944,"date":"2017-10-31T11:27:37","date_gmt":"2017-10-31T14:27:37","guid":{"rendered":"http:\/\/www.100xd.com.ar\/?p=28944"},"modified":"2017-10-31T11:27:41","modified_gmt":"2017-10-31T14:27:41","slug":"macri-la-obra-publica-es-sinonimo-de-futuro-y-no-de-corrupcion","status":"publish","type":"post","link":"https:\/\/100xd.com.ar\/es\/macri-la-obra-publica-es-sinonimo-de-futuro-y-no-de-corrupcion\/","title":{"rendered":"Macri: &#8220;La obra p\u00fablica es sin\u00f3nimo de futuro y no de corrupci\u00f3n&#8221;"},"content":{"rendered":"<p>El presidente\u00a0<a href=\"http:\/\/www.perfil.com\/tag\/mauricio-macri\">Mauricio Macri<\/a>\u00a0particip\u00f3 esta ma\u00f1ana de la inauguraci\u00f3n del inicio de los trabajos del canal San Anotnio, luego de anunciar un plan integral de reformas para la segunda mitad de su mandato.<\/p>\n<p>El Presidente anunci\u00f3 un emprendimiento clave en el canal San Antonio para\u00a0prevenir y solucionar los problemas que provocan las inundaciones y anegamientos\u00a0en una vasta zona de Santa Fe y C\u00f3rdoba. El acto tuvo lugar pasadas las 10 de la ma\u00f1ana.<\/p>\n<p>&#8220;Espero que en 24 meses est\u00e9 terminada porque ahora las obras empiezan y terminan en los plazos comprometidos. Y\u00a0las obras ahora son sin\u00f3nimo de futuro y no m\u00e1s de corrupci\u00f3n, las m\u00e1quinas llegaron y no se van hasta que terminen la obra&#8221;, destac\u00f3 Macri en la localidad de Tortugas.<\/p>\n<p>&#8220;Estamos trayendo una soluci\u00f3n que lleva muchos a\u00f1os, que cuando llueva sea una bendici\u00f3n y no un problema que genere tanta angustia. Porque si trabajamos juntos podemos transformar realmente el agua en una oportunidad. El agua es necesaria para poder crecer, desarrollarnos, y todos estos a\u00f1os de improvisaci\u00f3n y de no trabajar en mitigar los problemas del cambio clim\u00e1tico\u00a0transformaron el agua en una pesadilla\u00a0en muchas comunidades&#8221;, indic\u00f3 el mandatario.<\/p>\n<p>Y agreg\u00f3: &#8220;Tras casi 40 a\u00f1os sin trabajos estamos ac\u00e1 para emprender una obra que realmente nos va a resolver el problema de mas de 25 mil personas que viven ac\u00e1 alrededor y mas de medio mill\u00f3n de hect\u00e1reas, que van a estar segura siempre al servicio de la producci\u00f3n y del desarrollo de este pa\u00eds&#8221;.\u00a0<a href=\"http:\/\/www.perfil.com\/actualidad\/cuales-son-los-tres-ejes-de-las-reformas-que-propone-macri.phtml\">En la misma l\u00ednea que en el CCK ayer<\/a>, manifest\u00f3: &#8220;Es ahora o nunca a ceder cada uno un poco para realmente garantizar 20 a\u00f1os de crecimiento\u00a0en la Argentina que es lo que necesitamos para derrotar de una vez por todas la pobreza y darle a la clase medias las herramientas para crecer y desarrollarse&#8221;.<\/p>\n<p>Luego en Rosario participar\u00e1 de la inauguraci\u00f3n de una nueva planta de la acer\u00eda Gerdau,\u00a0que se estima que generar\u00e1 unos 800 empleos. As\u00ed lo confirm\u00f3 el intendente de la ciudad de Santa Fe, Jos\u00e9 Corral, quien sostuvo que este acto &#8220;habla de\u00a0la importancia que el primer mandatario le da al empleo&#8221;.<\/p>\n<p>Luego, Corral consider\u00f3 que el encuentro que mantendr\u00e1 el jefe del Estado con los gobernadores el pr\u00f3ximo jueves 9 de noviembre &#8220;se trata de un esfuerzo para reducir impuestos y bajar d\u00e9ficit, ese esfuerzo lo tiene que hacer la Naci\u00f3n, pero tambi\u00e9n lo tienen que hacer las provincias, incluso los municipios, y\u00a0hay que ponerse de acuerdo, es razonable que se re\u00fanan&#8221;.<\/p>\n<p>En declaraciones a canal\u00a0Tres de Rosario, el titular de la UCR se refiri\u00f3 a la reuni\u00f3n que mantuvo a solas con el gobernador\u00a0<a href=\"http:\/\/www.perfil.com\/tag\/miguel-lifschitz\">Miguel Lifschitz<\/a>\u00a0la semana pasada que &#8220;hay una relaci\u00f3n muy fluida, conversamos de intendente a gobernador y hay temas de la pol\u00edtica que tambi\u00e9n conversamos&#8221;.<\/p>\n<p>Fuente: <a href=\"http:\/\/www.perfil.com\/\">Perfil.com<\/a><\/p>","protected":false},"excerpt":{"rendered":"<p>El presidente\u00a0Mauricio Macri\u00a0particip\u00f3 esta ma\u00f1ana de la inauguraci\u00f3n del inicio de los trabajos del canal San Anotnio, luego de anunciar un plan integral de reformas para la segunda mitad de su mandato. El Presidente anunci\u00f3 un emprendimiento clave en el canal San Antonio para\u00a0prevenir y solucionar los problemas que provocan las inundaciones y anegamientos\u00a0en una [&hellip;]<\/p>\n","protected":false},"author":4,"featured_media":0,"comment_status":"open","ping_status":"open","sticky":false,"template":"","format":"standard","meta":{"site-sidebar-layout":"default","site-content-layout":"","ast-site-content-layout":"default","site-content-style":"default","site-sidebar-style":"default","ast-global-header-display":"","ast-banner-title-visibility":"","ast-main-header-display":"","ast-hfb-above-header-display":"","ast-hfb-below-header-display":"","ast-hfb-mobile-header-display":"","site-post-title":"","ast-breadcrumbs-content":"","ast-featured-img":"","footer-sml-layout":"","ast-disable-related-posts":"","theme-transparent-header-meta":"","adv-header-id-meta":"","stick-header-meta":"","header-above-stick-meta":"","header-main-stick-meta":"","header-below-stick-meta":"","astra-migrate-meta-layouts":"default","ast-page-background-enabled":"default","ast-page-background-meta":{"desktop":{"background-color":"","background-image":"","background-repeat":"repeat","background-position":"center center","background-size":"auto","background-attachment":"scroll","background-type":"","background-media":"","overlay-type":"","overlay-color":"","overlay-opacity":"","overlay-gradient":""},"tablet":{"background-color":"","background-image":"","background-repeat":"repeat","background-position":"center center","background-size":"auto","background-attachment":"scroll","background-type":"","background-media":"","overlay-type":"","overlay-color":"","overlay-opacity":"","overlay-gradient":""},"mobile":{"background-color":"","background-image":"","background-repeat":"repeat","background-position":"center center","background-size":"auto","background-attachment":"scroll","background-type":"","background-media":"","overlay-type":"","overlay-color":"","overlay-opacity":"","overlay-gradient":""}},"ast-content-background-meta":{"desktop":{"background-color":"var(--ast-global-color-5)","background-image":"","background-repeat":"repeat","background-position":"center center","background-size":"auto","background-attachment":"scroll","background-type":"","background-media":"","overlay-type":"","overlay-color":"","overlay-opacity":"","overlay-gradient":""},"tablet":{"background-color":"var(--ast-global-color-5)","background-image":"","background-repeat":"repeat","background-position":"center center","background-size":"auto","background-attachment":"scroll","background-type":"","background-media":"","overlay-type":"","overlay-color":"","overlay-opacity":"","overlay-gradient":""},"mobile":{"background-color":"var(--ast-global-color-5)","background-image":"","background-repeat":"repeat","background-position":"center center","background-size":"auto","background-attachment":"scroll","background-type":"","background-media":"","overlay-type":"","overlay-color":"","overlay-opacity":"","overlay-gradient":""}},"footnotes":""},"categories":[25],"tags":[],"class_list":["post-28944","post","type-post","status-publish","format-standard","hentry","category-destacado"],"spectra_blocks_featured_image_url":null,"spectra_blocks_author_info":{"display_name":"Facundo Novillo","avatar_url":"https:\/\/secure.gravatar.com\/avatar\/09745bc65ce6bf84291d6515d5f759c04b4fce4f329b8a975a8ac2982b552d3e?s=96&d=mm&r=g","author_link":"https:\/\/100xd.com.ar\/es\/author\/facundo\/","description":""},"_links":{"self":[{"href":"https:\/\/100xd.com.ar\/es\/wp-json\/wp\/v2\/posts\/28944","targetHints":{"allow":["GET"]}}],"collection":[{"href":"https:\/\/100xd.com.ar\/es\/wp-json\/wp\/v2\/posts"}],"about":[{"href":"https:\/\/100xd.com.ar\/es\/wp-json\/wp\/v2\/types\/post"}],"author":[{"embeddable":true,"href":"https:\/\/100xd.com.ar\/es\/wp-json\/wp\/v2\/users\/4"}],"replies":[{"embeddable":true,"href":"https:\/\/100xd.com.ar\/es\/wp-json\/wp\/v2\/comments?post=28944"}],"version-history":[{"count":1,"href":"https:\/\/100xd.com.ar\/es\/wp-json\/wp\/v2\/posts\/28944\/revisions"}],"predecessor-version":[{"id":28946,"href":"https:\/\/100xd.com.ar\/es\/wp-json\/wp\/v2\/posts\/28944\/revisions\/28946"}],"wp:attachment":[{"href":"https:\/\/100xd.com.ar\/es\/wp-json\/wp\/v2\/media?parent=28944"}],"wp:term":[{"taxonomy":"category","embeddable":true,"href":"https:\/\/100xd.com.ar\/es\/wp-json\/wp\/v2\/categories?post=28944"},{"taxonomy":"post_tag","embeddable":true,"href":"https:\/\/100xd.com.ar\/es\/wp-json\/wp\/v2\/tags?post=28944"}],"curies":[{"name":"wp","href":"https:\/\/api.w.org\/{rel}","templated":true}]}}