{"id":28411,"date":"2017-09-28T13:34:08","date_gmt":"2017-09-28T16:34:08","guid":{"rendered":"http:\/\/www.100xd.com.ar\/?p=28411"},"modified":"2017-09-28T13:34:13","modified_gmt":"2017-09-28T16:34:13","slug":"cristina-yo-soy-peronista-no-me-digas-que-soy-kirchnerista","status":"publish","type":"post","link":"https:\/\/100xd.com.ar\/es\/cristina-yo-soy-peronista-no-me-digas-que-soy-kirchnerista\/","title":{"rendered":"Cristina: \u201cYo soy peronista, no me digas que soy kirchnerista\u201d"},"content":{"rendered":"<p>Cristina<a href=\"http:\/\/www.perfil.com\/politica\/en-medio-de-un-acto-cristina-mostro-su-apoyo-a-la-toma-de-escuelas-en-capital.phtml\">\u00a0Fern\u00e1ndez de Kirchner<\/a>\u00a0volvi\u00f3 a dar una entrevista, la tercera desde que relanz\u00f3 su campa\u00f1a como candidata a senadora nacional en la provincia de Buenos Aires por el Frente Unidad Ciudadana, en una ruptura de su costumbre de no hablar con los medios cuando ocupaba la presidencia. Esta vez le toc\u00f3 el turno al diario\u00a0El Pa\u00eds\u00a0de Espa\u00f1a, en un di\u00e1logo en el que la exmandataria\u00a0esboz\u00f3 una leve autocr\u00edtica de su gobierno, aunque relativiz\u00f3 los numerosos casos de corrupci\u00f3n. Adem\u00e1s, no se guard\u00f3 cr\u00edticas para el &#8220;modelo neoliberal&#8221; de Cambiemos, y denunci\u00f3 las\u00a0offshore\u00a0del presidente\u00a0<a href=\"http:\/\/www.perfil.com\/politica\/el-presidente-macri-otra-vez-envuelto-en-los-panama-papers.phtml\">Mauricio Macri<\/a>.<\/p>\n<p>&#8220;Yo soy peronista, no me digas que soy kirchnerista. Al kirchnerismo siempre lo vi como una manera de bajarnos el precio a los peronistas&#8221;, fue una de las frases salientes de su di\u00e1logo con el periodista Carlos Cu\u00e9.<\/p>\n<p>Leve autocr\u00edtica.\u00a0Al ser consultada por una autocr\u00edtica de sus errores, Cristina apunt\u00f3 a un error en &#8220;los tonos&#8221;. &#8220;Creo que por la forma de decir las cosas alguien puede haberse sentido ofendido o agredido. Pero tambi\u00e9n me gustar\u00eda que hicieran autocr\u00edtica los del Gobierno de [Fernando] De la R\u00faa, que termin\u00f3 en la implosi\u00f3n del 2001, con la Plaza de Mayo con 30 muertos, como [Federico]\u00a0Sturzenegger\u00a0[presidente del Banco Central], o los que formaron parte de las pol\u00edticas de los 90&#8221;.<\/p>\n<p>CFK reconoci\u00f3 a los hechos de corrupci\u00f3n de sus funcionarios, aunque plante\u00f3 matices y omiti\u00f3 hablar de sus causas. &#8220;Hubo hechos de corrupci\u00f3n y funcionarios que cometieron hechos de corrupci\u00f3n.\u00a0Es innegable. Y deben responder. Pero tachar a todo un Gobierno de corrupci\u00f3n por unos funcionarios, no.\u00a0No creo que haya ning\u00fan Gobierno en el mundo exento de funcionarios que cometan corrupci\u00f3n&#8221;.<\/p>\n<p>Para Fern\u00e1ndez, el \u00fanico error de su modelo econ\u00f3mico fue &#8220;no encontrarle la vuelta al estrangulamiento que se produce cuando est\u00e1s industrializando el pa\u00eds y\u00a0los trabajadores ahorran en d\u00f3lares, que es un problema de la Argentina&#8221;. &#8220;No lo supimos resolver&#8221;, admiti\u00f3.<\/p>\n<p>Cr\u00edticas a Cambiemos.\u00a0Al momento de hablar de la actual gesti\u00f3n econ\u00f3mica, Cristina cuestion\u00f3 el &#8220;endeudamiento vertiginoso&#8221; y advirti\u00f3 sus riesgos al compararlo con los modelos de los 90&#8242; y los 70&#8242;, durante la \u00faltima dictadura militar.<\/p>\n<p>&#8220;Estamos con un nivel de endeudamiento vertiginoso. Si hubo algo importante durante nuestra gesti\u00f3n fue haber sacado al pa\u00eds del default y haber llevado a Argentina a un nivel de desendeudamiento in\u00e9dito desde 1976, del 13%. Hoy en Argentina tenemos un endeudamiento feroz. En el conurbano bonaerense han vuelto a tener\u00a0dos d\u00edgitos de desempleo, el poder adquisitivo de los salarios, de las jubilaciones, se ha derrumbado,\u00a0la inflaci\u00f3n ha crecido exponencialmente y el d\u00e9ficit fiscal tambi\u00e9n&#8221;, analiz\u00f3<\/p>\n<p>Y agreg\u00f3: &#8220;Me parece que debe haber much\u00edsima m\u00e1s pobreza que antes. \u00bfQu\u00e9 va a pasar cuando Argentina no se pueda endeudar m\u00e1s? Esto ya se prob\u00f3. Esto ya lo vivimos en la d\u00e9cada de la plata dulce durante la dictadura -no estoy diciendo que esto sea una dictadura, estoy hablando del modelo econ\u00f3mico- y durante los 90. No puede un pa\u00eds ser sostenible endeud\u00e1ndose y pagando tasas del 27%.\u00a0\u00bfQui\u00e9n va a invertir? \u00bfPor qu\u00e9 yo, empresario, voy a invertir en poner una nueva l\u00ednea de producci\u00f3n si en Lebac me pagan el 27%?&#8221;, se pregunt\u00f3 ir\u00f3nicamente.<\/p>\n<p>Por otro lado, critic\u00f3 los acuerdos de Macri con mandatarios de otros pa\u00edses, al plantear que &#8220;no dieron r\u00e9dito econ\u00f3mico&#8221;. &#8220;Se necesita inversi\u00f3n. Cuando gobernaba yo vino el presidente de China, Xi Jinping, el de Rusia, Vladimir Putin.\u00a0Las alianzas que ha hecho Macri con EEUU muy bien no le ha ido. Cerraron las importaciones de biodiesel. Me gustar\u00eda que nos visitaran menos y no nos cerraran los mercados. No han sido buenas las alianzas, no le han redituado nada a la econom\u00eda argentina. Le vinieron a visitar pero no le trajeron nada&#8221;.<\/p>\n<p>En esa l\u00ednea, apunt\u00f3 a que la gente fue enga\u00f1ada:\u00a0&#8220;Creyeron que como llegaban ellos, que era empresarios, rubios y con ojos celestes, los inversores iban a venir todos corriendo. Pero 2016 fue horrible en materia de inversi\u00f3n&#8221;, afirm\u00f3.<\/p>\n<p>Sobre sus causas de corrupci\u00f3n, denunci\u00f3 una &#8220;persecuci\u00f3n pol\u00edtica&#8221; y se compar\u00f3 con Macri: &#8220;Tenemos un Gobierno que utiliza el Estado para favorecer los negocios de su familia. Tenemos Panam\u00e1 Papers. Provoc\u00f3 la ca\u00edda del primer ministro de Islandia, del ministro Soria en Espa\u00f1a. Ac\u00e1 no pas\u00f3 nada. Hubo hechos de corrupci\u00f3n pero yo no blanque\u00e9 plata negra, el que lo hizo es el hermano del presidente.\u00a0Y su amigo del alma [Nicol\u00e1s] Caputo, tambi\u00e9n blanque\u00f3 35 millones. Contratista del Estado. Este Gobierno ha tomado el Estado como plataforma para ayudar a sus empresas familiares&#8221;.<\/p>\n<p>Nisman.\u00a0Cuando se le pidi\u00f3 opinar sobre la muerte del extitular de la UFI-AMIA, Cristina apunt\u00f3 a una operaci\u00f3n de Gendarmer\u00eda, y compar\u00f3 el caso con la desaparici\u00f3n de\u00a0<a href=\"http:\/\/www.perfil.com\/politica\/taty-almeida-el-gobierno-sabe-donde-esta-el-cuerpo-de-santiago-maldonado.phtml\">Santiago Maldonado<\/a>. &#8220;Preg\u00fanteselo a la Gendarmer\u00eda. Qu\u00e9 curioso. No pueden decirnos donde est\u00e1 Maldonado despu\u00e9s de 50 d\u00edas tras un operativo donde particip\u00f3 pero parece ser que ahora han descubierto qui\u00e9n mat\u00f3 a Nisman hace tres a\u00f1os&#8221;, dispar\u00f3.<\/p>\n<p>Los motivos de la derrota electoral de 2015.\u00a0La expresidenta apunt\u00f3 a un &#8220;desgaste normal&#8221; despu\u00e9s de 12 a\u00f1os y vincul\u00f3 a la derrota con una campa\u00f1a &#8220;mentirosa&#8221; de Cambiemos.<\/p>\n<p>&#8220;Fueron 12 a\u00f1os y medio, con un desgaste natural del Gobierno, m\u00e1s un aparato medi\u00e1tico en contra. Adem\u00e1s, el Gobierno actual dijo que nadie iba a pagar impuesto a las ganancias, que el problema de la inflaci\u00f3n se iba a resolver, que no iba a haber devaluaci\u00f3n, no iba a hacer tarifazo, que se iban a mejorar las cosas que estaban mal y se iban a dejar las que estaban bien, que nadie iba a perder lo que ten\u00eda\u2026 As\u00ed y todo, perdimos por 700.000 votos. Si uno promete una vida mejor y m\u00e1s feliz, es probable que gane.\u00a0Respeto el resultado de las elecciones, pero a la gente le han mentido&#8221;, concluy\u00f3.<\/p>\n<p>Fuente: <a href=\"http:\/\/www.perfil.com\/\">Perfil.com<\/a><\/p>\n","protected":false},"excerpt":{"rendered":"<p>Cristina\u00a0Fern\u00e1ndez de Kirchner\u00a0volvi\u00f3 a dar una entrevista, la tercera desde que relanz\u00f3 su campa\u00f1a como candidata a senadora nacional en la provincia de Buenos Aires por el Frente Unidad Ciudadana, en una ruptura de su costumbre de no hablar con los medios cuando ocupaba la presidencia. Esta vez le toc\u00f3 el turno al diario\u00a0El Pa\u00eds\u00a0de [&hellip;]<\/p>\n","protected":false},"author":4,"featured_media":0,"comment_status":"open","ping_status":"open","sticky":false,"template":"","format":"standard","meta":{"site-sidebar-layout":"default","site-content-layout":"","ast-site-content-layout":"default","site-content-style":"default","site-sidebar-style":"default","ast-global-header-display":"","ast-banner-title-visibility":"","ast-main-header-display":"","ast-hfb-above-header-display":"","ast-hfb-below-header-display":"","ast-hfb-mobile-header-display":"","site-post-title":"","ast-breadcrumbs-content":"","ast-featured-img":"","footer-sml-layout":"","ast-disable-related-posts":"","theme-transparent-header-meta":"","adv-header-id-meta":"","stick-header-meta":"","header-above-stick-meta":"","header-main-stick-meta":"","header-below-stick-meta":"","astra-migrate-meta-layouts":"default","ast-page-background-enabled":"default","ast-page-background-meta":{"desktop":{"background-color":"","background-image":"","background-repeat":"repeat","background-position":"center center","background-size":"auto","background-attachment":"scroll","background-type":"","background-media":"","overlay-type":"","overlay-color":"","overlay-opacity":"","overlay-gradient":""},"tablet":{"background-color":"","background-image":"","background-repeat":"repeat","background-position":"center center","background-size":"auto","background-attachment":"scroll","background-type":"","background-media":"","overlay-type":"","overlay-color":"","overlay-opacity":"","overlay-gradient":""},"mobile":{"background-color":"","background-image":"","background-repeat":"repeat","background-position":"center center","background-size":"auto","background-attachment":"scroll","background-type":"","background-media":"","overlay-type":"","overlay-color":"","overlay-opacity":"","overlay-gradient":""}},"ast-content-background-meta":{"desktop":{"background-color":"var(--ast-global-color-5)","background-image":"","background-repeat":"repeat","background-position":"center center","background-size":"auto","background-attachment":"scroll","background-type":"","background-media":"","overlay-type":"","overlay-color":"","overlay-opacity":"","overlay-gradient":""},"tablet":{"background-color":"var(--ast-global-color-5)","background-image":"","background-repeat":"repeat","background-position":"center center","background-size":"auto","background-attachment":"scroll","background-type":"","background-media":"","overlay-type":"","overlay-color":"","overlay-opacity":"","overlay-gradient":""},"mobile":{"background-color":"var(--ast-global-color-5)","background-image":"","background-repeat":"repeat","background-position":"center center","background-size":"auto","background-attachment":"scroll","background-type":"","background-media":"","overlay-type":"","overlay-color":"","overlay-opacity":"","overlay-gradient":""}},"footnotes":""},"categories":[2],"tags":[],"class_list":["post-28411","post","type-post","status-publish","format-standard","hentry","category-politica"],"spectra_blocks_featured_image_url":null,"spectra_blocks_author_info":{"display_name":"Facundo Novillo","avatar_url":"https:\/\/secure.gravatar.com\/avatar\/09745bc65ce6bf84291d6515d5f759c04b4fce4f329b8a975a8ac2982b552d3e?s=96&d=mm&r=g","author_link":"https:\/\/100xd.com.ar\/es\/author\/facundo\/","description":""},"_links":{"self":[{"href":"https:\/\/100xd.com.ar\/es\/wp-json\/wp\/v2\/posts\/28411","targetHints":{"allow":["GET"]}}],"collection":[{"href":"https:\/\/100xd.com.ar\/es\/wp-json\/wp\/v2\/posts"}],"about":[{"href":"https:\/\/100xd.com.ar\/es\/wp-json\/wp\/v2\/types\/post"}],"author":[{"embeddable":true,"href":"https:\/\/100xd.com.ar\/es\/wp-json\/wp\/v2\/users\/4"}],"replies":[{"embeddable":true,"href":"https:\/\/100xd.com.ar\/es\/wp-json\/wp\/v2\/comments?post=28411"}],"version-history":[{"count":1,"href":"https:\/\/100xd.com.ar\/es\/wp-json\/wp\/v2\/posts\/28411\/revisions"}],"predecessor-version":[{"id":28413,"href":"https:\/\/100xd.com.ar\/es\/wp-json\/wp\/v2\/posts\/28411\/revisions\/28413"}],"wp:attachment":[{"href":"https:\/\/100xd.com.ar\/es\/wp-json\/wp\/v2\/media?parent=28411"}],"wp:term":[{"taxonomy":"category","embeddable":true,"href":"https:\/\/100xd.com.ar\/es\/wp-json\/wp\/v2\/categories?post=28411"},{"taxonomy":"post_tag","embeddable":true,"href":"https:\/\/100xd.com.ar\/es\/wp-json\/wp\/v2\/tags?post=28411"}],"curies":[{"name":"wp","href":"https:\/\/api.w.org\/{rel}","templated":true}]}}