{"id":27616,"date":"2017-08-18T16:02:22","date_gmt":"2017-08-18T19:02:22","guid":{"rendered":"http:\/\/www.100xd.com.ar\/?p=27616"},"modified":"2017-08-18T16:02:27","modified_gmt":"2017-08-18T19:02:27","slug":"san-isidro-la-avenida-marquez-tendra-nuevo-asfalto","status":"publish","type":"post","link":"https:\/\/100xd.com.ar\/es\/san-isidro-la-avenida-marquez-tendra-nuevo-asfalto\/","title":{"rendered":"San Isidro: LA AVENIDA M\u00c1RQUEZ TENDR\u00c1 NUEVO ASFALTO"},"content":{"rendered":"<div class=\"bajada\">\n<p>El martes 22 de agosto el Municipio pone en marcha la repavimentaci\u00f3n asf\u00e1ltica entre Av. Andr\u00e9s Rol\u00f3n y Blanco Encalada. Habr\u00e1 desv\u00edos para el tr\u00e1nsito vehicular.<\/p>\n<\/div>\n<div class=\"descripcion\">\n<p>El martes 22 de agosto, el Municipio de San Isidro pondr\u00e1 en marcha la repavimentaci\u00f3n asf\u00e1ltica de avenida Bernab\u00e9 M\u00e1rquez, entre Av. Andr\u00e9s Rol\u00f3n y Blanco Encalada.<\/p>\n<p>Los trabajos comprenden el fresado de la actual cinta de rodamiento y la colocaci\u00f3n de una nueva carpeta asf\u00e1ltica de unos 35.000 metros cuadrados.<\/p>\n<p>Las obras ser\u00e1n financiadas por el Gobierno de la Provincia de Buenos Aires, como resultado de gestiones realizadas por el intendente de San Isidro, Gustavo Posse.<\/p>\n<p>Estos trabajos se realizan en el marco del Programa de mejoras de la red vial dispuesto por el Municipio para arterias troncales del partido.<\/p>\n<p><strong>DESV\u00cdOS<\/strong><\/p>\n<p>El desv\u00edo tanto vehicular como de transporte de pasajeros ser\u00e1 de la siguiente manera: Av. M\u00e1rquez &#8211; Blanco Encalada &#8211; Diego Palma &#8211; Av. Andr\u00e9s Rol\u00f3n &#8211; Av. M\u00e1rquez.<\/p>\n<p>Este recorrido ser\u00e1 utilizado para ambas etapas, ya sea el trabajo sentido este\/oeste o viceversa.<\/p>\n<\/div>","protected":false},"excerpt":{"rendered":"<p>El martes 22 de agosto el Municipio pone en marcha la repavimentaci\u00f3n asf\u00e1ltica entre Av. Andr\u00e9s Rol\u00f3n y Blanco Encalada. Habr\u00e1 desv\u00edos para el tr\u00e1nsito vehicular. El martes 22 de agosto, el Municipio de San Isidro pondr\u00e1 en marcha la repavimentaci\u00f3n asf\u00e1ltica de avenida Bernab\u00e9 M\u00e1rquez, entre Av. Andr\u00e9s Rol\u00f3n y Blanco Encalada. Los trabajos [&hellip;]<\/p>\n","protected":false},"author":4,"featured_media":0,"comment_status":"open","ping_status":"open","sticky":false,"template":"","format":"standard","meta":{"site-sidebar-layout":"default","site-content-layout":"","ast-site-content-layout":"default","site-content-style":"default","site-sidebar-style":"default","ast-global-header-display":"","ast-banner-title-visibility":"","ast-main-header-display":"","ast-hfb-above-header-display":"","ast-hfb-below-header-display":"","ast-hfb-mobile-header-display":"","site-post-title":"","ast-breadcrumbs-content":"","ast-featured-img":"","footer-sml-layout":"","ast-disable-related-posts":"","theme-transparent-header-meta":"","adv-header-id-meta":"","stick-header-meta":"","header-above-stick-meta":"","header-main-stick-meta":"","header-below-stick-meta":"","astra-migrate-meta-layouts":"default","ast-page-background-enabled":"default","ast-page-background-meta":{"desktop":{"background-color":"","background-image":"","background-repeat":"repeat","background-position":"center center","background-size":"auto","background-attachment":"scroll","background-type":"","background-media":"","overlay-type":"","overlay-color":"","overlay-opacity":"","overlay-gradient":""},"tablet":{"background-color":"","background-image":"","background-repeat":"repeat","background-position":"center center","background-size":"auto","background-attachment":"scroll","background-type":"","background-media":"","overlay-type":"","overlay-color":"","overlay-opacity":"","overlay-gradient":""},"mobile":{"background-color":"","background-image":"","background-repeat":"repeat","background-position":"center center","background-size":"auto","background-attachment":"scroll","background-type":"","background-media":"","overlay-type":"","overlay-color":"","overlay-opacity":"","overlay-gradient":""}},"ast-content-background-meta":{"desktop":{"background-color":"var(--ast-global-color-5)","background-image":"","background-repeat":"repeat","background-position":"center center","background-size":"auto","background-attachment":"scroll","background-type":"","background-media":"","overlay-type":"","overlay-color":"","overlay-opacity":"","overlay-gradient":""},"tablet":{"background-color":"var(--ast-global-color-5)","background-image":"","background-repeat":"repeat","background-position":"center center","background-size":"auto","background-attachment":"scroll","background-type":"","background-media":"","overlay-type":"","overlay-color":"","overlay-opacity":"","overlay-gradient":""},"mobile":{"background-color":"var(--ast-global-color-5)","background-image":"","background-repeat":"repeat","background-position":"center center","background-size":"auto","background-attachment":"scroll","background-type":"","background-media":"","overlay-type":"","overlay-color":"","overlay-opacity":"","overlay-gradient":""}},"footnotes":""},"categories":[5],"tags":[],"class_list":["post-27616","post","type-post","status-publish","format-standard","hentry","category-municipios"],"spectra_blocks_featured_image_url":null,"spectra_blocks_author_info":{"display_name":"Facundo Novillo","avatar_url":"https:\/\/secure.gravatar.com\/avatar\/09745bc65ce6bf84291d6515d5f759c04b4fce4f329b8a975a8ac2982b552d3e?s=96&d=mm&r=g","author_link":"https:\/\/100xd.com.ar\/es\/author\/facundo\/","description":""},"_links":{"self":[{"href":"https:\/\/100xd.com.ar\/es\/wp-json\/wp\/v2\/posts\/27616","targetHints":{"allow":["GET"]}}],"collection":[{"href":"https:\/\/100xd.com.ar\/es\/wp-json\/wp\/v2\/posts"}],"about":[{"href":"https:\/\/100xd.com.ar\/es\/wp-json\/wp\/v2\/types\/post"}],"author":[{"embeddable":true,"href":"https:\/\/100xd.com.ar\/es\/wp-json\/wp\/v2\/users\/4"}],"replies":[{"embeddable":true,"href":"https:\/\/100xd.com.ar\/es\/wp-json\/wp\/v2\/comments?post=27616"}],"version-history":[{"count":1,"href":"https:\/\/100xd.com.ar\/es\/wp-json\/wp\/v2\/posts\/27616\/revisions"}],"predecessor-version":[{"id":27618,"href":"https:\/\/100xd.com.ar\/es\/wp-json\/wp\/v2\/posts\/27616\/revisions\/27618"}],"wp:attachment":[{"href":"https:\/\/100xd.com.ar\/es\/wp-json\/wp\/v2\/media?parent=27616"}],"wp:term":[{"taxonomy":"category","embeddable":true,"href":"https:\/\/100xd.com.ar\/es\/wp-json\/wp\/v2\/categories?post=27616"},{"taxonomy":"post_tag","embeddable":true,"href":"https:\/\/100xd.com.ar\/es\/wp-json\/wp\/v2\/tags?post=27616"}],"curies":[{"name":"wp","href":"https:\/\/api.w.org\/{rel}","templated":true}]}}