{"id":25952,"date":"2017-05-26T14:15:38","date_gmt":"2017-05-26T17:15:38","guid":{"rendered":"http:\/\/www.100xd.com.ar\/?p=25952"},"modified":"2017-05-26T14:15:44","modified_gmt":"2017-05-26T17:15:44","slug":"cuales-son-los-periodistas-que-eligio-cfk-desde-que-dejo-el-poder","status":"publish","type":"post","link":"https:\/\/100xd.com.ar\/es\/cuales-son-los-periodistas-que-eligio-cfk-desde-que-dejo-el-poder\/","title":{"rendered":"Cu\u00e1les son los periodistas que eligi\u00f3 CFK desde que dej\u00f3 el poder"},"content":{"rendered":"<p>Cristina Fern\u00e1ndez de Kirchner <a href=\"http:\/\/www.perfil.com\/politica\/las-10-definiciones-de-cristina-y-lo-que-no-le-preguntaron.phtml\">est\u00e1 obsesionada con los medios de comunicaci\u00f3n.<\/a> Desde que dej\u00f3 el poder en diciembre de 2015, eligi\u00f3 apariciones estudiadas con medios y periodistas amigos, salvo la vez que debi\u00f3 enfrentar a las c\u00e1maras de forma espont\u00e1nea cuando sali\u00f3 de Comodoro Py en una de las tantas causas judiciales que la acechan.<\/p>\n<p>La primera aparici\u00f3n de la exmandataria fue<a href=\"http:\/\/noticias.perfil.com\/2016\/07\/07\/regreso-sin-gloria-la-nueva-vuelta-de-cristina-cayo-hasta-en-las-redes\/\"> a trav\u00e9s de una conversaci\u00f3n telef\u00f3nica en C5N <\/a>el 3 de julio de 2016. El periodista elegido fue Roberto Navarro, que realizaba el programa &#8220;Econom\u00eda Pol\u00edtica&#8221; en el canal de Crist\u00f3bal L\u00f3pez. All\u00ed meses despu\u00e9s del esc\u00e1ndalo de Jos\u00e9 L\u00f3pez, dijo que &#8220;hay que hacer una auditor\u00eda de la obra p\u00fablica a ver si hubo sobreprecios&#8221;. Fue su deb\u00fat como expresidenta, aunque el audio no fue el mejor y la falta de su imagen hizo que los dichos tuvieran menos impacto del esperado.<\/p>\n<p>La segunda aparici\u00f3n no fue controlada de lleno por la exmandataria, ya que debi\u00f3 aceptar preguntas -pocas- de los cronistas que la esperaban a la salida de Tribunales, donde debi\u00f3 ir para cumplir con la notificaci\u00f3n personal de su procesamiento que le <a href=\"http:\/\/www.perfil.com\/politica\/bonadio-aspira-a-que-antes-de-fin-de-ano-cristina-vaya-a-juicio-oral.phtml\">fue impuesta por el juez Claudio Bonadio.<\/a> Eso fue el 6 de julio de 2016 y dialog\u00f3 brevemente con los periodistas tras un extenso discurso que ofreci\u00f3 a la militancia en la vereda de Comodoro Py.<\/p>\n<p>La tercera salida fue ya en formato de entrevista presencial<a href=\"http:\/\/www.perfil.com\/politica\/periodista-que-entrevisto-a-cfk-conto-detalles-de-la-trastienda-no-le-encanto-que-pregunte-por-la-corrupcion-0059.phtml\"> el 23 de julio de 2016 cuando recibi\u00f3 en su casa en El Calafate a seis medios internacionales<\/a> \u2014las agencias Sputnik, Reuters y Nodal, las cadenas de televisi\u00f3n Telesur y Al Jazeera y el peri\u00f3dico La Jornada\u2014 que dialogaron con ella durante m\u00e1s de dos horas. Entre los periodistas estaba Pedro Brieger de C5N. Entre otras cuestiones, se refiri\u00f3 a los avances de la Justicia en su contra: &#8220;Ser peronista en este pa\u00eds no es gratis, no temo en absoluto ir a la c\u00e1rcel&#8221;, sentenci\u00f3 aquella vez.<\/p>\n<p>La cuarta entrevista que dio fue ante, nuevamente, ante Roberto Navarro, de C5N. El lugar elegido esta vez fue el Instituto Patria y hasta all\u00e1 viaj\u00f3 el periodista K para brindarle micr\u00f3fono y pocas preguntas.<\/p>\n<p>En 2017 fueron dos apariciones. La primera en mayo, de gira en Grecia. Hasta all\u00ed viaj\u00f3 C5N para entrevistarla y que hable de la interna peronista. Fue un m\u00f3vil breve donde la exmandataria baj\u00f3 l\u00ednea ante la aparici\u00f3n de Florencio Randazzo.<\/p>\n<p>La \u00faltima y sexta nota la dio ayer por la noche. Esta vez eligi\u00f3 a Navarro, pero sum\u00f3 a V\u00edctor Hugo Morales, Gustavo Sylvestre y Daniela Ballester.<\/p>\n<p>Fuente: <a href=\"http:\/\/www.perfil.com\/\">Perfil.com<\/a><\/p>","protected":false},"excerpt":{"rendered":"<p>Cristina Fern\u00e1ndez de Kirchner est\u00e1 obsesionada con los medios de comunicaci\u00f3n. Desde que dej\u00f3 el poder en diciembre de 2015, eligi\u00f3 apariciones estudiadas con medios y periodistas amigos, salvo la vez que debi\u00f3 enfrentar a las c\u00e1maras de forma espont\u00e1nea cuando sali\u00f3 de Comodoro Py en una de las tantas causas judiciales que la acechan. [&hellip;]<\/p>\n","protected":false},"author":4,"featured_media":25953,"comment_status":"open","ping_status":"open","sticky":false,"template":"","format":"standard","meta":{"site-sidebar-layout":"default","site-content-layout":"","ast-site-content-layout":"default","site-content-style":"default","site-sidebar-style":"default","ast-global-header-display":"","ast-banner-title-visibility":"","ast-main-header-display":"","ast-hfb-above-header-display":"","ast-hfb-below-header-display":"","ast-hfb-mobile-header-display":"","site-post-title":"","ast-breadcrumbs-content":"","ast-featured-img":"","footer-sml-layout":"","ast-disable-related-posts":"","theme-transparent-header-meta":"","adv-header-id-meta":"","stick-header-meta":"","header-above-stick-meta":"","header-main-stick-meta":"","header-below-stick-meta":"","astra-migrate-meta-layouts":"default","ast-page-background-enabled":"default","ast-page-background-meta":{"desktop":{"background-color":"","background-image":"","background-repeat":"repeat","background-position":"center center","background-size":"auto","background-attachment":"scroll","background-type":"","background-media":"","overlay-type":"","overlay-color":"","overlay-opacity":"","overlay-gradient":""},"tablet":{"background-color":"","background-image":"","background-repeat":"repeat","background-position":"center center","background-size":"auto","background-attachment":"scroll","background-type":"","background-media":"","overlay-type":"","overlay-color":"","overlay-opacity":"","overlay-gradient":""},"mobile":{"background-color":"","background-image":"","background-repeat":"repeat","background-position":"center center","background-size":"auto","background-attachment":"scroll","background-type":"","background-media":"","overlay-type":"","overlay-color":"","overlay-opacity":"","overlay-gradient":""}},"ast-content-background-meta":{"desktop":{"background-color":"var(--ast-global-color-5)","background-image":"","background-repeat":"repeat","background-position":"center center","background-size":"auto","background-attachment":"scroll","background-type":"","background-media":"","overlay-type":"","overlay-color":"","overlay-opacity":"","overlay-gradient":""},"tablet":{"background-color":"var(--ast-global-color-5)","background-image":"","background-repeat":"repeat","background-position":"center center","background-size":"auto","background-attachment":"scroll","background-type":"","background-media":"","overlay-type":"","overlay-color":"","overlay-opacity":"","overlay-gradient":""},"mobile":{"background-color":"var(--ast-global-color-5)","background-image":"","background-repeat":"repeat","background-position":"center center","background-size":"auto","background-attachment":"scroll","background-type":"","background-media":"","overlay-type":"","overlay-color":"","overlay-opacity":"","overlay-gradient":""}},"footnotes":""},"categories":[25],"tags":[],"class_list":["post-25952","post","type-post","status-publish","format-standard","has-post-thumbnail","hentry","category-destacado"],"spectra_blocks_featured_image_url":{"thumbnail":{"url":"https:\/\/100xd.com.ar\/wp-content\/uploads\/2017\/05\/putos-150x150.jpg","width":150,"height":150},"medium":{"url":"https:\/\/100xd.com.ar\/wp-content\/uploads\/2017\/05\/putos-300x206.jpg","width":300,"height":206},"medium_large":{"url":"https:\/\/100xd.com.ar\/wp-content\/uploads\/2017\/05\/putos.jpg","width":728,"height":500},"large":{"url":"https:\/\/100xd.com.ar\/wp-content\/uploads\/2017\/05\/putos.jpg","width":728,"height":500},"full":{"url":"https:\/\/100xd.com.ar\/wp-content\/uploads\/2017\/05\/putos.jpg","width":728,"height":500}},"spectra_blocks_author_info":{"display_name":"Facundo Novillo","avatar_url":"https:\/\/secure.gravatar.com\/avatar\/09745bc65ce6bf84291d6515d5f759c04b4fce4f329b8a975a8ac2982b552d3e?s=96&d=mm&r=g","author_link":"https:\/\/100xd.com.ar\/es\/author\/facundo\/","description":""},"_links":{"self":[{"href":"https:\/\/100xd.com.ar\/es\/wp-json\/wp\/v2\/posts\/25952","targetHints":{"allow":["GET"]}}],"collection":[{"href":"https:\/\/100xd.com.ar\/es\/wp-json\/wp\/v2\/posts"}],"about":[{"href":"https:\/\/100xd.com.ar\/es\/wp-json\/wp\/v2\/types\/post"}],"author":[{"embeddable":true,"href":"https:\/\/100xd.com.ar\/es\/wp-json\/wp\/v2\/users\/4"}],"replies":[{"embeddable":true,"href":"https:\/\/100xd.com.ar\/es\/wp-json\/wp\/v2\/comments?post=25952"}],"version-history":[{"count":1,"href":"https:\/\/100xd.com.ar\/es\/wp-json\/wp\/v2\/posts\/25952\/revisions"}],"predecessor-version":[{"id":25954,"href":"https:\/\/100xd.com.ar\/es\/wp-json\/wp\/v2\/posts\/25952\/revisions\/25954"}],"wp:featuredmedia":[{"embeddable":true,"href":"https:\/\/100xd.com.ar\/es\/wp-json\/wp\/v2\/media\/25953"}],"wp:attachment":[{"href":"https:\/\/100xd.com.ar\/es\/wp-json\/wp\/v2\/media?parent=25952"}],"wp:term":[{"taxonomy":"category","embeddable":true,"href":"https:\/\/100xd.com.ar\/es\/wp-json\/wp\/v2\/categories?post=25952"},{"taxonomy":"post_tag","embeddable":true,"href":"https:\/\/100xd.com.ar\/es\/wp-json\/wp\/v2\/tags?post=25952"}],"curies":[{"name":"wp","href":"https:\/\/api.w.org\/{rel}","templated":true}]}}