{"id":25857,"date":"2017-05-22T15:24:08","date_gmt":"2017-05-22T18:24:08","guid":{"rendered":"http:\/\/www.100xd.com.ar\/?p=25857"},"modified":"2017-05-22T15:24:14","modified_gmt":"2017-05-22T18:24:14","slug":"moreno-salio-a-defender-al-papa-y-le-pego-a-verbistky","status":"publish","type":"post","link":"https:\/\/100xd.com.ar\/es\/moreno-salio-a-defender-al-papa-y-le-pego-a-verbistky\/","title":{"rendered":"Moreno sali\u00f3 a defender al Papa y le peg\u00f3 a Verbistky"},"content":{"rendered":"<p>Las notas que el periodistas Horacio Verbistky vienen publicando en su columnas en P\u00e1gina 12 en la cuales hace menci\u00f3n a la desclasificaci\u00f3n de archivos secretos en poder de la Iglesia\u00a0de la represi\u00f3n de los a\u00f1os &#8217;70 y al <a href=\"http:\/\/www.perfil.com\/internacional\/como-cambiemos-francisco-realizo-un-timbreo-en-las-afueras-de-roma.phtml\">Papa Francisco<\/a>, motivaron la respuesta del exsecretario de Comercio kirchnerista, <a href=\"http:\/\/www.perfil.com\/politica\/guillermo-moreno-el-papa-es-muchisimo-mas-que-peron.phtml\">Guillermo Moreno.<\/a><\/p>\n<p>Seg\u00fan Verbitsky la nota publicada por el periodista, &#8220;Bergoglio impuso una declasificaci\u00f2n restrictiva que buscar\u00eca ocultar informaci\u00f3n y textualmente sostiene que \u201ccon una habilidad que no tuvieron sus antecesores, involucr\u00f3 en la maniobra a varios organismos de familiares de victimas y en defensa de los derechos humanos a quienes invit\u00f3 a visitarlo a Roma. Para ganarse su confianza cortej\u00f3 a la entonces presidente CFK, que por su propia conveniencia pol\u00ectica se reuni\u00f3 varias veces con \u00e9l. De este modo, Bergoglio consigui\u00f3 que no volviera a hablarse de su propio rol en aquellos a\u00f1os cuando era superior provincial de la compa\u00f1\u00eca de Jes\u00fas, y en especial en relaci\u00f3n con el secuestro de los sacerdotes Orlando Yorio y Francisco Jalisc, quienes lo se\u00f1alaron por haberles quitado la protecci\u00f2n y difundido que ten\u00edan v\u00ednculos con la guerrilla\u201d.<\/p>\n<p>En un comunicado Guillermo Moreno (y que tambi\u00e9n firman Gustavo Vera y Pablo Moyano), afirma que &#8221; en este p\u00e1rrafo no s\u00f3lo calumnia a Bergoglio, sino que adem\u00e1s trata a la ex presidenta Cristina Fernandez de oportunista que habria entablado una relaci\u00f3n con Francisco no por afecto y mirada estrat\u00e9gica, sino por &#8220;su propia conveniencia pol\u00edtica&#8221; y adem\u00e1s se refiere a los organismos de derechos humanos como simples peones involucrados en una conspiraci\u00f3n armada por Bergoglio .<\/p>\n<p>Moreno sostiene que, por tercer domingo consecutivo, el periodista <a href=\"http:\/\/www.perfil.com\/medios\/la-curiosa-explicacion-de-verbitsky-por-sus-notas-desaparecidas-sobre-el-papa-1118-0058.phtml\">Horacio Verbistky<\/a> \u00a0pretende involucrar en sus editoriales al Papa Francisco en oscuras maniobras tendientes a garantizar impunidad a los genocidas. Y agrega, no casualmente Verbitsky vuelve a calumniar a Francisco como ayer lo hacia a Bergoglio. Cada vez que su rol puede ayudar a mejorar el mundo y en este caso la Patria, ah\u00ed aparece la pluma del empleado del norte, disfrazado de izquierdista tratando de enlodar su figura y sembrando confusi\u00f2n en el campo nacional.<\/p>\n<p>Por su parte,\u00a0el referente de la Confederaci\u00f3n de Trabajadores de la Econom\u00eda Popular (CTEP), y uno de los dirigentes m\u00e1s cercanos al sumo pont\u00edfice, Juan Grabois, sostuvo que el llamado al di\u00e1logo y la reconciliaci\u00f3n de los obispos argentinos -con relaci\u00f3n al terrorismo de Estado durante la \u00faltima dictadura militar-, &#8220;no es parte de la agenda del papa Francisco&#8221; y que &#8220;algunas autoridades eclesiales parecieran estar escuchando otra campana, o trabajando otra agenda&#8221;.<\/p>\n<p>El dirigente de la CTEP lament\u00f3 que el episcopado no est\u00e9 acompa\u00f1ando la agenda de Francisco, y manifest\u00f3 cierto descontento con la c\u00fapula eclesial argentina por estar trabajando en otr<a href=\"http:\/\/www.perfil.com\/\">a direcci\u00f3n.<\/a><\/p>\n<p><a href=\"http:\/\/www.perfil.com\/\">Fuente:<\/a> Perfil.com<\/p>","protected":false},"excerpt":{"rendered":"<p>Las notas que el periodistas Horacio Verbistky vienen publicando en su columnas en P\u00e1gina 12 en la cuales hace menci\u00f3n a la desclasificaci\u00f3n de archivos secretos en poder de la Iglesia\u00a0de la represi\u00f3n de los a\u00f1os &#8217;70 y al Papa Francisco, motivaron la respuesta del exsecretario de Comercio kirchnerista, Guillermo Moreno. Seg\u00fan Verbitsky la nota [&hellip;]<\/p>\n","protected":false},"author":4,"featured_media":25858,"comment_status":"open","ping_status":"open","sticky":false,"template":"","format":"standard","meta":{"site-sidebar-layout":"default","site-content-layout":"","ast-site-content-layout":"default","site-content-style":"default","site-sidebar-style":"default","ast-global-header-display":"","ast-banner-title-visibility":"","ast-main-header-display":"","ast-hfb-above-header-display":"","ast-hfb-below-header-display":"","ast-hfb-mobile-header-display":"","site-post-title":"","ast-breadcrumbs-content":"","ast-featured-img":"","footer-sml-layout":"","ast-disable-related-posts":"","theme-transparent-header-meta":"","adv-header-id-meta":"","stick-header-meta":"","header-above-stick-meta":"","header-main-stick-meta":"","header-below-stick-meta":"","astra-migrate-meta-layouts":"default","ast-page-background-enabled":"default","ast-page-background-meta":{"desktop":{"background-color":"","background-image":"","background-repeat":"repeat","background-position":"center center","background-size":"auto","background-attachment":"scroll","background-type":"","background-media":"","overlay-type":"","overlay-color":"","overlay-opacity":"","overlay-gradient":""},"tablet":{"background-color":"","background-image":"","background-repeat":"repeat","background-position":"center center","background-size":"auto","background-attachment":"scroll","background-type":"","background-media":"","overlay-type":"","overlay-color":"","overlay-opacity":"","overlay-gradient":""},"mobile":{"background-color":"","background-image":"","background-repeat":"repeat","background-position":"center center","background-size":"auto","background-attachment":"scroll","background-type":"","background-media":"","overlay-type":"","overlay-color":"","overlay-opacity":"","overlay-gradient":""}},"ast-content-background-meta":{"desktop":{"background-color":"var(--ast-global-color-5)","background-image":"","background-repeat":"repeat","background-position":"center center","background-size":"auto","background-attachment":"scroll","background-type":"","background-media":"","overlay-type":"","overlay-color":"","overlay-opacity":"","overlay-gradient":""},"tablet":{"background-color":"var(--ast-global-color-5)","background-image":"","background-repeat":"repeat","background-position":"center center","background-size":"auto","background-attachment":"scroll","background-type":"","background-media":"","overlay-type":"","overlay-color":"","overlay-opacity":"","overlay-gradient":""},"mobile":{"background-color":"var(--ast-global-color-5)","background-image":"","background-repeat":"repeat","background-position":"center center","background-size":"auto","background-attachment":"scroll","background-type":"","background-media":"","overlay-type":"","overlay-color":"","overlay-opacity":"","overlay-gradient":""}},"footnotes":""},"categories":[80],"tags":[],"class_list":["post-25857","post","type-post","status-publish","format-standard","has-post-thumbnail","hentry","category-ultimas-noticias"],"spectra_blocks_featured_image_url":{"thumbnail":{"url":"https:\/\/100xd.com.ar\/wp-content\/uploads\/2017\/05\/mentiras-150x150.jpg","width":150,"height":150},"medium":{"url":"https:\/\/100xd.com.ar\/wp-content\/uploads\/2017\/05\/mentiras-300x206.jpg","width":300,"height":206},"medium_large":{"url":"https:\/\/100xd.com.ar\/wp-content\/uploads\/2017\/05\/mentiras.jpg","width":728,"height":500},"large":{"url":"https:\/\/100xd.com.ar\/wp-content\/uploads\/2017\/05\/mentiras.jpg","width":728,"height":500},"full":{"url":"https:\/\/100xd.com.ar\/wp-content\/uploads\/2017\/05\/mentiras.jpg","width":728,"height":500}},"spectra_blocks_author_info":{"display_name":"Facundo Novillo","avatar_url":"https:\/\/secure.gravatar.com\/avatar\/09745bc65ce6bf84291d6515d5f759c04b4fce4f329b8a975a8ac2982b552d3e?s=96&d=mm&r=g","author_link":"https:\/\/100xd.com.ar\/es\/author\/facundo\/","description":""},"_links":{"self":[{"href":"https:\/\/100xd.com.ar\/es\/wp-json\/wp\/v2\/posts\/25857","targetHints":{"allow":["GET"]}}],"collection":[{"href":"https:\/\/100xd.com.ar\/es\/wp-json\/wp\/v2\/posts"}],"about":[{"href":"https:\/\/100xd.com.ar\/es\/wp-json\/wp\/v2\/types\/post"}],"author":[{"embeddable":true,"href":"https:\/\/100xd.com.ar\/es\/wp-json\/wp\/v2\/users\/4"}],"replies":[{"embeddable":true,"href":"https:\/\/100xd.com.ar\/es\/wp-json\/wp\/v2\/comments?post=25857"}],"version-history":[{"count":1,"href":"https:\/\/100xd.com.ar\/es\/wp-json\/wp\/v2\/posts\/25857\/revisions"}],"predecessor-version":[{"id":25859,"href":"https:\/\/100xd.com.ar\/es\/wp-json\/wp\/v2\/posts\/25857\/revisions\/25859"}],"wp:featuredmedia":[{"embeddable":true,"href":"https:\/\/100xd.com.ar\/es\/wp-json\/wp\/v2\/media\/25858"}],"wp:attachment":[{"href":"https:\/\/100xd.com.ar\/es\/wp-json\/wp\/v2\/media?parent=25857"}],"wp:term":[{"taxonomy":"category","embeddable":true,"href":"https:\/\/100xd.com.ar\/es\/wp-json\/wp\/v2\/categories?post=25857"},{"taxonomy":"post_tag","embeddable":true,"href":"https:\/\/100xd.com.ar\/es\/wp-json\/wp\/v2\/tags?post=25857"}],"curies":[{"name":"wp","href":"https:\/\/api.w.org\/{rel}","templated":true}]}}