{"id":25832,"date":"2017-05-22T12:14:20","date_gmt":"2017-05-22T15:14:20","guid":{"rendered":"http:\/\/www.100xd.com.ar\/?p=25832"},"modified":"2017-05-22T12:14:37","modified_gmt":"2017-05-22T15:14:37","slug":"podrian-volver-los-cortes-de-calles-en-un-momento-de-definicion-de-las-candidaturas","status":"publish","type":"post","link":"https:\/\/100xd.com.ar\/es\/podrian-volver-los-cortes-de-calles-en-un-momento-de-definicion-de-las-candidaturas\/","title":{"rendered":"Podr\u00edan volver los cortes de calles en un momento de definici\u00f3n de las candidaturas"},"content":{"rendered":"<div class=\"row\">\n<div class=\"col-xs-12 col-print-12\">\n<p class=\"element element-paragraph\">El pr\u00f3ximo 24 de junio es la fecha l\u00edmite para que los partidos presenten las listas de candidatos que competir\u00e1n en las PASO. Falta poco m\u00e1s de un mes, y el Gobierno\u00a0decodific\u00f3 que<strong> un reclamo realizado por delegados de la CTA de Pablo Michelli durante la semana pasada<\/strong> se puede transformar en la excusa perfecta para que los conflictos vuelvan a las calles, con marchas y movilizaciones.<\/p>\n<\/div>\n<\/div>\n<div class=\"row\">\n<div class=\"col-xs-12 col-print-12\">\n<p class=\"element element-paragraph\">&#8220;Fuimos a reclamar m\u00e1s planes y m\u00e1s asistencia para los comedores y merenderos. <strong>No llevamos un n\u00famero determinado, sino estar incluidos\u00a0dentro de plan de Emergencia Social, porque no estuvimos comprendidos.<\/strong> Y tuvimos una negativa rotunda a una negociaci\u00f3n directa entre las organizaciones de la CTA y el Ministerio&#8221;, se\u00f1al\u00f3 Jos\u00e9 &#8220;<em>Pepe<\/em>&#8221; Peralta, secretario general de la delegaci\u00f3n capital de la CTA\u00a0aut\u00f3noma, ante la consulta de <strong>Infobae<\/strong>.<\/p>\n<\/div>\n<\/div>\n<div class=\"row\">\n<div class=\"col-xs-12 col-print-12\">\n<p class=\"element element-paragraph\">Y ampli\u00f3: &#8220;<em>Nosotros estamos planeando como continuar el reclamo, porque tanto en los comedores como en los barrios carenciados la pobreza aument\u00f3, hay necesidades<\/em>&#8220;.<\/p>\n<\/div>\n<\/div>\n<div id=\"\" class=\"wrapper clearfix pb-feature pb-layout-item pb-f-utilities-ad\"><\/div>\n<div class=\"row\">\n<div class=\"col-xs-12 col-print-12\">\n<p class=\"element element-paragraph\">A principios de marzo, el Gobierno reglament\u00f3 la norma que contempla <a href=\"http:\/\/www.infobae.com\/politica\/2017\/03\/10\/tras-los-nuevos-datos-de-pobreza-el-gobierno-reglamento-la-ley-de-emergencia-social\/\" target=\"_blank\">la declaraci\u00f3n de la emergencia social en todo el pa\u00eds<\/a>, la creaci\u00f3n de un Consejo de la Econom\u00eda Popular y el Salario Social Complementario, e incluye un adicional de $30.000 millones durante tres a\u00f1os para partidas presupuestarias dedicadas a pol\u00edticas sociales. Adem\u00e1s, aumentar\u00e1 en un 70% los puestos de trabajo en las cooperativas, que actualmente son unos 300.000, y que llegar\u00e1n a los 510.000. En total, ser\u00e1n 210.000 nuevos trabajos.<\/p>\n<\/div>\n<\/div>\n<div class=\"row\">\n<figure class=\"element element-image col-xs-12\">\n<div class=\"single-image\">\n<div class=\"shares\"><\/div>\n<p><img loading=\"lazy\" decoding=\"async\" id=\"BMZDF37JSRDF5H2QIAYYRFVR5Y\" class=\"image-lazy\" src=\"http:\/\/www.infobae.com\/new-resizer\/NdHYuzzmKnDbt5VO5FLsZGZGbPo=\/600x0\/s3.amazonaws.com\/arc-wordpress-client-uploads\/infobae-wp\/wp-content\/uploads\/2017\/04\/05143642\/Piquete-avenida-9-de-julio-y-Belgrano-05-04-1920-14.jpg?token=bar\" alt=\"(Adri\u00e1n Escandar)\" width=\"750\" height=\"0\" data-url=\"http:\/\/www.infobae.com\/politica\/2017\/05\/22\/podrian-volver-los-cortes-de-calles-en-un-momento-de-definicion-de-la-candidaturas\/%23BMZDF37JSRDF5H2QIAYYRFVR5Y\" data-original=\"http:\/\/www.infobae.com\/new-resizer\/NdHYuzzmKnDbt5VO5FLsZGZGbPo=\/600x0\/s3.amazonaws.com\/arc-wordpress-client-uploads\/infobae-wp\/wp-content\/uploads\/2017\/04\/05143642\/Piquete-avenida-9-de-julio-y-Belgrano-05-04-1920-14.jpg?token=bar\"  title=\"Podr\u00edan volver los cortes de calles en un momento de definici\u00f3n de las candidaturas\" \/><\/p>\n<\/div><figcaption class=\"\"><span class=\"credit\">(Adri\u00e1n Escandar)<\/span><\/figcaption><\/figure>\n<\/div>\n<div class=\"row\">\n<div class=\"col-xs-12 col-print-12\">\n<p class=\"element element-paragraph\">Esta situaci\u00f3n se enmarca con un encuentro que organizaciones pol\u00edticas y sociales opositoras realizar\u00e1n hoy en el Hotel Bauen. Entre otros, participar\u00e1n dirigentes como\u00a0Jorge Taiana (Movimiento Evita), Victoria Donda (Libres del Sur), Claudio Lozano (Unidad Popular), Alcira Argumedo (Proyecto Sur), H\u00e9ctor Polino (Partido Socialista-Democracia y Participaci\u00f3n), Itai Hagman (Patria Grande) y Adri\u00e1n Camps (Partido Socialista Aut\u00e9ntico).<\/p>\n<\/div>\n<\/div>\n<div class=\"row\">\n<div class=\"col-xs-12 col-print-12\">\n<p class=\"element element-paragraph\">&#8220;<em>Es una convocatoria para pensar como desde los sectores de la izquierda y el progresismo se puede apuntar a pensar como idear \u00a0para discutir el modelo excluyente de ciudad actualmente.\u00a0No es un encuentro de car\u00e1cter social, as\u00ed que el objetivo no es que salgan cortes ni esas cuestiones. Es m\u00e1s una instancia de debate<\/em>&#8220;, analiz\u00f3 a este medio uno de los dirigentes que participar\u00e1 de la reuni\u00f3n.<\/p>\n<\/div>\n<\/div>\n<div class=\"row\">\n<div class=\"col-xs-12 col-print-12\">\n<p class=\"element element-paragraph\">Adem\u00e1s, durante la semana pasada diversas organizaciones nucleadas en en la Corrietne Nacional Mart\u00edn Fierro reclamaron en m\u00e1s de\u00a020 dependencias del Ministerio de Desarrollo Social la apertura de las inscripciones al Salario Social Complementario y la incorporaci\u00f3n al Consejo de la Econom\u00eda Popular.<\/p>\n<\/div>\n<\/div>\n<div class=\"row\">\n<div class=\"col-xs-12 col-print-12\">\n<p class=\"element element-paragraph\"><span class=\"body-text-highlight\">En este marco, en el Gobierno analizan que detr\u00e1s de estos acciones de los movimientos sociales est\u00e1 la puja electoral y que obedecen a &#8220;la p\u00e9rdida de poder de Hugo Yasky y Pablo Micheli&#8221;. &#8220;Se esperan movilizaciones para dentro de un par de semanas&#8221;, reconocen desde Casa Rosada.<\/span><\/p>\n<p class=\"element element-paragraph\">Fuente: <a href=\"http:\/\/www.infobae.com\/?noredirect\">Infobae.com<\/a><\/p>\n<\/div>\n<\/div>","protected":false},"excerpt":{"rendered":"<p>El pr\u00f3ximo 24 de junio es la fecha l\u00edmite para que los partidos presenten las listas de candidatos que competir\u00e1n en las PASO. Falta poco m\u00e1s de un mes, y el Gobierno\u00a0decodific\u00f3 que un reclamo realizado por delegados de la CTA de Pablo Michelli durante la semana pasada se puede transformar en la excusa perfecta [&hellip;]<\/p>\n","protected":false},"author":4,"featured_media":25833,"comment_status":"open","ping_status":"open","sticky":false,"template":"","format":"standard","meta":{"site-sidebar-layout":"default","site-content-layout":"","ast-site-content-layout":"default","site-content-style":"default","site-sidebar-style":"default","ast-global-header-display":"","ast-banner-title-visibility":"","ast-main-header-display":"","ast-hfb-above-header-display":"","ast-hfb-below-header-display":"","ast-hfb-mobile-header-display":"","site-post-title":"","ast-breadcrumbs-content":"","ast-featured-img":"","footer-sml-layout":"","ast-disable-related-posts":"","theme-transparent-header-meta":"","adv-header-id-meta":"","stick-header-meta":"","header-above-stick-meta":"","header-main-stick-meta":"","header-below-stick-meta":"","astra-migrate-meta-layouts":"default","ast-page-background-enabled":"default","ast-page-background-meta":{"desktop":{"background-color":"","background-image":"","background-repeat":"repeat","background-position":"center center","background-size":"auto","background-attachment":"scroll","background-type":"","background-media":"","overlay-type":"","overlay-color":"","overlay-opacity":"","overlay-gradient":""},"tablet":{"background-color":"","background-image":"","background-repeat":"repeat","background-position":"center center","background-size":"auto","background-attachment":"scroll","background-type":"","background-media":"","overlay-type":"","overlay-color":"","overlay-opacity":"","overlay-gradient":""},"mobile":{"background-color":"","background-image":"","background-repeat":"repeat","background-position":"center center","background-size":"auto","background-attachment":"scroll","background-type":"","background-media":"","overlay-type":"","overlay-color":"","overlay-opacity":"","overlay-gradient":""}},"ast-content-background-meta":{"desktop":{"background-color":"var(--ast-global-color-5)","background-image":"","background-repeat":"repeat","background-position":"center center","background-size":"auto","background-attachment":"scroll","background-type":"","background-media":"","overlay-type":"","overlay-color":"","overlay-opacity":"","overlay-gradient":""},"tablet":{"background-color":"var(--ast-global-color-5)","background-image":"","background-repeat":"repeat","background-position":"center center","background-size":"auto","background-attachment":"scroll","background-type":"","background-media":"","overlay-type":"","overlay-color":"","overlay-opacity":"","overlay-gradient":""},"mobile":{"background-color":"var(--ast-global-color-5)","background-image":"","background-repeat":"repeat","background-position":"center center","background-size":"auto","background-attachment":"scroll","background-type":"","background-media":"","overlay-type":"","overlay-color":"","overlay-opacity":"","overlay-gradient":""}},"footnotes":""},"categories":[25],"tags":[],"class_list":["post-25832","post","type-post","status-publish","format-standard","has-post-thumbnail","hentry","category-destacado"],"spectra_blocks_featured_image_url":{"thumbnail":{"url":"https:\/\/100xd.com.ar\/wp-content\/uploads\/2017\/05\/cortes-150x150.jpg","width":150,"height":150},"medium":{"url":"https:\/\/100xd.com.ar\/wp-content\/uploads\/2017\/05\/cortes-300x169.jpg","width":300,"height":169},"medium_large":{"url":"https:\/\/100xd.com.ar\/wp-content\/uploads\/2017\/05\/cortes.jpg","width":768,"height":432},"large":{"url":"https:\/\/100xd.com.ar\/wp-content\/uploads\/2017\/05\/cortes.jpg","width":829,"height":466},"full":{"url":"https:\/\/100xd.com.ar\/wp-content\/uploads\/2017\/05\/cortes.jpg","width":829,"height":466}},"spectra_blocks_author_info":{"display_name":"Facundo Novillo","avatar_url":"https:\/\/secure.gravatar.com\/avatar\/09745bc65ce6bf84291d6515d5f759c04b4fce4f329b8a975a8ac2982b552d3e?s=96&d=mm&r=g","author_link":"https:\/\/100xd.com.ar\/es\/author\/facundo\/","description":""},"_links":{"self":[{"href":"https:\/\/100xd.com.ar\/es\/wp-json\/wp\/v2\/posts\/25832","targetHints":{"allow":["GET"]}}],"collection":[{"href":"https:\/\/100xd.com.ar\/es\/wp-json\/wp\/v2\/posts"}],"about":[{"href":"https:\/\/100xd.com.ar\/es\/wp-json\/wp\/v2\/types\/post"}],"author":[{"embeddable":true,"href":"https:\/\/100xd.com.ar\/es\/wp-json\/wp\/v2\/users\/4"}],"replies":[{"embeddable":true,"href":"https:\/\/100xd.com.ar\/es\/wp-json\/wp\/v2\/comments?post=25832"}],"version-history":[{"count":2,"href":"https:\/\/100xd.com.ar\/es\/wp-json\/wp\/v2\/posts\/25832\/revisions"}],"predecessor-version":[{"id":25835,"href":"https:\/\/100xd.com.ar\/es\/wp-json\/wp\/v2\/posts\/25832\/revisions\/25835"}],"wp:featuredmedia":[{"embeddable":true,"href":"https:\/\/100xd.com.ar\/es\/wp-json\/wp\/v2\/media\/25833"}],"wp:attachment":[{"href":"https:\/\/100xd.com.ar\/es\/wp-json\/wp\/v2\/media?parent=25832"}],"wp:term":[{"taxonomy":"category","embeddable":true,"href":"https:\/\/100xd.com.ar\/es\/wp-json\/wp\/v2\/categories?post=25832"},{"taxonomy":"post_tag","embeddable":true,"href":"https:\/\/100xd.com.ar\/es\/wp-json\/wp\/v2\/tags?post=25832"}],"curies":[{"name":"wp","href":"https:\/\/api.w.org\/{rel}","templated":true}]}}