{"id":24441,"date":"2017-04-06T16:15:20","date_gmt":"2017-04-06T19:15:20","guid":{"rendered":"http:\/\/www.100xd.com.ar\/?p=24441"},"modified":"2017-04-06T16:15:27","modified_gmt":"2017-04-06T19:15:27","slug":"efemerides-un-6-de-abril-como-hoy","status":"publish","type":"post","link":"https:\/\/100xd.com.ar\/es\/efemerides-un-6-de-abril-como-hoy\/","title":{"rendered":"Efem\u00e9rides, un 6 de abril como hoy.."},"content":{"rendered":"<div class=\"row\">\n<div class=\"col-md-offset-1 col-md-10 col-xs-12 col-print-12\">\n<p class=\"element element-paragraph\"><strong>1943<\/strong> \u2013 Se publicaba &#8220;El Principito&#8221;, la obra m\u00e1s famosa del escritor y aviador franc\u00e9s Antoine de Saint-Exup\u00e9ry. Incluido entre los mejores libros del siglo XX , se convirti\u00f3 en el libro en franc\u00e9s m\u00e1s le\u00eddo y m\u00e1s traducido, incluyendo al sistema de lectura braille. La obra tambi\u00e9n se convirti\u00f3 en uno de los libros m\u00e1s vendidos de todos los tiempos. En sus p\u00e1ginas, se cuenta la historia de un piloto se encuentra perdido en el desierto del Sahara despu\u00e9s de que su avi\u00f3n sufriera una aver\u00eda, pero para su sorpresa, es all\u00ed donde conoce a un peque\u00f1o pr\u00edncipe proveniente de otro planeta. Pese a que podr\u00eda pensarse que es una lectura infantil, los temas que se tratan y la profundidad con que se hace, lo destacan.<\/p>\n<\/div>\n<\/div>\n<div class=\"row\">\n<div id=\"placeholder\"><\/div>\n<div class=\"element element-rawhtml col-md-offset-1 col-md-10 col-xs-12\">.<\/div>\n<\/div>\n<div class=\"row\"><\/div>\n<div class=\"row\">\n<div class=\"col-md-offset-1 col-md-10 col-xs-12 col-print-12\">\n<p class=\"element element-paragraph\"><strong>1979<\/strong> \u2013 Julio Humberto Grondona era elegido Presidente de la AFA. Comenz\u00f3 su carrera como dirigente al fundar en 1956, junto a su hermano H\u00e9ctor y un grupo de amigos, el club de f\u00fatbol Arsenal. de Sarand\u00ed. Ocup\u00f3 la presidencia de ese club durante casi veinte a\u00f1os, hasta 1976, momento en que ocup\u00f3 la presidencia de Independiente, hasta 1979, donde consigui\u00f3 los t\u00edtulos de campe\u00f3n en el Nacional de 1977 y de 1978. El 6 de abril de 1979, fue designado presidente de la Asociaci\u00f3n del F\u00fatbol Argentino (AFA), cargo que ejerci\u00f3 hasta su muerte, el 30 de julio de 2014. Tambi\u00e9n fue vicepresidente 1\u00b0 de la FIFA desde 1988, con el cargo de Presidente de la Comisi\u00f3n de Finanzas y el Consejo de Marketing y Televisi\u00f3n. Durante su gesti\u00f3n al frente de la AFA, la Selecci\u00f3n Argentina obtuvo el Campeonato Mundial de M\u00e9xico &#8217;86, dos medallas de oro en los Juegos Ol\u00edmpicos de Atenas 2004 y Pek\u00edn 2008, la Copa FIFA Confederaciones 1992, y las Copas Am\u00e9rica de 1991 y 1993, adem\u00e1s de 6 mundiales juveniles sub-20 (1979, 1995, 1997, 2001, 2005, y 2007), y varios campeonatos sudamericanos juveniles. Adem\u00e1s, se construy\u00f3 el Complejo Habitacional Deportivo de Ezeiza, lugar de concentraci\u00f3n y entrenamiento de las selecciones.<\/p>\n<\/div>\n<\/div>\n<div id=\"\" class=\"wrapper clearfix pb-feature pb-layout-item pb-f-utilities-ad middle-1\" data-ad-exists=\"true\">\n<div id=\"sas_40614\" class=\"pb-ad-container smart-big-box-300x250 border-bottom-airy\" data-format-id=\"40614\" data-ad-type=\"middle-1\">.<\/div>\n<\/div>\n<div class=\"row\">\n<div class=\"element element-rawhtml col-md-offset-1 col-md-10 col-xs-12\">.<\/div>\n<\/div>\n<div class=\"row\"><\/div>\n<div class=\"row\">\n<div class=\"col-md-offset-1 col-md-10 col-xs-12 col-print-12\">\n<p class=\"element element-paragraph\"><strong>Festejan hoy su cumplea\u00f1os:<\/strong><\/p>\n<\/div>\n<\/div>\n<div class=\"row\">\n<div class=\"col-md-offset-1 col-md-10 col-xs-12 col-print-12\">\n<p class=\"element element-paragraph\"><strong>Rafael Correa<\/strong>, presidente de Ecuador (54 a\u00f1os)<\/p>\n<\/div>\n<\/div>\n<div class=\"row\">\n<div class=\"element element-rawhtml col-md-offset-1 col-md-10 col-xs-12\">.<\/div>\n<\/div>\n<div class=\"row\"><\/div>\n<div class=\"row\">\n<div class=\"col-md-offset-1 col-md-10 col-xs-12 col-print-12\">\n<p class=\"element element-paragraph\"><strong>\u00c9rica Garc\u00eda<\/strong>, cantante argentina (49 a\u00f1os)<\/p>\n<p class=\"element element-paragraph\">Fuente: <a href=\"http:\/\/www.infobae.com\/?noredirect\">Infobae.com<\/a><\/p>\n<\/div>\n<\/div>","protected":false},"excerpt":{"rendered":"<p>1943 \u2013 Se publicaba &#8220;El Principito&#8221;, la obra m\u00e1s famosa del escritor y aviador franc\u00e9s Antoine de Saint-Exup\u00e9ry. Incluido entre los mejores libros del siglo XX , se convirti\u00f3 en el libro en franc\u00e9s m\u00e1s le\u00eddo y m\u00e1s traducido, incluyendo al sistema de lectura braille. La obra tambi\u00e9n se convirti\u00f3 en uno de los libros [&hellip;]<\/p>\n","protected":false},"author":4,"featured_media":0,"comment_status":"open","ping_status":"open","sticky":false,"template":"","format":"standard","meta":{"site-sidebar-layout":"default","site-content-layout":"","ast-site-content-layout":"default","site-content-style":"default","site-sidebar-style":"default","ast-global-header-display":"","ast-banner-title-visibility":"","ast-main-header-display":"","ast-hfb-above-header-display":"","ast-hfb-below-header-display":"","ast-hfb-mobile-header-display":"","site-post-title":"","ast-breadcrumbs-content":"","ast-featured-img":"","footer-sml-layout":"","ast-disable-related-posts":"","theme-transparent-header-meta":"","adv-header-id-meta":"","stick-header-meta":"","header-above-stick-meta":"","header-main-stick-meta":"","header-below-stick-meta":"","astra-migrate-meta-layouts":"default","ast-page-background-enabled":"default","ast-page-background-meta":{"desktop":{"background-color":"","background-image":"","background-repeat":"repeat","background-position":"center center","background-size":"auto","background-attachment":"scroll","background-type":"","background-media":"","overlay-type":"","overlay-color":"","overlay-opacity":"","overlay-gradient":""},"tablet":{"background-color":"","background-image":"","background-repeat":"repeat","background-position":"center center","background-size":"auto","background-attachment":"scroll","background-type":"","background-media":"","overlay-type":"","overlay-color":"","overlay-opacity":"","overlay-gradient":""},"mobile":{"background-color":"","background-image":"","background-repeat":"repeat","background-position":"center center","background-size":"auto","background-attachment":"scroll","background-type":"","background-media":"","overlay-type":"","overlay-color":"","overlay-opacity":"","overlay-gradient":""}},"ast-content-background-meta":{"desktop":{"background-color":"var(--ast-global-color-5)","background-image":"","background-repeat":"repeat","background-position":"center center","background-size":"auto","background-attachment":"scroll","background-type":"","background-media":"","overlay-type":"","overlay-color":"","overlay-opacity":"","overlay-gradient":""},"tablet":{"background-color":"var(--ast-global-color-5)","background-image":"","background-repeat":"repeat","background-position":"center center","background-size":"auto","background-attachment":"scroll","background-type":"","background-media":"","overlay-type":"","overlay-color":"","overlay-opacity":"","overlay-gradient":""},"mobile":{"background-color":"var(--ast-global-color-5)","background-image":"","background-repeat":"repeat","background-position":"center center","background-size":"auto","background-attachment":"scroll","background-type":"","background-media":"","overlay-type":"","overlay-color":"","overlay-opacity":"","overlay-gradient":""}},"footnotes":""},"categories":[8,4],"tags":[],"class_list":["post-24441","post","type-post","status-publish","format-standard","hentry","category-el-mundo","category-sociedad"],"spectra_blocks_featured_image_url":null,"spectra_blocks_author_info":{"display_name":"Facundo Novillo","avatar_url":"https:\/\/secure.gravatar.com\/avatar\/09745bc65ce6bf84291d6515d5f759c04b4fce4f329b8a975a8ac2982b552d3e?s=96&d=mm&r=g","author_link":"https:\/\/100xd.com.ar\/es\/author\/facundo\/","description":""},"_links":{"self":[{"href":"https:\/\/100xd.com.ar\/es\/wp-json\/wp\/v2\/posts\/24441","targetHints":{"allow":["GET"]}}],"collection":[{"href":"https:\/\/100xd.com.ar\/es\/wp-json\/wp\/v2\/posts"}],"about":[{"href":"https:\/\/100xd.com.ar\/es\/wp-json\/wp\/v2\/types\/post"}],"author":[{"embeddable":true,"href":"https:\/\/100xd.com.ar\/es\/wp-json\/wp\/v2\/users\/4"}],"replies":[{"embeddable":true,"href":"https:\/\/100xd.com.ar\/es\/wp-json\/wp\/v2\/comments?post=24441"}],"version-history":[{"count":2,"href":"https:\/\/100xd.com.ar\/es\/wp-json\/wp\/v2\/posts\/24441\/revisions"}],"predecessor-version":[{"id":24444,"href":"https:\/\/100xd.com.ar\/es\/wp-json\/wp\/v2\/posts\/24441\/revisions\/24444"}],"wp:attachment":[{"href":"https:\/\/100xd.com.ar\/es\/wp-json\/wp\/v2\/media?parent=24441"}],"wp:term":[{"taxonomy":"category","embeddable":true,"href":"https:\/\/100xd.com.ar\/es\/wp-json\/wp\/v2\/categories?post=24441"},{"taxonomy":"post_tag","embeddable":true,"href":"https:\/\/100xd.com.ar\/es\/wp-json\/wp\/v2\/tags?post=24441"}],"curies":[{"name":"wp","href":"https:\/\/api.w.org\/{rel}","templated":true}]}}