{"id":24152,"date":"2017-03-31T14:39:27","date_gmt":"2017-03-31T17:39:27","guid":{"rendered":"http:\/\/www.100xd.com.ar\/?p=24152"},"modified":"2017-03-31T14:39:33","modified_gmt":"2017-03-31T17:39:33","slug":"el-paro-sera-un-plebiscito-de-rechazo-a-estas-politicas","status":"publish","type":"post","link":"https:\/\/100xd.com.ar\/es\/el-paro-sera-un-plebiscito-de-rechazo-a-estas-politicas\/","title":{"rendered":"\u201cEl paro ser\u00e1 un plebiscito de rechazo a estas pol\u00edticas\u201d"},"content":{"rendered":"<div class=\"column large-7 small-12\">\n<div class=\"article-text\">\n<p>M\u00e1s de cien mil personas volvieron a copar ayer las calles del centro porte\u00f1o para reclamar, de frente a la Casa Rosada, un cambio en las pol\u00edticas econ\u00f3micas del gobierno nacional. Las dos CTA y los gremios combativos de la CGT protagonizaron esta vez la masiva movilizaci\u00f3n que funcion\u00f3 a un mismo tiempo como cierre de un mes signado por las protestas contra la administraci\u00f3n del presidente Mauricio Macri y como pr\u00f3logo del paro nacional convocado para la semana que viene. En el acto de cierre, sobre una Plaza de Mayo desbordada, el secretario general de la CTA de los Trabajadores, Hugo Yasky, pidi\u00f3 \u201cla unidad de los trabajadores\u201d contra el ajuste y asegur\u00f3 que la huelga general del 6 de abril tiene que ser \u201cun plebiscito\u201d sobre el rumbo de la econom\u00eda\u201d y que luego \u201cno va a venir el remanso\u201d sino que habr\u00e1 \u201cun plan de acci\u00f3n m\u00e1s aguerrido y m\u00e1s fuerte para demostrar que cuando hasta que el ajuste no se vaya, la lucha sigue\u201d.<\/p>\n<p>Por sexta vez en marzo, las inmediaciones de la avenida de Mayo volvieron a vivir la rutina de las manifestaciones populares, desde el temprano armado de los carritos de hamburguesas y choripanes hasta el cenit con las calles desbordadas de columnas y participantes sueltos, coincidiendo en cantos y consignas mientras los parlantes repet\u00edan las palabras que se le\u00edan sobre el escenario.<\/p>\n<p>La lluvia fue m\u00e1s una amenaza que una molestia y no mell\u00f3 en la convocatoria, a la altura de las protestas que se sucedieron durante los \u00faltimos treinta d\u00edas, todas multitudinarias, pac\u00edficas y organizadas. Algunas caras estaban repetidas: las organizaciones que organizaban ayer hab\u00edan convocado, participado o adherido a las marchas de docentes que tuvieron lugar el 6 y el 22 de este mes, la movilizaci\u00f3n de la CGT el 7 y la del d\u00eda de la Memoria, el viernes pasado.<\/p>\n<p>Arriba del escenario, los lugares centrales estaban reservados para Yasky, el titular de la CTA de los Argentinos Pablo Micheli, el dirigente de la UOM Francisco \u201cBarba\u201d Guti\u00e9rrez y otros referentes gremiales entre los que destacaba Roberto Baradel, protagonista del conflicto docente en la provincia de Buenos Aires.<\/p>\n<p>Los gremios de maestros aportaron algunas de las columnas m\u00e1s numerosas que marcharon por avenida de Mayo y las calles aleda\u00f1as. Los organismos de Derechos Humanos, los movimientos sociales y sectores pol\u00edticos cercanos al peronismo y otros a la izauierda completaron la convocatoria que llen\u00f3 la Plaza, cop\u00f3 la Avenida de Mayo y se derram\u00f3 sobre las diagonales, la 9 de Julio y las calles aleda\u00f1as.<\/p>\n<p>\u201cVamos a defender la democracia con la convicci\u00f3n que nunca tuvieron ellos, que nunca salieron a la calle a defenderla\u201d, dijo Yasky en el cierre del acto. \u201cVamos a exigir que el mandato presidencial se cumpla hasta el \u00faltimo d\u00eda, pero eso no significa un cheque en blanco para que destruyan la escuela p\u00fablica, permitir que sigan despidiendo trabajadores\u201d, agreg\u00f3.<\/p>\n<p>Adem\u00e1s, el orador central de la tarde asegur\u00f3 que las manifestaciones de marzo \u201cpasaron a la historia porque fueron la expresi\u00f3n de que el pueblo argentino est\u00e1 de pie\u201d y que en abril habr\u00e1 un \u201cplan de acci\u00f3n\u201d que desembocar\u00e1 en una nueva marcha federal a Plaza de Mayo el d\u00eda del Trabajador.<\/p>\n<p>Este cronograma lo est\u00e1n discutiendo las CTA junto a sectores de la CGT que buscan acelerar algo los tiempos que hasta ahora maneja el triunvirato que conduce la principal central de trabajadores. A esa situaci\u00f3n se refiri\u00f3 Yasky cuando dijo que el paro del 6 deber\u00eda \u201cfortalecer\u201d a quienes hacen fuerza para \u201cque se termine la luna de miel con un gobierno que us\u00f3 el di\u00e1logo social para poner de rodillas a los trabajadores\u201d. En ese sentido, el sindicalista docente complet\u00f3: \u201cEl paro va a ser el punto m\u00e1ximo del rechazo a las pol\u00edticas del gobierno de Macri. Un paro que va a ser un plebiscito, que va a ser inapelable, que va a demostrar, de una punta a otra del pa\u00eds, el rechazo a la pol\u00edtica del hambre, a la pol\u00edtica de la opresi\u00f3n, al encarcelamiento de Milagro Sala, a la flexibilizaci\u00f3n laboral, a la entrega de nuestras conquistas y al hambre de los jubilados\u201d.<\/p>\n<p>La ceremonia hab\u00eda comenzado casi una hora antes con un nuevo reclamo por el fin de la prisi\u00f3n pol\u00edtica que pesa sobre Sala y la lectura de una carta que la l\u00edder de la organizaci\u00f3n Tupac Amaru escribi\u00f3 desde la c\u00e1rcel de Alto Comedero, en Jujuy, donde sigue detenida ilegalmente por el gobierno radical de Gerardo Morales. \u201cNo es casualidad que hoy nos volvamos a encontrar nuevamente resistiendo las pol\u00edticas de saqueo de nuestra patria y de hambre a nuestro pueblo. Parecer\u00eda que nuestro destino es resistir y reconstruir nuestra patria despu\u00e9s que los ricos y los poderosos la saquean y la destruyen\u201d, escribi\u00f3 Sala, que recibi\u00f3 la solidaridad de los presentes cuando reclamaron por su libertad.<\/p>\n<p>El Barba Guti\u00e9rrez, secretario de Interior de la CGT y referente del reci\u00e9n creado Movimiento de Trabajadores Sa\u00fal Ubaldini, dijo despu\u00e9s que las marchas no son \u201cpara desestabilizar\u201d sino para decir que \u201cmillones de trabajadores est\u00e1n pidiendo un cambio hacia adelante\u201d porque las pol\u00edticas econ\u00f3micas del gobierno que encabeza Macri est\u00e1n \u201cgenerando recesi\u00f3n\u201d y \u201czozobra en las familias argentinas\u201d.<\/p>\n<p>A su turno, Micheli redobl\u00f3 la apuesta: \u201cHasta que caiga este modelo econ\u00f3mico no nos van a sacar de la calle\u201d, dijo. Micheli tambi\u00e9n aclar\u00f3 que no tiene \u201cla intenci\u00f3n de desestabilizar a nadie\u201d sino que busca torcer el brazo del gobierno en lo que respecta a las decisiones econ\u00f3micas que causan empobrecimientos, desocupaci\u00f3n y recesi\u00f3n. Tambi\u00e9n solicit\u00f3 que el jueves durante el paro \u201cno vuele ni una pluma\u201d para demostrar ese repudio.<\/p>\n<p>Mientras en la plaza se cantaba \u201cunidad de los trabajadores, y al que no le gusta se jode\u201d, el titular de la CTA Aut\u00f3noma responsabiliz\u00f3 al Gobierno por \u201cincitar a la violencia\u201d que termin\u00f3 con una v\u00edctima fatal cuando un camionero atropell\u00f3 un corte de rutas en Santa Fe. \u201cDespu\u00e9s nos dicen violentos a los sindicatos porque no dejamos caminar libremente. Violencia es matar y los muertos siempre los ponemos los trabajadores y el pueblo\u201d, areng\u00f3.<\/p>\n<p>La marcha de ayer, a 35 a\u00f1os de la hist\u00f3rica protesta contra la dictadura, signific\u00f3 el bautismo del espacio que nuclea a las dos CTA y a los gremios que conformaron el Movimiento de Trabajadores Sa\u00fal Ubaldini que buscan la unidad gremial para enfrentar al Gobierno. Con ese fin, despu\u00e9s del paro de la semana que viene emitir\u00e1n, como presentaci\u00f3n ante la sociedad, un documento en el que buscar\u00e1n hacer \u00e9nfasis en los puntos d\u00e9biles de la pol\u00edtica econ\u00f3mica del gobierno y proponer un plan de lucha para intentar modificar el rumbo que marcan para el pa\u00eds desde la Casa Rosada<img decoding=\"async\" src=\"https:\/\/www.pagina12.com.ar\/assets\/media\/assets\/social\/twitter-small.svg?v=0.16.8\" alt=\"Twitter Small.svg?v=0.16\"  title=\"\u201cEl paro ser\u00e1 un plebiscito de rechazo a estas pol\u00edticas\u201d\" \/><\/p>\n<p>Fuente: <a href=\"https:\/\/www.pagina12.com.ar\/\">P\u00e1gina 12.<\/a><\/p>\n<\/div>\n<\/div>\n<div class=\"column large-5 show-for-large\">\n<div class=\"row ads-row\">\n<div class=\"column large-12\">\n<div class=\"ads-square1 show-for-large\">\n<div id=\"div-gpt-ad-1480962377141-0\" data-google-query-id=\"CN7G2tmigdMCFZODkQod8DUKCg\">\n<div id=\"google_ads_iframe_\/349353471\/p12_nota_300x250_top_ATF_0__container__\">.<\/div>\n<\/div>\n<\/div>\n<\/div>\n<div class=\"column large-12\"><\/div>\n<div class=\"column large-12\">\n<div class=\"ads-square1 show-for-large\">\n<div id=\"div-gpt-ad-1472045026351-1\" data-google-query-id=\"CN_G2tmigdMCFZODkQod8DUKCg\">\n<div id=\"google_ads_iframe_\/349353471\/p12_nota_300x250_MID_RIGHT_0__container__\">.<\/div>\n<\/div>\n<\/div>\n<\/div>\n<\/div>\n<\/div>","protected":false},"excerpt":{"rendered":"<p>M\u00e1s de cien mil personas volvieron a copar ayer las calles del centro porte\u00f1o para reclamar, de frente a la Casa Rosada, un cambio en las pol\u00edticas econ\u00f3micas del gobierno nacional. Las dos CTA y los gremios combativos de la CGT protagonizaron esta vez la masiva movilizaci\u00f3n que funcion\u00f3 a un mismo tiempo como cierre [&hellip;]<\/p>\n","protected":false},"author":4,"featured_media":0,"comment_status":"open","ping_status":"open","sticky":false,"template":"","format":"standard","meta":{"site-sidebar-layout":"default","site-content-layout":"","ast-site-content-layout":"default","site-content-style":"default","site-sidebar-style":"default","ast-global-header-display":"","ast-banner-title-visibility":"","ast-main-header-display":"","ast-hfb-above-header-display":"","ast-hfb-below-header-display":"","ast-hfb-mobile-header-display":"","site-post-title":"","ast-breadcrumbs-content":"","ast-featured-img":"","footer-sml-layout":"","ast-disable-related-posts":"","theme-transparent-header-meta":"","adv-header-id-meta":"","stick-header-meta":"","header-above-stick-meta":"","header-main-stick-meta":"","header-below-stick-meta":"","astra-migrate-meta-layouts":"default","ast-page-background-enabled":"default","ast-page-background-meta":{"desktop":{"background-color":"","background-image":"","background-repeat":"repeat","background-position":"center center","background-size":"auto","background-attachment":"scroll","background-type":"","background-media":"","overlay-type":"","overlay-color":"","overlay-opacity":"","overlay-gradient":""},"tablet":{"background-color":"","background-image":"","background-repeat":"repeat","background-position":"center center","background-size":"auto","background-attachment":"scroll","background-type":"","background-media":"","overlay-type":"","overlay-color":"","overlay-opacity":"","overlay-gradient":""},"mobile":{"background-color":"","background-image":"","background-repeat":"repeat","background-position":"center center","background-size":"auto","background-attachment":"scroll","background-type":"","background-media":"","overlay-type":"","overlay-color":"","overlay-opacity":"","overlay-gradient":""}},"ast-content-background-meta":{"desktop":{"background-color":"var(--ast-global-color-5)","background-image":"","background-repeat":"repeat","background-position":"center center","background-size":"auto","background-attachment":"scroll","background-type":"","background-media":"","overlay-type":"","overlay-color":"","overlay-opacity":"","overlay-gradient":""},"tablet":{"background-color":"var(--ast-global-color-5)","background-image":"","background-repeat":"repeat","background-position":"center center","background-size":"auto","background-attachment":"scroll","background-type":"","background-media":"","overlay-type":"","overlay-color":"","overlay-opacity":"","overlay-gradient":""},"mobile":{"background-color":"var(--ast-global-color-5)","background-image":"","background-repeat":"repeat","background-position":"center center","background-size":"auto","background-attachment":"scroll","background-type":"","background-media":"","overlay-type":"","overlay-color":"","overlay-opacity":"","overlay-gradient":""}},"footnotes":""},"categories":[25],"tags":[],"class_list":["post-24152","post","type-post","status-publish","format-standard","hentry","category-destacado"],"spectra_blocks_featured_image_url":null,"spectra_blocks_author_info":{"display_name":"Facundo Novillo","avatar_url":"https:\/\/secure.gravatar.com\/avatar\/09745bc65ce6bf84291d6515d5f759c04b4fce4f329b8a975a8ac2982b552d3e?s=96&d=mm&r=g","author_link":"https:\/\/100xd.com.ar\/es\/author\/facundo\/","description":""},"_links":{"self":[{"href":"https:\/\/100xd.com.ar\/es\/wp-json\/wp\/v2\/posts\/24152","targetHints":{"allow":["GET"]}}],"collection":[{"href":"https:\/\/100xd.com.ar\/es\/wp-json\/wp\/v2\/posts"}],"about":[{"href":"https:\/\/100xd.com.ar\/es\/wp-json\/wp\/v2\/types\/post"}],"author":[{"embeddable":true,"href":"https:\/\/100xd.com.ar\/es\/wp-json\/wp\/v2\/users\/4"}],"replies":[{"embeddable":true,"href":"https:\/\/100xd.com.ar\/es\/wp-json\/wp\/v2\/comments?post=24152"}],"version-history":[{"count":1,"href":"https:\/\/100xd.com.ar\/es\/wp-json\/wp\/v2\/posts\/24152\/revisions"}],"predecessor-version":[{"id":24154,"href":"https:\/\/100xd.com.ar\/es\/wp-json\/wp\/v2\/posts\/24152\/revisions\/24154"}],"wp:attachment":[{"href":"https:\/\/100xd.com.ar\/es\/wp-json\/wp\/v2\/media?parent=24152"}],"wp:term":[{"taxonomy":"category","embeddable":true,"href":"https:\/\/100xd.com.ar\/es\/wp-json\/wp\/v2\/categories?post=24152"},{"taxonomy":"post_tag","embeddable":true,"href":"https:\/\/100xd.com.ar\/es\/wp-json\/wp\/v2\/tags?post=24152"}],"curies":[{"name":"wp","href":"https:\/\/api.w.org\/{rel}","templated":true}]}}