{"id":24078,"date":"2017-03-30T12:32:25","date_gmt":"2017-03-30T15:32:25","guid":{"rendered":"http:\/\/www.100xd.com.ar\/?p=24078"},"modified":"2017-03-30T12:35:59","modified_gmt":"2017-03-30T15:35:59","slug":"en-santa-cruz-se-agrava-el-conflicto-docente-tras-una-oferta-de-aumento-de-3","status":"publish","type":"post","link":"https:\/\/100xd.com.ar\/es\/en-santa-cruz-se-agrava-el-conflicto-docente-tras-una-oferta-de-aumento-de-3\/","title":{"rendered":"En Santa Cruz se agrava el conflicto docente tras una oferta de aumento de 3%"},"content":{"rendered":"<p class=\"primero\">RIO GALLEGOS.- El gobierno de Alicia Kirchner volvi\u00f3 a ofrecer un 3% de aumento en la segunda reuni\u00f3n paritaria y, en respuesta, los docentes cortaron la ruta nacional 3 durante varias horas. Desde el gremio consideraron que la falta de propuestas es una burla y una provocaci\u00f3n; en tanto, al mediod\u00eda la marcha de estatales que recorri\u00f3 el centro de la ciudad fue multitudinaria y gan\u00f3 los jardines de la Casa de Gobierno.<\/p>\n<aside class=\"banner caja2\" data-adpos=\"caja2\">\n<div id=\"eplAdDivcaja2\">.<\/div>\n<\/aside>\n<p>&#8220;No s\u00f3lo repiten la oferta, sino que ni siquiera tienen fecha de pago de los aumentos pactados en la paritaria del a\u00f1o pasado&#8221;, expres\u00f3 el secretario general de los docentes, Pedro Cormack, en un cuarto intermedio de la reuni\u00f3n. Fuera del recinto, los docentes que se hab\u00edan convocado a acompa\u00f1ar la paritaria decidieron cortar la ruta a la altura de la autov\u00eda 17 de Octubre.<\/p>\n<p>En la reuni\u00f3n, los representantes del gobierno comunicaron que hoy pagan el incentivo docente y que devolver\u00e1n los d\u00edas de paro. El gremio desestim\u00f3 que esto sea una oferta, sino que &#8220;pagan lo que deben&#8221;.<\/p>\n<aside class=\"banner caja3\" data-adpos=\"caja3\">\n<div id=\"eplAdDivcaja3\">.<\/div>\n<\/aside>\n<p>Los docentes cumplen hoy el cuarto de los cinco d\u00edas de paro decretado para esta semana, y el viernes concretar\u00e1n 14 d\u00edas de paro y 5 de retenci\u00f3n de servicios desde que empezaron las clases.<\/p>\n<p>Mientras el gobierno sigue sin nombrar presidente en el Consejo Provincial de Educaci\u00f3n, los mensajes que emiten sus enviados no son conciliadores.<\/p>\n<aside class=\"banner caja4\" data-adpos=\"caja4\">\n<div id=\"eplAdDivcaja4\">.<\/div>\n<\/aside>\n<p>Horas antes de la realizaci\u00f3n de la segunda reuni\u00f3n paritaria del a\u00f1o, la vicepresidenta del Consejo de Educaci\u00f3n, CPE, Celina Mansilla, record\u00f3 que los maestros santacruce\u00f1os tienen &#8220;el salario docente m\u00e1s alto a nivel nacional, el cual tuvo un incremento del 31,16% de diciembre 2015 a diciembre 2016&#8221; y que &#8220;esto posicion\u00f3 al sector como el de mayor participaci\u00f3n dentro de la masa salarial del estado provincial, representando un 42% del total de los salarios&#8221;.<\/p>\n<p>A la par que reconoci\u00f3 que la intenci\u00f3n es mantener el di\u00e1logo abierto y detall\u00f3 que el Estado nacional asiste a la provincia con 20 de los 608 millones de pesos que demanda la masa salarial del CPE. Mansilla detall\u00f3 que la provincia cuenta con m\u00e1s de 12.000 docentes, &#8220;m\u00e1s de 26.000 sueldos para una matr\u00edcula de 108.000 estudiantes en todos los niveles, entre educaci\u00f3n p\u00fablica y privada&#8221;.<\/p>\n<p>La respuesta no se demor\u00f3. Al mediod\u00eda, m\u00e1s de 3000 personas reunidas en los gremios estatales recorrieron las calles de la ciudad. &#8220;No son los docentes ni ning\u00fan trabajador los que m\u00e1s ganamos, los que m\u00e1s ganaron en esta provincia en las \u00faltimas d\u00e9cadas est\u00e1n en esta Casa de Gobierno&#8221;, enfatiz\u00f3 el dirigente del gremio docente en la puerta de la gobernaci\u00f3n.<\/p>\n<p>La marcha estuvo encabezada por la Mesa de Unidad Sindical, que re\u00fane a los gremios estatales enrolados en ATE, que por estas horas tambi\u00e9n est\u00e1n de paro. El gremio judicial es quiz\u00e1s el que lleva el conflicto mas extenso. Hace un mes que la Justicia est\u00e1 paralizada por tiempo indeterminado ante la falta de pago del sueldo de febrero.<\/p>\n<p>Los judiciales, adem\u00e1s, presentaron una denuncia penal contra la gobernadora y el ministro de Econom\u00eda, Juan Donnini, por incumplimiento de los deberes de funcionario y malversaci\u00f3n de caudales p\u00fablicos. &#8220;Econom\u00eda no remiti\u00f3 las partidas para salarios y es una falta grave&#8221;, informaron.<\/p>\n<p>Fuente: <a href=\"http:\/\/www.lanacion.com.ar\/\">La Naci\u00f3n<\/a><\/p>","protected":false},"excerpt":{"rendered":"<p>RIO GALLEGOS.- El gobierno de Alicia Kirchner volvi\u00f3 a ofrecer un 3% de aumento en la segunda reuni\u00f3n paritaria y, en respuesta, los docentes cortaron la ruta nacional 3 durante varias horas. Desde el gremio consideraron que la falta de propuestas es una burla y una provocaci\u00f3n; en tanto, al mediod\u00eda la marcha de estatales [&hellip;]<\/p>\n","protected":false},"author":4,"featured_media":0,"comment_status":"open","ping_status":"open","sticky":false,"template":"","format":"standard","meta":{"site-sidebar-layout":"default","site-content-layout":"","ast-site-content-layout":"default","site-content-style":"default","site-sidebar-style":"default","ast-global-header-display":"","ast-banner-title-visibility":"","ast-main-header-display":"","ast-hfb-above-header-display":"","ast-hfb-below-header-display":"","ast-hfb-mobile-header-display":"","site-post-title":"","ast-breadcrumbs-content":"","ast-featured-img":"","footer-sml-layout":"","ast-disable-related-posts":"","theme-transparent-header-meta":"","adv-header-id-meta":"","stick-header-meta":"","header-above-stick-meta":"","header-main-stick-meta":"","header-below-stick-meta":"","astra-migrate-meta-layouts":"default","ast-page-background-enabled":"default","ast-page-background-meta":{"desktop":{"background-color":"","background-image":"","background-repeat":"repeat","background-position":"center center","background-size":"auto","background-attachment":"scroll","background-type":"","background-media":"","overlay-type":"","overlay-color":"","overlay-opacity":"","overlay-gradient":""},"tablet":{"background-color":"","background-image":"","background-repeat":"repeat","background-position":"center center","background-size":"auto","background-attachment":"scroll","background-type":"","background-media":"","overlay-type":"","overlay-color":"","overlay-opacity":"","overlay-gradient":""},"mobile":{"background-color":"","background-image":"","background-repeat":"repeat","background-position":"center center","background-size":"auto","background-attachment":"scroll","background-type":"","background-media":"","overlay-type":"","overlay-color":"","overlay-opacity":"","overlay-gradient":""}},"ast-content-background-meta":{"desktop":{"background-color":"var(--ast-global-color-5)","background-image":"","background-repeat":"repeat","background-position":"center center","background-size":"auto","background-attachment":"scroll","background-type":"","background-media":"","overlay-type":"","overlay-color":"","overlay-opacity":"","overlay-gradient":""},"tablet":{"background-color":"var(--ast-global-color-5)","background-image":"","background-repeat":"repeat","background-position":"center center","background-size":"auto","background-attachment":"scroll","background-type":"","background-media":"","overlay-type":"","overlay-color":"","overlay-opacity":"","overlay-gradient":""},"mobile":{"background-color":"var(--ast-global-color-5)","background-image":"","background-repeat":"repeat","background-position":"center center","background-size":"auto","background-attachment":"scroll","background-type":"","background-media":"","overlay-type":"","overlay-color":"","overlay-opacity":"","overlay-gradient":""}},"footnotes":""},"categories":[25],"tags":[],"class_list":["post-24078","post","type-post","status-publish","format-standard","hentry","category-destacado"],"spectra_blocks_featured_image_url":null,"spectra_blocks_author_info":{"display_name":"Facundo Novillo","avatar_url":"https:\/\/secure.gravatar.com\/avatar\/09745bc65ce6bf84291d6515d5f759c04b4fce4f329b8a975a8ac2982b552d3e?s=96&d=mm&r=g","author_link":"https:\/\/100xd.com.ar\/es\/author\/facundo\/","description":""},"_links":{"self":[{"href":"https:\/\/100xd.com.ar\/es\/wp-json\/wp\/v2\/posts\/24078","targetHints":{"allow":["GET"]}}],"collection":[{"href":"https:\/\/100xd.com.ar\/es\/wp-json\/wp\/v2\/posts"}],"about":[{"href":"https:\/\/100xd.com.ar\/es\/wp-json\/wp\/v2\/types\/post"}],"author":[{"embeddable":true,"href":"https:\/\/100xd.com.ar\/es\/wp-json\/wp\/v2\/users\/4"}],"replies":[{"embeddable":true,"href":"https:\/\/100xd.com.ar\/es\/wp-json\/wp\/v2\/comments?post=24078"}],"version-history":[{"count":1,"href":"https:\/\/100xd.com.ar\/es\/wp-json\/wp\/v2\/posts\/24078\/revisions"}],"predecessor-version":[{"id":24080,"href":"https:\/\/100xd.com.ar\/es\/wp-json\/wp\/v2\/posts\/24078\/revisions\/24080"}],"wp:attachment":[{"href":"https:\/\/100xd.com.ar\/es\/wp-json\/wp\/v2\/media?parent=24078"}],"wp:term":[{"taxonomy":"category","embeddable":true,"href":"https:\/\/100xd.com.ar\/es\/wp-json\/wp\/v2\/categories?post=24078"},{"taxonomy":"post_tag","embeddable":true,"href":"https:\/\/100xd.com.ar\/es\/wp-json\/wp\/v2\/tags?post=24078"}],"curies":[{"name":"wp","href":"https:\/\/api.w.org\/{rel}","templated":true}]}}