{"id":22899,"date":"2017-03-03T12:26:52","date_gmt":"2017-03-03T15:26:52","guid":{"rendered":"http:\/\/www.100xd.com.ar\/?p=22899"},"modified":"2017-03-03T12:26:57","modified_gmt":"2017-03-03T15:26:57","slug":"le-esta-yendo-mal-a-todo-el-mundo","status":"publish","type":"post","link":"https:\/\/100xd.com.ar\/es\/le-esta-yendo-mal-a-todo-el-mundo\/","title":{"rendered":"\u201cLe est\u00e1 yendo mal a todo el mundo\u201d"},"content":{"rendered":"<p>La marcha que la CGT realizar\u00e1 el pr\u00f3ximo martes, sumada a la posibilidad cada vez m\u00e1s cierta de que a fines de marzo haya una huelga general, elev\u00f3 al m\u00e1ximo la tensi\u00f3n entre el Gobierno y la central sindical. El jefe de Gabinete, Marcos Pe\u00f1a, afirm\u00f3 ayer que no hay \u201crazones objetivas\u201d para la convocatoria a una medida de fuerza y le atribuy\u00f3 motivaciones pol\u00edticas al posicionamiento de la CGT, que ayer sum\u00f3 la adhesi\u00f3n de los movimientos sociales a la movilizaci\u00f3n al Ministerio de Producci\u00f3n. Desde la conducci\u00f3n cegetista salieron a responderle y lo acusaron de mentir. \u201cSe cierran empresas y le est\u00e1 yendo mal a todo el mundo\u201d, advirtieron.<\/p>\n<p>La convocatoria de la CGT para el 7 de marzo promete ser masiva. Ante ese escenario, el Gobierno decidi\u00f3 salir a confrontar con los sindicalistas. \u201cNo sabemos de razones objetivas para convocar a un paro\u201d, asegur\u00f3 Pe\u00f1a en la conferencia de prensa que brind\u00f3 junto a Mar\u00eda Eugenia Vidal y Horacio Rodr\u00edguez Larreta tras una reuni\u00f3n de gabinete ampliado en el Centro Cultural Kirchner.<\/p>\n<p>El Gobierno se traz\u00f3 la misma estrategia que frente al paro docente: mostrar disposici\u00f3n a dialogar e instalar la idea de que la CGT persigue un objetivo pol\u00edtico.<\/p>\n<p>Pe\u00f1a sigui\u00f3 al pie de la letra ese libreto. \u201cEsperamos que el a\u00f1o electoral no altere la vocaci\u00f3n de di\u00e1logo, porque ser\u00eda muy malo para este proceso de recuperaci\u00f3n econ\u00f3mica, generaci\u00f3n de trabajo y de salir adelante para un pa\u00eds que necesita que todos tiremos para un mismo lado\u201d, plante\u00f3 el funcionario. Tambi\u00e9n les reproch\u00f3 a los gremialistas que \u201cno siempre dicen lo mismo en p\u00fablico que en privado\u201d y les reclam\u00f3 \u201chonestidad intelectual, compromiso con la recuperaci\u00f3n y el crecimiento que necesitan ante todo los trabajadores, que trabajemos en paz, y di\u00e1logo\u201d. A favor de su afirmaci\u00f3n de que no hay razones para un plan de lucha de la CGT, Pe\u00f1a argument\u00f3 que \u201cdurante los \u00faltimos siete meses creci\u00f3 la generaci\u00f3n de nuevos puestos\u201d de trabajo.<\/p>\n<p>El triunvirato de la CGT en pleno le sali\u00f3 al cruce. \u201cSi los llegan a escuchar todos los desocupados, que cada d\u00eda son m\u00e1s, van a creer que este es el gabinete de otros pa\u00eds y se van a querer ir de la Argentina para pedirle trabajo a este hombre y la verdad es que est\u00e1n mintiendo, porque lo que sucede realmente es otra cosa. Les pedimos que sean responsables ya que est\u00e1n conduciendo un pa\u00eds\u201d, dijo Carlos Acu\u00f1a. A\u00f1adi\u00f3 que \u201cno pueden venir con n\u00fameros ficticios y pensar que la gente va creer en las mentiras que ellos dicen porque en la realidad se cierran empresas, le est\u00e1 yendo mal a todo el mundo y no es l\u00f3gico que se afirme que se est\u00e9n generando puestos de trabajo\u201d.<\/p>\n<p>Juan Carlos Schmid manifest\u00f3 que \u201cno nos levantamos en esta semana y resolvimos llevar adelante un marco de protestas. Esto ha sido el resultado de encuentros, debate y discusiones con el Poder Ejecutivo y tambi\u00e9n con sectores empresarios, que lamentablemente no nos llevaron a encontrar las coincidencias que evitaran la confrontaci\u00f3n\u201d. El gremialista record\u00f3 que \u201cel paro es la \u00faltima instancia que lleva adelante el sindicalismo\u201d y consider\u00f3 \u201ctotalmente desafortunadas\u201d las declaraciones de Pe\u00f1a.<\/p>\n<p>H\u00e9ctor Daer, por su parte, respondi\u00f3 que la CGT no va a \u201cpartidizar nada\u201d y agreg\u00f3: \u201cTampoco vamos a negar que nosotros tenemos ideolog\u00eda y que la ideolog\u00eda tiene que ver con un pa\u00eds con trabajadores con empleo, con trabajadores con dignidad y con chicos que puedan ir a la escuela\u201d. Daer pidi\u00f3 que \u201clos alba\u00f1iles que est\u00e1n sin trabajo construyan las viviendas que hacen falta para que las habiten los argentinos y no que haya una misi\u00f3n del Gobierno a China para importar casas prefabricadas que vienen en containers y que dejan sin trabajo a miles de argentinos que andan deambulando\u201d.<\/p>\n<p>En el marco de la ronda de reuniones que de cara a la movilizaci\u00f3n organiz\u00f3 con representantes de distintos sectores, la conducci\u00f3n de la CGT estuvo ayer con las autoridades de la C\u00e1mara Argentina de Medianas Empresas y tambi\u00e9n referentes del Movimiento Evita, la CTEP, Barrios de Pie, y la Corriente Clasista y Combativa.<\/p>\n<p>\u201cVamos a acompa\u00f1ar la movilizaci\u00f3n, nos sentimos parte del movimiento de los trabajadores. La situaci\u00f3n est\u00e1 muy mal\u201d, explic\u00f3, por su parte, el titular del Movimiento Evita, Emilio P\u00e9rsico, mientras que el secretario general de la CTEP, Esteban Castro, manifest\u00f3 al finalizar el encuentro que \u201cse fue generando una agenda com\u00fan de todos los trabajadores, con una unidad de concepci\u00f3n y acciones conjuntas a futuro\u201d. \u201cLa verdadera oposici\u00f3n a esta pol\u00edtica econ\u00f3mica que ha favorecido a los ricos en detrimento de los m\u00e1s d\u00e9biles es la de los trabajadores unidos en la calle. Falta de trabajo, inflaci\u00f3n en la canasta b\u00e1sica de alimentos y aumento desmedido de tarifas son la realidad que se vive en los barrios, por m\u00e1s marketing y discursos vac\u00edos que haga el Gobierno\u201d, agreg\u00f3 Gildo Onorato, de la misma organizaci\u00f3n.<\/p>\n<p>Fuente: <a href=\"https:\/\/www.pagina12.com.ar\/\">P\u00e1gina 12<\/a><\/p>","protected":false},"excerpt":{"rendered":"<p>La marcha que la CGT realizar\u00e1 el pr\u00f3ximo martes, sumada a la posibilidad cada vez m\u00e1s cierta de que a fines de marzo haya una huelga general, elev\u00f3 al m\u00e1ximo la tensi\u00f3n entre el Gobierno y la central sindical. El jefe de Gabinete, Marcos Pe\u00f1a, afirm\u00f3 ayer que no hay \u201crazones objetivas\u201d para la convocatoria [&hellip;]<\/p>\n","protected":false},"author":4,"featured_media":0,"comment_status":"open","ping_status":"open","sticky":false,"template":"","format":"standard","meta":{"site-sidebar-layout":"default","site-content-layout":"","ast-site-content-layout":"default","site-content-style":"default","site-sidebar-style":"default","ast-global-header-display":"","ast-banner-title-visibility":"","ast-main-header-display":"","ast-hfb-above-header-display":"","ast-hfb-below-header-display":"","ast-hfb-mobile-header-display":"","site-post-title":"","ast-breadcrumbs-content":"","ast-featured-img":"","footer-sml-layout":"","ast-disable-related-posts":"","theme-transparent-header-meta":"","adv-header-id-meta":"","stick-header-meta":"","header-above-stick-meta":"","header-main-stick-meta":"","header-below-stick-meta":"","astra-migrate-meta-layouts":"default","ast-page-background-enabled":"default","ast-page-background-meta":{"desktop":{"background-color":"","background-image":"","background-repeat":"repeat","background-position":"center center","background-size":"auto","background-attachment":"scroll","background-type":"","background-media":"","overlay-type":"","overlay-color":"","overlay-opacity":"","overlay-gradient":""},"tablet":{"background-color":"","background-image":"","background-repeat":"repeat","background-position":"center center","background-size":"auto","background-attachment":"scroll","background-type":"","background-media":"","overlay-type":"","overlay-color":"","overlay-opacity":"","overlay-gradient":""},"mobile":{"background-color":"","background-image":"","background-repeat":"repeat","background-position":"center center","background-size":"auto","background-attachment":"scroll","background-type":"","background-media":"","overlay-type":"","overlay-color":"","overlay-opacity":"","overlay-gradient":""}},"ast-content-background-meta":{"desktop":{"background-color":"var(--ast-global-color-5)","background-image":"","background-repeat":"repeat","background-position":"center center","background-size":"auto","background-attachment":"scroll","background-type":"","background-media":"","overlay-type":"","overlay-color":"","overlay-opacity":"","overlay-gradient":""},"tablet":{"background-color":"var(--ast-global-color-5)","background-image":"","background-repeat":"repeat","background-position":"center center","background-size":"auto","background-attachment":"scroll","background-type":"","background-media":"","overlay-type":"","overlay-color":"","overlay-opacity":"","overlay-gradient":""},"mobile":{"background-color":"var(--ast-global-color-5)","background-image":"","background-repeat":"repeat","background-position":"center center","background-size":"auto","background-attachment":"scroll","background-type":"","background-media":"","overlay-type":"","overlay-color":"","overlay-opacity":"","overlay-gradient":""}},"footnotes":""},"categories":[80],"tags":[],"class_list":["post-22899","post","type-post","status-publish","format-standard","hentry","category-ultimas-noticias"],"spectra_blocks_featured_image_url":null,"spectra_blocks_author_info":{"display_name":"Facundo Novillo","avatar_url":"https:\/\/secure.gravatar.com\/avatar\/09745bc65ce6bf84291d6515d5f759c04b4fce4f329b8a975a8ac2982b552d3e?s=96&d=mm&r=g","author_link":"https:\/\/100xd.com.ar\/es\/author\/facundo\/","description":""},"_links":{"self":[{"href":"https:\/\/100xd.com.ar\/es\/wp-json\/wp\/v2\/posts\/22899","targetHints":{"allow":["GET"]}}],"collection":[{"href":"https:\/\/100xd.com.ar\/es\/wp-json\/wp\/v2\/posts"}],"about":[{"href":"https:\/\/100xd.com.ar\/es\/wp-json\/wp\/v2\/types\/post"}],"author":[{"embeddable":true,"href":"https:\/\/100xd.com.ar\/es\/wp-json\/wp\/v2\/users\/4"}],"replies":[{"embeddable":true,"href":"https:\/\/100xd.com.ar\/es\/wp-json\/wp\/v2\/comments?post=22899"}],"version-history":[{"count":1,"href":"https:\/\/100xd.com.ar\/es\/wp-json\/wp\/v2\/posts\/22899\/revisions"}],"predecessor-version":[{"id":22901,"href":"https:\/\/100xd.com.ar\/es\/wp-json\/wp\/v2\/posts\/22899\/revisions\/22901"}],"wp:attachment":[{"href":"https:\/\/100xd.com.ar\/es\/wp-json\/wp\/v2\/media?parent=22899"}],"wp:term":[{"taxonomy":"category","embeddable":true,"href":"https:\/\/100xd.com.ar\/es\/wp-json\/wp\/v2\/categories?post=22899"},{"taxonomy":"post_tag","embeddable":true,"href":"https:\/\/100xd.com.ar\/es\/wp-json\/wp\/v2\/tags?post=22899"}],"curies":[{"name":"wp","href":"https:\/\/api.w.org\/{rel}","templated":true}]}}