{"id":19089,"date":"2016-10-18T12:56:59","date_gmt":"2016-10-18T15:56:59","guid":{"rendered":"http:\/\/www.100xd.com.ar\/?p=19089"},"modified":"2016-10-18T12:57:58","modified_gmt":"2016-10-18T15:57:58","slug":"el-papa-y-macri-una-reunion-que-deja-a-muchos-sin-argumentos","status":"publish","type":"post","link":"https:\/\/100xd.com.ar\/es\/el-papa-y-macri-una-reunion-que-deja-a-muchos-sin-argumentos\/","title":{"rendered":"El Papa y Macri, una reuni\u00f3n que deja a muchos sin argumentos"},"content":{"rendered":"<div class=\"row\">\n<div class=\"col-md-offset-1 col-md-10 col-xs-12 col-print-12\">\n<p class=\"element element-paragraph\">Ser superior, o al menos sentirse distinto a las mayor\u00edas, es una tentaci\u00f3n que inspira distintos caminos de la vida humana. Ricos o le\u00eddos, participar de las elites, ser alguien entre la multitud, \u00a1cu\u00e1nta energ\u00eda gastan los hombres en ese intento!<\/p>\n<\/div>\n<\/div>\n<div class=\"row\">\n<div class=\"col-md-offset-1 col-md-10 col-xs-12 col-print-12\">\n<p class=\"element element-paragraph\">Son muchos los que insisten en interrogarnos sobre qu\u00e9 diablos es el peronismo. La respuesta es compleja, una cosa son las ideas y otra muy distinta los que viven de esas ideas. Antes se utilizaban formas despectivas para dirigirse a las multitudes, a las masas, a los proletarios que en su protagonismo se asumieron &#8220;descamisados&#8221;. Hay muchos que se hicieron ricos recitando a Marx y centenares que usaron el nombre de Per\u00f3n para cosechar votos y recaudar ganancias. Esos fueron liberales con Menem y marxistoides con los Kirchner, en fin, no importan demasiado los colores de la murga si la paga permite el ascenso social.<\/p>\n<\/div>\n<\/div>\n<div class=\"row\">\n<div class=\"col-md-offset-1 col-md-10 col-xs-12 col-print-12\">\n<p class=\"element element-paragraph\">Hago esta larga introducci\u00f3n para definir a algunos personajes que intentan incluir al Santo Padre en la categor\u00eda de &#8220;populismo&#8221;, t\u00e9rmino que por su solo uso define al propietario como perteneciente a la categor\u00eda de la &#8220;gente bien pensante&#8221;. Si los cat\u00f3licos son una mayor\u00eda se corren de ese universo, no sea cosa que los confundan con las masas, los pueblos, las multitudes. Y ellos, los finos, muchos son ateos. Eso no est\u00e1 mal, cada uno tiene la fe que se le cante, eso s\u00ed, mientras respete la creencia de los dem\u00e1s.<\/p>\n<\/div>\n<\/div>\n<div class=\"row\">\n<div class=\"col-md-offset-1 col-md-10 col-xs-12 col-print-12\">\n<p class=\"element element-paragraph\">Los argentinos tenemos un Papa, un premio no so\u00f1ado ni mucho menos merecido. Esta es una distinci\u00f3n que define a la Iglesia pero tambi\u00e9n a la fe de su pueblo. <strong>Es un Sumo Pont\u00edice que asombra al mundo, que le devolvi\u00f3 a la fe cat\u00f3lica un lugar central en el concierto de los l\u00edderes de la humanidad.<\/strong> Somos raros, podemos aportar grandes pianistas o jugadores de f\u00fatbol y hasta un Papa, con escasos, muy escasos rescatables pol\u00edticos. La violencia se llev\u00f3 a buena parte de una generaci\u00f3n y la vocaci\u00f3n de vanguardia ilustrada a otro tanto de los pensadores que supimos conseguir. La fe de los pol\u00edticos no dio un Papa ni un Cardenal, apenas alg\u00fan p\u00e1rroco de pueblo perdido.<\/p>\n<\/div>\n<\/div>\n<div class=\"row\">\n<div class=\"col-md-offset-1 col-md-10 col-xs-12 col-print-12\">\n<p class=\"element element-paragraph\">Y eso duele, cuando el Presidente -que yo tambi\u00e9n vot\u00e9- se re\u00fane con el Papa\u00a0admirado por gran parte del mundo,y hay muchos que se enojan, que hacen una teolog\u00eda de la ausencia de sonrisa en la foto anterior.<\/p>\n<\/div>\n<\/div>\n<div class=\"row\">\n<div class=\"col-md-offset-1 col-md-10 col-xs-12 col-print-12\">\n<p class=\"element element-paragraph\">Quienes -como es mi caso- disfrutamos de la amistad de buena cantidad de pol\u00edticos antes de llegar al cargo, sabemos de sobra c\u00f3mo la soberbia induce al olvido. Esa historia la viv\u00ed personalmente con los Menem y los Kirchner y parecido la paso con los Macri; eso es lo que lo diferencia al Santo Padre. Sigue respetando a todos y cada uno de sus viejos amigos -de los de la mala- cuando los Kirchner y sus secuaces lo enfrentaban con todas sus armas. <strong>El Cardenal Bergoglio tuvo demasiada distancia con el autoritarismo de Santa Cruz como para tener que dar explicaciones. <\/strong>La Iglesia jug\u00f3 fuerte contra una concepci\u00f3n pol\u00edtica que arriesgaba lo peor en la Naci\u00f3n y en la Provincia. No tiene necesidad de explicar ni justificar nada.<\/p>\n<\/div>\n<\/div>\n<div class=\"row\">\n<div class=\"col-md-offset-1 col-md-10 col-xs-12 col-print-12\">\n<p class=\"element element-paragraph\">Ni el Papa es peronista ni mucho menos comparte con Per\u00f3n el espacio del &#8220;populismo&#8221; como le asignan los elegantes de los negocios o el intelecto, que casi siempre arriban a similares conclusiones (exquisiteces de la mirada).\u00a0 Lo que molesta de algunas concepciones es cuando marcan el lugar de los humildes, la fe naci\u00f3 entre los de abajo, gener\u00f3 su propia burocracia, sufri\u00f3 todas las desviaciones imaginables pero siempre logr\u00f3 recuperarse tomando distancia de las riquezas.<\/p>\n<\/div>\n<\/div>\n<div class=\"row\">\n<div class=\"col-md-offset-1 col-md-10 col-xs-12 col-print-12\">\n<p class=\"element element-paragraph\">Vivimos en un mundo donde la ca\u00edda del marxismo dejo progresismos aislados sin demasiadas opciones de poder. La Iglesia en el presente ocupa el lugar que demasiados imaginaban en manos de las fracasadas revoluciones. Los due\u00f1os del dinero se sintieron capacitados para la desmesura con la ca\u00edda del muro, la Iglesia termina siendo un l\u00edmite a la ambici\u00f3n de los concentradores de riqueza. Para ellos que lo diga Thomas Piketty es una cosa, que lo exprese el Santo Padre con el enorme valor de su palabra es para largar los perros a ladrar contra el enemigo &#8220;populista&#8221;. Del otro lado del populismo y la demagogia siempre est\u00e1n ellos, las elites de izquierda o de derecha, las exquisitas y sutiles minor\u00edas.<\/p>\n<\/div>\n<\/div>\n<div class=\"row\">\n<div class=\"col-md-offset-1 col-md-10 col-xs-12 col-print-12\">\n<p class=\"element element-paragraph\">Tenemos un Presidente democr\u00e1tico y conservador, con menos manejo de las relaciones que el autoritarismo derrotado. Nada para asignarle tama\u00f1a trascendencia a una foto con el Papa serio o a un rosario obsequiado a una detenida. Todos sabemos que el debate es otro, el Santo Padre no tiene problemas con nadie, menos con el Presidente, salvo cuando \u00e9ste expresa que prefiere manejar la relaci\u00f3n por la Canciller\u00eda. Con esta Canciller ya tenemos cubierta la cuota de derrotas por todo el tiempo que dure su mandato.<\/p>\n<\/div>\n<\/div>\n<div class=\"row\">\n<div class=\"col-md-offset-1 col-md-10 col-xs-12 col-print-12\">\n<p class=\"element element-paragraph\">La historia nos regal\u00f3 un Santo Padre, una figura que desborda a la misma Iglesia, que se impone en espacios de di\u00e1logo a los que \u00e9l mismo como nadie genera. El encuentro con el Presidente es importante, sin duda habr\u00e1 sonrisas y despu\u00e9s de esas fotos habr\u00e1 <strong>muchos que se quedar\u00e1n sin tema.<\/strong> Especialmente aquellos que quieren que el Papa piense como ellos, sin asumir que en ese caso nunca hubiera superado el humilde lugar de &#8220;cura p\u00e1rroco&#8221;.<\/p>\n<p class=\"element element-paragraph\">Fuente:<a href=\"http:\/\/www.infobae.com\/?noredirect\"> Infobae.com<\/a>\u00a0 \u00a0Julio B\u00e1rbaro<\/p>\n<\/div>\n<\/div>","protected":false},"excerpt":{"rendered":"<p>Ser superior, o al menos sentirse distinto a las mayor\u00edas, es una tentaci\u00f3n que inspira distintos caminos de la vida humana. Ricos o le\u00eddos, participar de las elites, ser alguien entre la multitud, \u00a1cu\u00e1nta energ\u00eda gastan los hombres en ese intento! Son muchos los que insisten en interrogarnos sobre qu\u00e9 diablos es el peronismo. La [&hellip;]<\/p>\n","protected":false},"author":4,"featured_media":19090,"comment_status":"open","ping_status":"open","sticky":false,"template":"","format":"standard","meta":{"site-sidebar-layout":"default","site-content-layout":"","ast-site-content-layout":"default","site-content-style":"default","site-sidebar-style":"default","ast-global-header-display":"","ast-banner-title-visibility":"","ast-main-header-display":"","ast-hfb-above-header-display":"","ast-hfb-below-header-display":"","ast-hfb-mobile-header-display":"","site-post-title":"","ast-breadcrumbs-content":"","ast-featured-img":"","footer-sml-layout":"","ast-disable-related-posts":"","theme-transparent-header-meta":"","adv-header-id-meta":"","stick-header-meta":"","header-above-stick-meta":"","header-main-stick-meta":"","header-below-stick-meta":"","astra-migrate-meta-layouts":"default","ast-page-background-enabled":"default","ast-page-background-meta":{"desktop":{"background-color":"","background-image":"","background-repeat":"repeat","background-position":"center center","background-size":"auto","background-attachment":"scroll","background-type":"","background-media":"","overlay-type":"","overlay-color":"","overlay-opacity":"","overlay-gradient":""},"tablet":{"background-color":"","background-image":"","background-repeat":"repeat","background-position":"center center","background-size":"auto","background-attachment":"scroll","background-type":"","background-media":"","overlay-type":"","overlay-color":"","overlay-opacity":"","overlay-gradient":""},"mobile":{"background-color":"","background-image":"","background-repeat":"repeat","background-position":"center center","background-size":"auto","background-attachment":"scroll","background-type":"","background-media":"","overlay-type":"","overlay-color":"","overlay-opacity":"","overlay-gradient":""}},"ast-content-background-meta":{"desktop":{"background-color":"var(--ast-global-color-5)","background-image":"","background-repeat":"repeat","background-position":"center center","background-size":"auto","background-attachment":"scroll","background-type":"","background-media":"","overlay-type":"","overlay-color":"","overlay-opacity":"","overlay-gradient":""},"tablet":{"background-color":"var(--ast-global-color-5)","background-image":"","background-repeat":"repeat","background-position":"center center","background-size":"auto","background-attachment":"scroll","background-type":"","background-media":"","overlay-type":"","overlay-color":"","overlay-opacity":"","overlay-gradient":""},"mobile":{"background-color":"var(--ast-global-color-5)","background-image":"","background-repeat":"repeat","background-position":"center center","background-size":"auto","background-attachment":"scroll","background-type":"","background-media":"","overlay-type":"","overlay-color":"","overlay-opacity":"","overlay-gradient":""}},"footnotes":""},"categories":[12,1],"tags":[],"class_list":["post-19089","post","type-post","status-publish","format-standard","has-post-thumbnail","hentry","category-opinion","category-sin-categoria"],"spectra_blocks_featured_image_url":{"thumbnail":{"url":"https:\/\/100xd.com.ar\/wp-content\/uploads\/2016\/10\/descarga-150x150.jpg","width":150,"height":150},"medium":{"url":"https:\/\/100xd.com.ar\/wp-content\/uploads\/2016\/10\/descarga-300x300.jpg","width":300,"height":300},"medium_large":{"url":"https:\/\/100xd.com.ar\/wp-content\/uploads\/2016\/10\/descarga.jpg","width":768,"height":768},"large":{"url":"https:\/\/100xd.com.ar\/wp-content\/uploads\/2016\/10\/descarga.jpg","width":992,"height":992},"full":{"url":"https:\/\/100xd.com.ar\/wp-content\/uploads\/2016\/10\/descarga.jpg","width":992,"height":992}},"spectra_blocks_author_info":{"display_name":"Facundo Novillo","avatar_url":"https:\/\/secure.gravatar.com\/avatar\/09745bc65ce6bf84291d6515d5f759c04b4fce4f329b8a975a8ac2982b552d3e?s=96&d=mm&r=g","author_link":"https:\/\/100xd.com.ar\/es\/author\/facundo\/","description":""},"_links":{"self":[{"href":"https:\/\/100xd.com.ar\/es\/wp-json\/wp\/v2\/posts\/19089","targetHints":{"allow":["GET"]}}],"collection":[{"href":"https:\/\/100xd.com.ar\/es\/wp-json\/wp\/v2\/posts"}],"about":[{"href":"https:\/\/100xd.com.ar\/es\/wp-json\/wp\/v2\/types\/post"}],"author":[{"embeddable":true,"href":"https:\/\/100xd.com.ar\/es\/wp-json\/wp\/v2\/users\/4"}],"replies":[{"embeddable":true,"href":"https:\/\/100xd.com.ar\/es\/wp-json\/wp\/v2\/comments?post=19089"}],"version-history":[{"count":3,"href":"https:\/\/100xd.com.ar\/es\/wp-json\/wp\/v2\/posts\/19089\/revisions"}],"predecessor-version":[{"id":19093,"href":"https:\/\/100xd.com.ar\/es\/wp-json\/wp\/v2\/posts\/19089\/revisions\/19093"}],"wp:featuredmedia":[{"embeddable":true,"href":"https:\/\/100xd.com.ar\/es\/wp-json\/wp\/v2\/media\/19090"}],"wp:attachment":[{"href":"https:\/\/100xd.com.ar\/es\/wp-json\/wp\/v2\/media?parent=19089"}],"wp:term":[{"taxonomy":"category","embeddable":true,"href":"https:\/\/100xd.com.ar\/es\/wp-json\/wp\/v2\/categories?post=19089"},{"taxonomy":"post_tag","embeddable":true,"href":"https:\/\/100xd.com.ar\/es\/wp-json\/wp\/v2\/tags?post=19089"}],"curies":[{"name":"wp","href":"https:\/\/api.w.org\/{rel}","templated":true}]}}