{"id":18779,"date":"2016-10-12T11:58:08","date_gmt":"2016-10-12T14:58:08","guid":{"rendered":"http:\/\/www.100xd.com.ar\/?p=18779"},"modified":"2016-10-12T11:58:13","modified_gmt":"2016-10-12T14:58:13","slug":"maria-julia-alsogaray-quedo-en-libertad","status":"publish","type":"post","link":"https:\/\/100xd.com.ar\/es\/maria-julia-alsogaray-quedo-en-libertad\/","title":{"rendered":"Mar\u00eda Julia Alsogaray qued\u00f3 en libertad"},"content":{"rendered":"<div class=\"row\">\n<div class=\"col-md-offset-1 col-md-10 col-xs-12 col-print-12\">\n<p class=\"element element-paragraph\">La ex funcionaria menemista <strong>Mar\u00eda Julia Alsogaray<\/strong> qued\u00f3 el viernes pasado en libertad condicional porque cumpli\u00f3 las dos terceras partes de las dos condenas firmes que tiene por hechos de corrupci\u00f3n y por las que recibi\u00f3 una pena unificada de cinco a\u00f1os de prisi\u00f3n.<\/p>\n<\/div>\n<\/div>\n<div class=\"row\">\n<div class=\"col-md-offset-1 col-md-10 col-xs-12 col-print-12\">\n<p class=\"element element-paragraph\">Fuentes judiciales informaron a <strong>Infobae<\/strong> que el juez <strong>Jos\u00e9 Mart\u00ednez Sobrino<\/strong>, integrante del Tribunal Oral Federal (TOF) 6 y magistrado a cargo de la ejecuci\u00f3n de la pena de Alsogaray, le otorg\u00f3 la libertad condicional a la ex funcionaria porque cumpli\u00f3 la proporci\u00f3n de la pena para acceder a ese beneficio.<\/p>\n<\/div>\n<\/div>\n<div class=\"row\">\n<div class=\"col-md-offset-1 col-md-10 col-xs-12 col-print-12\">\n<p class=\"element element-paragraph\">La decisi\u00f3n fue tomada el viernes pasado y lleg\u00f3 como regalo de cumplea\u00f1os: el s\u00e1bado 8 de octubre cumpli\u00f3 74 a\u00f1os. Naci\u00f3 el mismo d\u00eda que el ex presidente Juan Domingo Per\u00f3n.<\/p>\n<\/div>\n<\/div>\n<div class=\"row\">\n<div class=\"col-md-offset-1 col-md-10 col-xs-12 col-print-12\">\n<p class=\"element element-paragraph\"><a href=\"http:\/\/www.infobae.com\/2015\/02\/19\/1627879-maria-julia-alsogaray-recibio-una-nueva-condena-pero-seguira-libertad\/\" target=\"_blank\"><strong>LEA M\u00c1S:\u00a0<\/strong>Mar\u00eda Julia Alsogaray recibi\u00f3 una nueva condena, pero seguir\u00e1 en libertad<\/a><\/p>\n<\/div>\n<\/div>\n<div class=\"row\">\n<div class=\"col-md-offset-1 col-md-10 col-xs-12 col-print-12\">\n<p class=\"element element-paragraph\"><span class=\"body-text-highlight\">La ex funcionaria ten\u00eda una condena a una pena \u00fanica de cinco a\u00f1os de prisi\u00f3n por dos condenas por hechos de corrupci\u00f3n que estaban firmes: a tres a\u00f1os y medio de prisi\u00f3n por enriquecimiento il\u00edcito que le impuso el TOF 4 en mayo de 2004, y a\u00a0cuatro a\u00f1os por defraudaci\u00f3n por administraci\u00f3n fraudulenta en perjuicio de una administraci\u00f3n p\u00fablica por la privatizaci\u00f3n de Entel que recibi\u00f3 en abril de 2014 de parte del TOF 6.<\/span><\/p>\n<\/div>\n<\/div>\n<div class=\"row\">\n<div class=\"col-md-offset-1 col-md-10 col-xs-12 col-print-12\">\n<p class=\"element element-paragraph\">Las dos eran de cumplimiento efectivo y recibi\u00f3 una pena \u00fanica de cinco a\u00f1os de prisi\u00f3n. Cuando la segunda qued\u00f3 firme se ejecut\u00f3 la pena y Alsogaray la cumpli\u00f3 bajo la condena de arresto domiciliario en su casa de la calle Jun\u00edn al 1400 desde marzo de 2015. El TOF 6 le otorg\u00f3 la prisi\u00f3n domiciliaria porque ten\u00eda m\u00e1s de 70 a\u00f1os y la ley permite la modalidad para las personas mayores de edad.<\/p>\n<\/div>\n<\/div>\n<div class=\"row\">\n<div class=\"col-md-offset-1 col-md-10 col-xs-12 col-print-12\">\n<p class=\"element element-paragraph\"><strong>Alsogaray ya hab\u00eda estado detenida casi dos a\u00f1os \u2013de agosto de 2003 a mayo de 2005\u2013 por el c\u00famulo de causas de corrupci\u00f3n<\/strong> y a ese tiempo se sum\u00f3 el a\u00f1o y siete meses de detenci\u00f3n para llegar a los dos tercios de la pena de cinco a\u00f1os y as\u00ed acceder a la libertad condicional.<\/p>\n<\/div>\n<\/div>\n<div class=\"row\">\n<figure class=\"element element-image\">\n<div class=\"col-md-push-1 col-md-10 caption-below\">\n<div class=\"single-image\">\n<div class=\"shares\"><\/div>\n<p><img decoding=\"async\" id=\"Z3YJ42M35BCRDF7C3YHFSD2TRQ\" class=\"image-lazy\" src=\"http:\/\/www.infobae.com\/resizer\/?op=resize&amp;url=https%3a%2f%2fs3.amazonaws.com%2farc-wordpress-client-uploads%2finfobae-wp%2fwp-content%2fuploads%2f2016%2f10%2f12092527%2fMaria-Julia-Alsogaray-retrato-tribunales-1920.jpg&amp;mode=crop&amp;w=600&amp;q=75&amp;token=bar\" alt=\"(T\u00e9lam)\" width=\"600\" height=\"337.1875\" data-url=\"http:\/\/www.infobae.com\/politica\/2016\/10\/12\/maria-julia-alsogaray-quedo-en-libertad\/%23Z3YJ42M35BCRDF7C3YHFSD2TRQ\" data-original=\"http:\/\/www.infobae.com\/resizer\/?op=resize&amp;url=https%3a%2f%2fs3.amazonaws.com%2farc-wordpress-client-uploads%2finfobae-wp%2fwp-content%2fuploads%2f2016%2f10%2f12092527%2fMaria-Julia-Alsogaray-retrato-tribunales-1920.jpg&amp;mode=crop&amp;w=600&amp;q=75&amp;token=bar\"  title=\"Mar\u00eda Julia Alsogaray qued\u00f3 en libertad\" \/><\/p>\n<\/div>\n<\/div><figcaption class=\"col-md-push-1 col-md-10 caption-below\"><span class=\"credit\">(T\u00e9lam)<\/span><\/figcaption><\/figure>\n<\/div>\n<div class=\"row\">\n<div class=\"col-md-offset-1 col-md-10 col-xs-12 col-print-12\">\n<p class=\"element element-paragraph\">Con la libertad condicional, el juez Mart\u00ednez Sobrino le impuso dos obligaciones: fijar domicilio y la prohibici\u00f3n de salida del pa\u00eds sin autorizaci\u00f3n del tribunal.<\/p>\n<\/div>\n<\/div>\n<div class=\"row\">\n<div class=\"col-md-offset-1 col-md-10 col-xs-12 col-print-12\">\n<p class=\"element element-paragraph\"><a href=\"http:\/\/www.infobae.com\/2015\/03\/05\/1713973-maria-julia-alsogaray-debera-cumplir-cuatro-anos-prision-domiciliaria\/\" target=\"_blank\"><strong>LEA M\u00c1S:\u00a0<\/strong>Mar\u00eda Julia Alsogaray deber\u00e1 cumplir cuatro a\u00f1os de prisi\u00f3n domiciliaria<\/a><\/p>\n<\/div>\n<\/div>\n<div class=\"row\">\n<div class=\"col-md-offset-1 col-md-10 col-xs-12 col-print-12\">\n<p class=\"element element-paragraph\"><strong>Alsogaray ya fue juzgada en siete juicios orales.<\/strong> Adem\u00e1s de las condenas por enriquecimiento il\u00edcito y por la privatizaci\u00f3n de Entel tambi\u00e9n recibi\u00f3 cuatro a\u00f1os de prisi\u00f3n por la contrataci\u00f3n irregular de personal en la Secretar\u00eda de Medio Ambiente y Recursos Naturales y tres a\u00f1os y seis meses de c\u00e1rcel por las obras de refacci\u00f3n en el mismo organismo. Esas condenas todav\u00eda no est\u00e1n firmes.<\/p>\n<\/div>\n<\/div>\n<div class=\"row\">\n<div class=\"col-md-offset-1 col-md-10 col-xs-12 col-print-12\">\n<p class=\"element element-paragraph\">En otros tres juicios fue absuelta: por los sobresueldos cobrados durante el menemismo, por la venta de un predio de la ex Entel y por presuntas irregularidades en el &#8220;Plan Nacional del Manejo del Fuego&#8221;.<\/p>\n<\/div>\n<\/div>\n<div class=\"row\">\n<div class=\"col-md-offset-1 col-md-10 col-xs-12 col-print-12\">\n<p class=\"element element-paragraph\"><a href=\"http:\/\/www.infobae.com\/2015\/09\/23\/1757512-ratificaron-la-condena-contra-maria-julia-alsogaray-una-causa-corrupcion\/\" target=\"_blank\"><strong>LEA M\u00c1S:<\/strong> Ratificaron la condena contra Mar\u00eda Julia Alsogaray en una causa por corrupci\u00f3<\/a><\/p>\n<\/div>\n<\/div>\n<div class=\"row\">\n<div class=\"col-md-offset-1 col-md-10 col-xs-12 col-print-12\">\n<p class=\"element element-paragraph\">S\u00edmbolo de la corrupci\u00f3n menemista, Alsogaray ocup\u00f3 varios cargos durante esa gesti\u00f3n. Estuvo al frente de la privatizaci\u00f3n de Entel, fue apoderada de Socma y titular de la Secretar\u00eda de Medio Ambiente. En la d\u00e9cada del 80 fue diputada nacional de la Ucede, el partido fundado por su padre \u00c1lvaro Alsogaray, que se ali\u00f3 al menemismo cuando lleg\u00f3 al gobierno en 1989.<\/p>\n<\/div>\n<\/div>\n<div class=\"row\">\n<div class=\"col-md-offset-1 col-md-10 col-xs-12 col-print-12\">\n<p class=\"element element-paragraph\">Adem\u00e1s de la corrupci\u00f3n, los dos hechos m\u00e1s recordados de Alsogaray no est\u00e1n vinculados con la gesti\u00f3n. Prometi\u00f3 limpiar el Riachuelo en 1000 d\u00edas y fue tapa de la revista Noticias desnuda con un tapado de piel.<\/p>\n<p class=\"element element-paragraph\">Fuente: <a href=\"http:\/\/www.infobae.com\/\">Infobae.com<\/a><\/p>\n<\/div>\n<\/div>","protected":false},"excerpt":{"rendered":"<p>La ex funcionaria menemista Mar\u00eda Julia Alsogaray qued\u00f3 el viernes pasado en libertad condicional porque cumpli\u00f3 las dos terceras partes de las dos condenas firmes que tiene por hechos de corrupci\u00f3n y por las que recibi\u00f3 una pena unificada de cinco a\u00f1os de prisi\u00f3n. Fuentes judiciales informaron a Infobae que el juez Jos\u00e9 Mart\u00ednez Sobrino, [&hellip;]<\/p>\n","protected":false},"author":4,"featured_media":18780,"comment_status":"open","ping_status":"open","sticky":false,"template":"","format":"standard","meta":{"site-sidebar-layout":"default","site-content-layout":"","ast-site-content-layout":"default","site-content-style":"default","site-sidebar-style":"default","ast-global-header-display":"","ast-banner-title-visibility":"","ast-main-header-display":"","ast-hfb-above-header-display":"","ast-hfb-below-header-display":"","ast-hfb-mobile-header-display":"","site-post-title":"","ast-breadcrumbs-content":"","ast-featured-img":"","footer-sml-layout":"","ast-disable-related-posts":"","theme-transparent-header-meta":"","adv-header-id-meta":"","stick-header-meta":"","header-above-stick-meta":"","header-main-stick-meta":"","header-below-stick-meta":"","astra-migrate-meta-layouts":"default","ast-page-background-enabled":"default","ast-page-background-meta":{"desktop":{"background-color":"","background-image":"","background-repeat":"repeat","background-position":"center center","background-size":"auto","background-attachment":"scroll","background-type":"","background-media":"","overlay-type":"","overlay-color":"","overlay-opacity":"","overlay-gradient":""},"tablet":{"background-color":"","background-image":"","background-repeat":"repeat","background-position":"center center","background-size":"auto","background-attachment":"scroll","background-type":"","background-media":"","overlay-type":"","overlay-color":"","overlay-opacity":"","overlay-gradient":""},"mobile":{"background-color":"","background-image":"","background-repeat":"repeat","background-position":"center center","background-size":"auto","background-attachment":"scroll","background-type":"","background-media":"","overlay-type":"","overlay-color":"","overlay-opacity":"","overlay-gradient":""}},"ast-content-background-meta":{"desktop":{"background-color":"var(--ast-global-color-5)","background-image":"","background-repeat":"repeat","background-position":"center center","background-size":"auto","background-attachment":"scroll","background-type":"","background-media":"","overlay-type":"","overlay-color":"","overlay-opacity":"","overlay-gradient":""},"tablet":{"background-color":"var(--ast-global-color-5)","background-image":"","background-repeat":"repeat","background-position":"center center","background-size":"auto","background-attachment":"scroll","background-type":"","background-media":"","overlay-type":"","overlay-color":"","overlay-opacity":"","overlay-gradient":""},"mobile":{"background-color":"var(--ast-global-color-5)","background-image":"","background-repeat":"repeat","background-position":"center center","background-size":"auto","background-attachment":"scroll","background-type":"","background-media":"","overlay-type":"","overlay-color":"","overlay-opacity":"","overlay-gradient":""}},"footnotes":""},"categories":[2],"tags":[],"class_list":["post-18779","post","type-post","status-publish","format-standard","has-post-thumbnail","hentry","category-politica"],"spectra_blocks_featured_image_url":{"thumbnail":{"url":"https:\/\/100xd.com.ar\/wp-content\/uploads\/2016\/10\/maria-150x150.jpg","width":150,"height":150},"medium":{"url":"https:\/\/100xd.com.ar\/wp-content\/uploads\/2016\/10\/maria-300x169.jpg","width":300,"height":169},"medium_large":{"url":"https:\/\/100xd.com.ar\/wp-content\/uploads\/2016\/10\/maria.jpg","width":600,"height":337},"large":{"url":"https:\/\/100xd.com.ar\/wp-content\/uploads\/2016\/10\/maria.jpg","width":600,"height":337},"full":{"url":"https:\/\/100xd.com.ar\/wp-content\/uploads\/2016\/10\/maria.jpg","width":600,"height":337}},"spectra_blocks_author_info":{"display_name":"Facundo Novillo","avatar_url":"https:\/\/secure.gravatar.com\/avatar\/09745bc65ce6bf84291d6515d5f759c04b4fce4f329b8a975a8ac2982b552d3e?s=96&d=mm&r=g","author_link":"https:\/\/100xd.com.ar\/es\/author\/facundo\/","description":""},"_links":{"self":[{"href":"https:\/\/100xd.com.ar\/es\/wp-json\/wp\/v2\/posts\/18779","targetHints":{"allow":["GET"]}}],"collection":[{"href":"https:\/\/100xd.com.ar\/es\/wp-json\/wp\/v2\/posts"}],"about":[{"href":"https:\/\/100xd.com.ar\/es\/wp-json\/wp\/v2\/types\/post"}],"author":[{"embeddable":true,"href":"https:\/\/100xd.com.ar\/es\/wp-json\/wp\/v2\/users\/4"}],"replies":[{"embeddable":true,"href":"https:\/\/100xd.com.ar\/es\/wp-json\/wp\/v2\/comments?post=18779"}],"version-history":[{"count":2,"href":"https:\/\/100xd.com.ar\/es\/wp-json\/wp\/v2\/posts\/18779\/revisions"}],"predecessor-version":[{"id":18782,"href":"https:\/\/100xd.com.ar\/es\/wp-json\/wp\/v2\/posts\/18779\/revisions\/18782"}],"wp:featuredmedia":[{"embeddable":true,"href":"https:\/\/100xd.com.ar\/es\/wp-json\/wp\/v2\/media\/18780"}],"wp:attachment":[{"href":"https:\/\/100xd.com.ar\/es\/wp-json\/wp\/v2\/media?parent=18779"}],"wp:term":[{"taxonomy":"category","embeddable":true,"href":"https:\/\/100xd.com.ar\/es\/wp-json\/wp\/v2\/categories?post=18779"},{"taxonomy":"post_tag","embeddable":true,"href":"https:\/\/100xd.com.ar\/es\/wp-json\/wp\/v2\/tags?post=18779"}],"curies":[{"name":"wp","href":"https:\/\/api.w.org\/{rel}","templated":true}]}}