{"id":18385,"date":"2016-10-03T13:27:57","date_gmt":"2016-10-03T16:27:57","guid":{"rendered":"http:\/\/www.100xd.com.ar\/?p=18385"},"modified":"2016-10-03T13:28:02","modified_gmt":"2016-10-03T16:28:02","slug":"macri-renegocia-el-contrato-de-cambiemos","status":"publish","type":"post","link":"https:\/\/100xd.com.ar\/es\/macri-renegocia-el-contrato-de-cambiemos\/","title":{"rendered":"Macri renegocia el contrato de Cambiemos"},"content":{"rendered":"<p class=\"primero\">Mauricio Macri relanzar\u00e1 ma\u00f1ana, a las 18.30, en un local de Defensa 273, la coalici\u00f3n que lo llev\u00f3 al triunfo: Cambiemos. Ser\u00e1 la temprana expresi\u00f3n de un dato que ocultan las encuestas. El com\u00fan de la gente est\u00e1 inquieto por la inseguridad y las perspectivas econ\u00f3micas. Pero la clase pol\u00edtica ya tiene puesta la cabeza en la pr\u00f3xima disputa electoral. Se observa, adem\u00e1s, una rareza. Esta vez los mercados coinciden con los pol\u00edticos. La prioridad est\u00e1 en las urnas. Para verificar la consistencia de un oficialismo que lleg\u00f3 al poder impulsado por muchos factores aleatorios, hay que esperar el recuento de los votos. Jaime Dur\u00e1n Barba se lo explica a Macri en estos t\u00e9rminos: &#8220;Hasta ahora ganaste el gobierno. Todav\u00eda te falta ganar el poder&#8221;.<\/p>\n<p>La presentaci\u00f3n de la conducci\u00f3n nacional de Cambiemos no obedece s\u00f3lo a esa prematura urgencia electoral. Macri y su equipo juegan partidas simult\u00e1neas en varios frentes que los obligan a alinear el frente interno. La creencia, tambi\u00e9n inculcada por el pedagogo ecuatoriano, de que la vida p\u00fablica se ordena por una relaci\u00f3n entre el l\u00edder y la ciudadan\u00eda para la cual alcanza con la mediaci\u00f3n de las redes sociales ha demostrado en nueve meses sus limitaciones.<\/p>\n<aside class=\"banner caja2\" data-adpos=\"caja2\">\n<div id=\"eplAdDivcaja2\">.<\/div>\n<\/aside>\n<p>El &#8220;c\u00edrculo rojo&#8221; de Macri, que es el primo hermano de las &#8220;corporaciones&#8221; de Cristina Kirchner, condiciona a la administraci\u00f3n todos los d\u00edas. Un ejemplo: el jueves pasado el Gobierno termin\u00f3 aceptando la necesidad de ese pacto social que Alfonso Prat-Gay hab\u00eda recomendado a comienzos a a\u00f1o. Macri debe definir una estrategia frente a los jueces, los gobernadores, los sindicatos, los bloques de la oposici\u00f3n, la Iglesia y los movimientos sociales. Y esa necesidad genera tensiones en la estructura que \u00e9l encabeza.<\/p>\n<aside class=\"S relacionadas\">\n<div class=\"techo\">M\u00e1s notas para entender este tema<\/div>\n<hr \/>\n<h3>Creen que los ejes de campa\u00f1a a\u00fan est\u00e1n lejos de ser realidad<\/h3>\n<\/aside>\n<p>Apenas llegaron a la Casa Rosada, Macri, Dur\u00e1n y Marcos Pe\u00f1a, que son el n\u00facleo \u00edntimo del oficialismo, se replegaron sobre su gen\u00e9tica: ser lo nuevo contra lo viejo. Quien mejor frasea ese concepto, Pe\u00f1a, a menudo sustituye la expresi\u00f3n &#8220;el Gobierno&#8221; por &#8220;el cambio&#8221;. El cambio es el sujeto de la gesti\u00f3n. Y lo que debe ser cambiado no es el kirchnerismo. Es la pol\u00edtica tal como se la practic\u00f3 hasta ahora. Nada que sorprenda. Pro naci\u00f3 en el clima antipol\u00edtico del gran malestar del a\u00f1o 2001.<\/p>\n<aside class=\"banner caja3\" data-adpos=\"caja3\">\n<div id=\"eplAdDivcaja3\">.<\/div>\n<\/aside>\n<p>La oposici\u00f3n viejo\/nuevo fue aprovechada por los gobernadores peronistas, urgidos a cambiar de piel frente al inconveniente espect\u00e1culo de una corrupci\u00f3n que habr\u00eda sido s\u00f3lo kirchnerista. L\u00e1zaro B\u00e1ez y Jos\u00e9 L\u00f3pez han sido los involuntarios impulsores de la segunda renovaci\u00f3n del PJ. La foto con Macri, con el cambio, se convirti\u00f3 en el certificado de que se hab\u00eda atravesado el Jord\u00e1n. El Gobierno festeja porque los conversos provinciales controlan el Senado, donde la oposici\u00f3n podr\u00eda volverse obstructiva. Esos mandatarios prestan el servicio con generosidad. La mayor\u00eda de ellos -U\u00f1ac, Peppo, Bordet, Casas, Passalacqua, Bertone, Manzur- est\u00e1n concentrados en el parricidio de sus antecesores, para controlar las palancas de sus feudos. Quien regentea esa convergencia es Rogelio Frigerio, y lo hace con tanto entusiasmo que, por momentos, se vuelve sospechoso. En la boda de Juan Manuel Urtubey, por ejemplo, cant\u00f3 la Marcha con m\u00e1s convicci\u00f3n que el propio novio. Parec\u00eda Hugo del Carril.<\/p>\n<p>El idilio entre la administraci\u00f3n central y el PJ federal hace juego con la psicolog\u00eda de Macri. \u00bfPara qu\u00e9 molestar con actores innecesarios a una cofrad\u00eda gerencial dedicada a &#8220;resolver los problemas de la gente&#8221;? El drama es siempre el mismo: la pol\u00edtica. La camarader\u00eda con los gobernadores, que el Presidente cultiva con llamadas telef\u00f3nicas, produce efectos no deseados. Gran parte del electorado de las provincias peronistas identifica al gobernador como el representante local de Macri. Esta constataci\u00f3n obliga al rescate de Cambiemos.<\/p>\n<aside class=\"banner caja4\" data-adpos=\"caja4\">\n<div id=\"eplAdDivcaja4\">.<\/div>\n<\/aside>\n<p>Los m\u00e1s interesados en revalorizar esa coalici\u00f3n son los radicales que compiten con gobernadores peronistas. Para Macri es una incomodidad. En su cabeza de ingeniero, formada en Socma, la UCR es una legi\u00f3n parasitaria de abogados con intereses intangibles y anticuados. Ni siquiera aporta un monto de poder que le permita prescindir del PJ, sobre todo en el Senado. Sin embargo, un conflicto con el radicalismo ser\u00eda grav\u00edsimo para su capacidad electoral y parlamentaria. Por eso el relanzamiento de Cambiemos. Pro, la UCR y tambi\u00e9n la Coalici\u00f3n C\u00edvica est\u00e1n renegociando su contrato.<\/p>\n<p>La tarea enfrenta un l\u00edmite estructural. Cambiemos no es una alianza entre fuerzas convencionales como, por ejemplo, el socialismo y la democracia cristiana, en Chile. Es la asociaci\u00f3n entre un partido personal, Pro; otro horizontal e institucionalista, la UCR, y la Coalici\u00f3n C\u00edvica, que se centra en el implacable liderazgo moral de Elisa Carri\u00f3. Distintas culturas. Distintos incentivos. Los radicales jam\u00e1s se inclinar\u00e1n ante Macri como si fuera un nuevo Alfons\u00edn. Es obvio que Carri\u00f3 no acepta jefaturas. Y es una inc\u00f3gnita si Macri puede establecer un v\u00ednculo sin esa pleites\u00eda.<\/p>\n<p>Estos problemas de ensamblaje ganan espacio cuando se precipita el cronograma electoral. Se not\u00f3 el martes pasado, cuando dirigentes de Pro (Pe\u00f1a, Vidal, Rodr\u00edguez Larreta, Monz\u00f3, Schiavoni), entre los que no estuvo Gabriela Michetti, a pesar de conducir el Senado, comieron en el reservado de Oviedo con los radicales Corral, Rozas, Negri, Morales y Sanz. El chaque\u00f1o Rozas fue el m\u00e1s pragm\u00e1tico. Se quej\u00f3 de que los l\u00edderes provinciales de Cambiemos carecen de recursos para enfrentar a los gobernadores peronistas. &#8220;\u00bfAd\u00f3nde van los 140.000 millones que maneja Carolina Stanley en asistencia social? -se pregunt\u00f3-, porque nosotros no los vemos.&#8221; Cada radical mencion\u00f3 alguna delegaci\u00f3n del PAMI o de la Anses que sigue en manos de La C\u00e1mpora. Hubo mortificaciones: hay distritos donde los peronistas reciben los programas de la administraci\u00f3n central, les cambian el nombre y hacen publicidad como si fueran propios. Nadie tuvo el mal gusto de mencionar la cuesti\u00f3n de fondo: \u00bfc\u00f3mo se armar\u00e1n las listas el a\u00f1o pr\u00f3ximo?<\/p>\n<p>Sobre este panorama se recortan encrucijadas particulares. En C\u00f3rdoba, por ejemplo, el radicalismo y Pro deben asimilar que Macri y Schiaretti son amigos desde la \u00e9poca en que el Presidente gerenciaba Sevel y el gobernador era secretario de Industria de Carlos Menem. Por si no alcanzara ese antecedente, el consultor Guillermo Seita administra un corredor invisible entre C\u00f3rdoba y el gobierno nacional. Schiaretti utiliza esas conexiones. Apenas el diputado Nicol\u00e1s Massot y el intendente Ram\u00f3n Mestre exigieron que los recursos se repartan entre los municipios con la misma neutralidad con que la Naci\u00f3n los gira a las provincias, el gobernador pidi\u00f3 que le cambien los interlocutores. Incre\u00edble: lo logr\u00f3. El pacto entre Macri y Schiaretti, igual, est\u00e1 en peligro. No lo amenazan los cordobeses de Cambiemos. Depende de la estrategia del poderoso Jos\u00e9 Manuel de la Sota. Es un secreto.<\/p>\n<p>La provincia de Buenos Aires es una mamushka de enigmas. El m\u00e1s relevante, las relaciones con Carri\u00f3. La diputada hace campa\u00f1a en el distrito. All\u00ed hay que buscar la clave de dos viajes. Uno a Italia, donde encontr\u00f3 informaci\u00f3n sobre los Scioli. Y otro a Paraguay, donde le hablaron de Ibar P\u00e9rez Corradi, An\u00edbal Fern\u00e1ndez, Antonio Stiuso y hasta de la jueza Sandra Arroyo Salgado. La fiscal que indag\u00f3 al narco en Asunci\u00f3n se qued\u00f3 con cuatro celulares que encierran muchas claves de la pol\u00edtica argentina.<\/p>\n<p>Carri\u00f3 exige a Macri algo m\u00e1s dif\u00edcil de conceder que un plan electoral. Le pide un programa de regeneraci\u00f3n pol\u00edtica. El problema es que para hacerlo no va a Oviedo. Desde el borde de su propia fuerza pol\u00edtica, reclama por televisi\u00f3n. La semana pasada pidi\u00f3 otra vez la renuncia de Silvia Majdalani, \u00e1lter ego del opulento kirchnerista Francisco Larcher, a la subdirecci\u00f3n de la AFI. Y dio un paso m\u00e1s all\u00e1: dijo que iba a investigar los negocios de los importadores de Tierra del Fuego. \u00bfEs otra pista para llegar a Daniel Scioli? \u00bfO le apunt\u00f3 a Nicol\u00e1s Caputo, amigo de Macri y padrino de Majdalani? Carri\u00f3 pidi\u00f3 una reuni\u00f3n con la Bicameral de Inteligencia del Congreso para destrozar a Majdalani. En este contexto se justifica una pregunta: \u00bfir\u00e1 la diputada al lanzamiento de ma\u00f1ana? S\u00ed, desafiando al m\u00e9dico. Carri\u00f3 tuvo un percance que la oblig\u00f3 a internarse por unas horas en el sanatorio Austral.<\/p>\n<p>La provincia de Buenos Aires esconde otro acertijo. Margarita Stolbizer. Y detr\u00e1s de ella, Sergio Massa. El Gobierno oculta bajo siete llaves sus \u00faltimas encuestas. En una de ellas, Massa\/Stolbizer superan en intenci\u00f3n de voto a Macri en el conurbano, por el caudal de la zona norte. Lo que es peor: una f\u00f3rmula Cristina Kirchner\/Daniel Scioli saldr\u00eda segunda, por el atractivo sobre la zona sur. Otro estudio, de Poliarqu\u00eda, muestra un triple empate en el Gran Buenos Aires. Por supuesto, son hip\u00f3tesis alarmistas por lo precoces. En los estudios cualitativos la gente s\u00f3lo registra dos liderazgos operativos: el de Macri y el de la ex presidenta. Y Macri tiene mucho mejor imagen que ella. Adem\u00e1s, hay dos factores a favor del oficialismo: el prestigio de Mar\u00eda Eugenia Vidal, que est\u00e1 en 65%, 20 puntos por encima de la de Macri, y la obra p\u00fablica. Cercada por estos dilemas, Vidal debe decidir. En diciembre, \u00bfvolver\u00e1 a entregar a Massa, en la persona de Jorge Sarghini, el control de la C\u00e1mara de Diputados provincial?<\/p>\n<p>La Capital es otra colina en disputa. Hace dos lunes, en lo del magnate Jack Rosen, Macri le pidi\u00f3 a Mart\u00edn Lousteau que describa las relaciones con la oposici\u00f3n, &#8220;ya que \u00e9l nos enfrent\u00f3, pero ahora es parte del equipo&#8221;. Lousteau cumpli\u00f3 con el pedido, pero, al final, descerraj\u00f3, sin previo aviso: &#8220;El a\u00f1o que viene vuelvo para competir&#8221;. \u00bfSe lo contaron a Rodr\u00edguez Larreta en Oviedo? Relevante: Lousteau fue aliado de Stolbizer. Una asociaci\u00f3n entre ellos ser\u00eda una carambola a tres bandas: afectar\u00eda a Massa, a Macri y a Carri\u00f3.<\/p>\n<p>Pe\u00f1a organiz\u00f3 un almuerzo con Vidal y Rodr\u00edguez Larreta para indicar que Pro no se agota en el proyecto biogr\u00e1fico de Macri. Convoc\u00f3 a una asamblea de intendentes en Tecn\u00f3polis para inquietar a los gobernadores. E imagin\u00f3 la <i>remake<\/i> de ma\u00f1ana para aplacar a los radicales. Y a algunos macristas que tambi\u00e9n padecen la concordancia con el PJ. Pero ser\u00eda insuficiente responder a las disyuntivas de Cambiemos con este inventario t\u00e1ctico. Hasta ahora el factor principal de cohesi\u00f3n del grupo fue el mismo de su base electoral. El antikirchnerismo. Pero ese aglutinante se deteriora con el tiempo. Comienza a resultar evidente la ausencia de un prop\u00f3sito com\u00fan. El martes Sanz plante\u00f3 ese problema. \u00bfCu\u00e1l es el cometido de la coalici\u00f3n? \u00bfRefundar el bipartidismo en contradicci\u00f3n con el PJ? \u00bfO disolver a la UCR en una nueva transversalidad con componentes peronistas? S\u00f3lo Macri puede resolver el acertijo. Y de eso depende su lugar en la pol\u00edtica.<\/p>\n<p>Fuente: <a href=\"http:\/\/www.lanacion.com.ar\/\">La Nacion<\/a> \u00a0 Carlos Pagni<\/p>","protected":false},"excerpt":{"rendered":"<p>Mauricio Macri relanzar\u00e1 ma\u00f1ana, a las 18.30, en un local de Defensa 273, la coalici\u00f3n que lo llev\u00f3 al triunfo: Cambiemos. Ser\u00e1 la temprana expresi\u00f3n de un dato que ocultan las encuestas. El com\u00fan de la gente est\u00e1 inquieto por la inseguridad y las perspectivas econ\u00f3micas. Pero la clase pol\u00edtica ya tiene puesta la cabeza [&hellip;]<\/p>\n","protected":false},"author":4,"featured_media":18386,"comment_status":"open","ping_status":"open","sticky":false,"template":"","format":"standard","meta":{"site-sidebar-layout":"default","site-content-layout":"","ast-site-content-layout":"default","site-content-style":"default","site-sidebar-style":"default","ast-global-header-display":"","ast-banner-title-visibility":"","ast-main-header-display":"","ast-hfb-above-header-display":"","ast-hfb-below-header-display":"","ast-hfb-mobile-header-display":"","site-post-title":"","ast-breadcrumbs-content":"","ast-featured-img":"","footer-sml-layout":"","ast-disable-related-posts":"","theme-transparent-header-meta":"","adv-header-id-meta":"","stick-header-meta":"","header-above-stick-meta":"","header-main-stick-meta":"","header-below-stick-meta":"","astra-migrate-meta-layouts":"default","ast-page-background-enabled":"default","ast-page-background-meta":{"desktop":{"background-color":"","background-image":"","background-repeat":"repeat","background-position":"center center","background-size":"auto","background-attachment":"scroll","background-type":"","background-media":"","overlay-type":"","overlay-color":"","overlay-opacity":"","overlay-gradient":""},"tablet":{"background-color":"","background-image":"","background-repeat":"repeat","background-position":"center center","background-size":"auto","background-attachment":"scroll","background-type":"","background-media":"","overlay-type":"","overlay-color":"","overlay-opacity":"","overlay-gradient":""},"mobile":{"background-color":"","background-image":"","background-repeat":"repeat","background-position":"center center","background-size":"auto","background-attachment":"scroll","background-type":"","background-media":"","overlay-type":"","overlay-color":"","overlay-opacity":"","overlay-gradient":""}},"ast-content-background-meta":{"desktop":{"background-color":"var(--ast-global-color-5)","background-image":"","background-repeat":"repeat","background-position":"center center","background-size":"auto","background-attachment":"scroll","background-type":"","background-media":"","overlay-type":"","overlay-color":"","overlay-opacity":"","overlay-gradient":""},"tablet":{"background-color":"var(--ast-global-color-5)","background-image":"","background-repeat":"repeat","background-position":"center center","background-size":"auto","background-attachment":"scroll","background-type":"","background-media":"","overlay-type":"","overlay-color":"","overlay-opacity":"","overlay-gradient":""},"mobile":{"background-color":"var(--ast-global-color-5)","background-image":"","background-repeat":"repeat","background-position":"center center","background-size":"auto","background-attachment":"scroll","background-type":"","background-media":"","overlay-type":"","overlay-color":"","overlay-opacity":"","overlay-gradient":""}},"footnotes":""},"categories":[12],"tags":[],"class_list":["post-18385","post","type-post","status-publish","format-standard","has-post-thumbnail","hentry","category-opinion"],"spectra_blocks_featured_image_url":{"thumbnail":{"url":"https:\/\/100xd.com.ar\/wp-content\/uploads\/2016\/10\/carlitos-150x150.png","width":150,"height":150},"medium":{"url":"https:\/\/100xd.com.ar\/wp-content\/uploads\/2016\/10\/carlitos.png","width":180,"height":180},"medium_large":{"url":"https:\/\/100xd.com.ar\/wp-content\/uploads\/2016\/10\/carlitos.png","width":180,"height":180},"large":{"url":"https:\/\/100xd.com.ar\/wp-content\/uploads\/2016\/10\/carlitos.png","width":180,"height":180},"full":{"url":"https:\/\/100xd.com.ar\/wp-content\/uploads\/2016\/10\/carlitos.png","width":180,"height":180}},"spectra_blocks_author_info":{"display_name":"Facundo Novillo","avatar_url":"https:\/\/secure.gravatar.com\/avatar\/09745bc65ce6bf84291d6515d5f759c04b4fce4f329b8a975a8ac2982b552d3e?s=96&d=mm&r=g","author_link":"https:\/\/100xd.com.ar\/es\/author\/facundo\/","description":""},"_links":{"self":[{"href":"https:\/\/100xd.com.ar\/es\/wp-json\/wp\/v2\/posts\/18385","targetHints":{"allow":["GET"]}}],"collection":[{"href":"https:\/\/100xd.com.ar\/es\/wp-json\/wp\/v2\/posts"}],"about":[{"href":"https:\/\/100xd.com.ar\/es\/wp-json\/wp\/v2\/types\/post"}],"author":[{"embeddable":true,"href":"https:\/\/100xd.com.ar\/es\/wp-json\/wp\/v2\/users\/4"}],"replies":[{"embeddable":true,"href":"https:\/\/100xd.com.ar\/es\/wp-json\/wp\/v2\/comments?post=18385"}],"version-history":[{"count":1,"href":"https:\/\/100xd.com.ar\/es\/wp-json\/wp\/v2\/posts\/18385\/revisions"}],"predecessor-version":[{"id":18387,"href":"https:\/\/100xd.com.ar\/es\/wp-json\/wp\/v2\/posts\/18385\/revisions\/18387"}],"wp:featuredmedia":[{"embeddable":true,"href":"https:\/\/100xd.com.ar\/es\/wp-json\/wp\/v2\/media\/18386"}],"wp:attachment":[{"href":"https:\/\/100xd.com.ar\/es\/wp-json\/wp\/v2\/media?parent=18385"}],"wp:term":[{"taxonomy":"category","embeddable":true,"href":"https:\/\/100xd.com.ar\/es\/wp-json\/wp\/v2\/categories?post=18385"},{"taxonomy":"post_tag","embeddable":true,"href":"https:\/\/100xd.com.ar\/es\/wp-json\/wp\/v2\/tags?post=18385"}],"curies":[{"name":"wp","href":"https:\/\/api.w.org\/{rel}","templated":true}]}}